{"id":29460,"date":"2021-09-22T16:09:15","date_gmt":"2021-09-22T16:09:15","guid":{"rendered":"http:\/\/granadacostanacional.es\/?p=29460"},"modified":"2021-09-22T16:09:15","modified_gmt":"2021-09-22T16:09:15","slug":"el-odio-destructivo-del-separatismo-catalan","status":"publish","type":"post","link":"https:\/\/granadacostaglobal.es\/?p=29460","title":{"rendered":"EL ODIO DESTRUCTIVO DEL SEPARATISMO CATAL\u00c1N"},"content":{"rendered":"<p style=\"text-align: justify;\">All\u00e1 por el a\u00f1o 1930 el fil\u00f3sofo Vicente GAR-MAR escribi\u00f3: \u201cA una regi\u00f3n que es parte integrante del cuerpo de la Patria, no se le puede conceder m\u00e1s autonom\u00eda que la que tiene cada \u00f3rgano en nuestro propio cuerpo. Es infinitamente rid\u00edculo que una regi\u00f3n exija a la Patria, lo que no puede conseguir si no se lo da la Patria\u201d.<\/p>\n<p style=\"text-align: justify;\">\u00bfHa dejado de ser rid\u00edcula esta petici\u00f3n de los separatistas? \u00bfHa llegado ya el momento de descuartizar Espa\u00f1a? A la vista de los acontecimientos parece que s\u00ed: incumplimiento de la Constituci\u00f3n y de todas las decisiones judiciales, indultos a los condenados por un golpe de Estado, prohibiciones del idioma espa\u00f1ol en la ense\u00f1anza, en el hablar cotidiano, incluso en los hospitales, rotular en espa\u00f1ol; <strong>el consentimiento del Gobierno Central de todas las arbitrariedades<\/strong> <strong>y desmanes por parte de los separatistas<\/strong> y mucho m\u00e1s.<\/p>\n<p style=\"text-align: justify;\">El presidente <strong>Dr. S\u00e1nchez<\/strong> para mantenerse en el poder est\u00e1 dispuesto a todo: <strong>vender Espa\u00f1a a trozos, por parcelas y a bajo precio.<\/strong><\/p>\n<p style=\"text-align: justify;\">En otros pa\u00edses, y antes tambi\u00e9n en Espa\u00f1a, a estas conductas se les llamaba traici\u00f3n y los responsables sufr\u00edan las mayores penas y el mayor desprestigio, indignidad y verg\u00fcenza.<\/p>\n<p style=\"text-align: justify;\">Los separatistas catalanes en muy poco tiempo han sido capaces de destruir el <strong>PRESENTE<\/strong> y el <strong>FUTURO de Catalu\u00f1a<\/strong>, dividir a la sociedad, destruir la paz y traer la violencia y la inseguridad a todas partes y a todas horas, acumular una deuda impagable, espantar a 4000 empresas que daban trabajo, riqueza y prestigio\u2026 Hasta los a\u00f1os 80- 90 Catalu\u00f1a era la regi\u00f3n m\u00e1s rica de Espa\u00f1a y su renta per c\u00e1pita superaba a todas las dem\u00e1s debido al trabajo, iniciativa y habilidad de sus ciudadanos y los apoyos del Gobierno Central. En la actualidad est\u00e1 muy por debajo de las dem\u00e1s autonom\u00edas. Los responsables de esta ruina catalana son los gobernantes separatistas, \u00bfY por qu\u00e9 son separatistas? Ortega y Gasset lo expres\u00f3 muy claramente: \u201cUnos cuantos hombres, movidos por codicias econ\u00f3micas, por soberbias personales, por envidias m\u00e1s o menos privadas, van ejecutando deliberadamente esta faena de despedazamiento nacional, que sin ellos y su caprichosa labor no existir\u00eda\u201d.<\/p>\n<p style=\"text-align: justify;\">No hay duda alguna de que s\u00f3lo son unos pocos, pero esos pocos disponen de todos los medios coactivos oficiales y no oficiales, es decir, los creados para intimidar a trav\u00e9s de grupos organizados y violentos, a aquellos ciudadanos que se sientan catalanes, pero tambi\u00e9n espa\u00f1oles. Mientras tanto estos que son mayor\u00eda aguantan \u00bfHasta cu\u00e1ndo?<\/p>\n<p style=\"text-align: justify;\">Por supuesto que adem\u00e1s de los separatistas hay otro organismo <strong>con mayor responsabilidad que los separatistas que es el Gobierno Central.<\/strong><\/p>\n<p style=\"text-align: justify;\">Volvamos a Ortega: \u201cEl poder Central deber\u00e1 prestar la incontrastable fuerza de que como Poder total goza, a una de las partes contendientes; naturalmente la UNITARIA\u201d. Pero hace lo contrario, ayuda a los separatistas, a los malos\u2026<\/p>\n<p style=\"text-align: justify;\">Ya una vez destruido el <strong>PRESENTE y el FUTURO<\/strong> de Catalu\u00f1a queda por <strong>destruir el PASADO<\/strong>, borrarlo, como est\u00e1 ocurriendo con la cosmopolita Barcelona. \u00bfY c\u00f3mo se puede lograr borrar las glorias del pasado? Pues en la mentalidad r\u00fastica, torcida y rid\u00edcula de su Cabildo incluido el PSOE, piensan que cambiando el nombre de las calles.<\/p>\n<p style=\"text-align: justify;\">Desde que la advenediza Ada Colau lleg\u00f3 al Ayuntamiento de Barcelona en 2015 lo \u00fanico que le ha preocupado, como si no hubiera otra cosa que hacer, ha sido cambiar el nombre de las calles con el fin de fastidiar al resto de Espa\u00f1a. Ejemplo, en el 2017 cambi\u00f3 el nombre de la <strong>\u201cPlaza de la HISPANIDAD\u201d por el de Pablo Neruda<\/strong>. Eso de hispanidad le sonaba a Espa\u00f1a, hay que borrarlo. El motivo para cambiarlo fue \u00e9ste:<\/p>\n<p style=\"text-align: justify;\">\u201cLa Fiesta Nacional de Espa\u00f1a est\u00e1 identificada de forma deliberada y notoria con la Hispanidad, un concepto vinculado a la imposici\u00f3n de formas de gobierno y cultura, el ataque a lenguas \u2013 entre ellas las peninsulares catalana, vasca y gallega- y la rapi\u00f1a y genocidio sistem\u00e1tico de pueblos y sociedades americanas\u201d.<\/p>\n<p style=\"text-align: justify;\">Cu\u00e1nta ignorancia y maldad derrochada, desconocen la Historia de Espa\u00f1a y tambi\u00e9n la Universal. Se\u00f1alemos s\u00f3lo un intelectual, ensayista e historiador espa\u00f1ol traducido a todos los idiomas. De la actividad desarrollada por Espa\u00f1a en Am\u00e9rica dice: <strong>\u201cFue uno de los<\/strong> <strong>periodos m\u00e1s creadores y pac\u00edficos<\/strong>\u201d. \u00bfAcaso Neruda no es hijo de aquellos que seg\u00fan el Cabildo practicaron el genocidio y la rapi\u00f1a? El Cabildo oculta o ignora que la rapi\u00f1a se ha venido produciendo en Catalu\u00f1a por sus gobernantes, \u00bfrecuerdan el 3% y las grandes fortunas de sus pol\u00edticos?<\/p>\n<p style=\"text-align: justify;\">Aparte de la ignorancia padecen de una debilidad intelectual, una especie de daltonismo que les incapacita para ver la realidad y los lleva al disparate y al rid\u00edculo.<\/p>\n<p style=\"text-align: justify;\">En el a\u00f1o 2018 este \u201cExcelent\u00edsimo Ayuntamiento\u201d presidido por la \u201cexcelent\u00edsima Ada Colau\u201d, que jam\u00e1s trabaj\u00f3 en ninguna parte, cambi\u00f3 la calle del Almirante Pascual Cervera y Topete, que fue adem\u00e1s Ministro de Marina y Jefe de la Escuadra en la Guerra de Espa\u00f1a contra Estados Unidos, reconocido como h\u00e9roe universalmente, fue sustituido por Pepe Rubianes. Cuando alg\u00fan ni\u00f1o vaya con su madre o con su abuelo y le pregunte qui\u00e9n fue Rubianes, \u00bfQu\u00e9 le dir\u00e1? \u00bfQu\u00e9 fue un actor famoso? Tal vez, por ignorancia o mintiendo a sabiendas, le dir\u00e1 que s\u00ed. \u00bfTambi\u00e9n su abuelo? Su abuelo, como ya seguramente, est\u00e1 harto de estupideces y de burradas de estos pol\u00edticos de pacotilla, pues quiz\u00e1 diga la verdad: \u201cPues mira hijo, este Rubianes quiso ser actor y como no val\u00eda se convirti\u00f3 en buf\u00f3n\u2026 el nieto le interrumpir\u00e1 y querr\u00e1 saber lo que es un buf\u00f3n y el abuelo le dir\u00e1: seg\u00fan el diccionario es una persona grotesca, rid\u00edcula, y que por servilismo trata de divertir a otras. Este buf\u00f3n en una entrevista en la televisi\u00f3n dijo: \u201ca m\u00ed la unidad de Espa\u00f1a me suda la polla por delante y por detr\u00e1s\u201d. Estas groser\u00edas fueron los m\u00e9ritos para conseguir que su nombre figurara en una calle. Al o\u00edr esto el nieto se pondr\u00eda colorado como un tomate y el abuelo avergonzado tambi\u00e9n. Pero le dir\u00e1 al ni\u00f1o: \u201ccuando t\u00fa seas mayor las groser\u00edas, la rusticidad y la mala educaci\u00f3n no se cotizar\u00e1n, habr\u00e1 perdido valor.<\/p>\n<p style=\"text-align: justify;\">El abuelo llevar\u00e1 luego al nieto a la calle Reyes Cat\u00f3licos y le dir\u00e1: \u201cesta calle tambi\u00e9n ha cambiado de nombre, ahora se llama Elisa Moragas i Badia. El nieto volver\u00e1 a preguntar qui\u00e9n fue y qu\u00e9 hizo, pero el abuelo no podr\u00e1 contestarle porque lo ignora. Pero s\u00ed le contar\u00e1 qui\u00e9nes fueron los Reyes Cat\u00f3licos, porque es catal\u00e1n, pero tambi\u00e9n espa\u00f1ol y no es ni tonto ni ignorante. Le dir\u00e1 que fueron los reyes m\u00e1s grandes del mundo, que unieron todos los reinos de la pen\u00ednsula, impusieron la paz y la justicia y con esto la prosperidad; y as\u00ed hicieron una Espa\u00f1a grande y libre. En su reinado colonizaron Am\u00e9rica y fue \u201cuno de los periodos m\u00e1s creadores y pac\u00edficos que ha conocido Am\u00e9rica\u201d, seg\u00fan palabras de uno de los mayores intelectuales espa\u00f1oles, Salvador de Madariaga. Seguro que este abuelo al decirle estas cosas a su nieto descargar\u00eda su conciencia por su pasividad, por todo lo que est\u00e1 ocurriendo en Barcelona con las viles, chabacanas y r\u00fasticas acciones de la Corporaci\u00f3n Municipal.<\/p>\n<p style=\"text-align: justify;\">En el libro de Victoriano Garc\u00eda Mart\u00ed titulado \u201cDel vivir heroico\u201d, en uno de sus cap\u00edtulos dice: \u201ccasi todos los tontos que andan por el mundo son unos santos\u201d. Miguel de Unamuno le sale al paso y le contesta: \u201c\u00a1No, no, no! Casi todos los tontos que andan por el mundo son malos; dan coces. El tonto es avieso, es envidioso, es mezquino. Es m\u00e1s, yo creo que los m\u00e1s de los tontos son pertinazmente, a traici\u00f3n, con premeditaci\u00f3n y alevos\u00eda. Y los m\u00e1s tontos persisten, maligna y pertinazmente en su tonter\u00eda. Y lo hacen por esp\u00edritu vengativo\u201d.<\/p>\n<p style=\"text-align: justify;\">Al leer esto mi pensamiento ha volado al Ayuntamiento que preside Ada Colau, \u00bfpor qu\u00e9 ser\u00eda? Seguramente porque act\u00faan como caciques y, el cacique, \u201ccomo todo tiranuelo est\u00e1 hecho de madera de siervos\u201d.<\/p>\n<p>&nbsp;<\/p>\n<p style=\"text-align: right;\"><strong>ROGELIO BUSTOS<\/strong><\/p>\n<p style=\"text-align: right;\">\n","protected":false},"excerpt":{"rendered":"<p>All\u00e1 por el a\u00f1o 1930 el fil\u00f3sofo Vicente GAR-MAR escribi\u00f3: \u201cA una regi\u00f3n que es parte integrante del cuerpo de&hellip;<\/p>\n","protected":false},"author":3,"featured_media":16441,"comment_status":"open","ping_status":"open","sticky":false,"template":"","format":"standard","meta":{"om_disable_all_campaigns":false,"_mi_skip_tracking":false,"_monsterinsights_sitenote_active":false,"_monsterinsights_sitenote_note":"","_monsterinsights_sitenote_category":0,"footnotes":""},"categories":[30],"tags":[],"aioseo_notices":[],"_links":{"self":[{"href":"https:\/\/granadacostaglobal.es\/index.php?rest_route=\/wp\/v2\/posts\/29460"}],"collection":[{"href":"https:\/\/granadacostaglobal.es\/index.php?rest_route=\/wp\/v2\/posts"}],"about":[{"href":"https:\/\/granadacostaglobal.es\/index.php?rest_route=\/wp\/v2\/types\/post"}],"author":[{"embeddable":true,"href":"https:\/\/granadacostaglobal.es\/index.php?rest_route=\/wp\/v2\/users\/3"}],"replies":[{"embeddable":true,"href":"https:\/\/granadacostaglobal.es\/index.php?rest_route=%2Fwp%2Fv2%2Fcomments&post=29460"}],"version-history":[{"count":0,"href":"https:\/\/granadacostaglobal.es\/index.php?rest_route=\/wp\/v2\/posts\/29460\/revisions"}],"wp:featuredmedia":[{"embeddable":true,"href":"https:\/\/granadacostaglobal.es\/index.php?rest_route=\/"}],"wp:attachment":[{"href":"https:\/\/granadacostaglobal.es\/index.php?rest_route=%2Fwp%2Fv2%2Fmedia&parent=29460"}],"wp:term":[{"taxonomy":"category","embeddable":true,"href":"https:\/\/granadacostaglobal.es\/index.php?rest_route=%2Fwp%2Fv2%2Fcategories&post=29460"},{"taxonomy":"post_tag","embeddable":true,"href":"https:\/\/granadacostaglobal.es\/index.php?rest_route=%2Fwp%2Fv2%2Ftags&post=29460"}],"curies":[{"name":"wp","href":"https:\/\/api.w.org\/{rel}","templated":true}]}}