{"id":29384,"date":"2021-09-13T07:16:26","date_gmt":"2021-09-13T07:16:26","guid":{"rendered":"http:\/\/granadacostanacional.es\/?p=29384"},"modified":"2021-09-13T07:16:26","modified_gmt":"2021-09-13T07:16:26","slug":"el-ebro-la-batalla-mas-duradera-del-conflicto-civil-julio-de-1938-2a-parte","status":"publish","type":"post","link":"https:\/\/granadacostaglobal.es\/?p=29384","title":{"rendered":"El Ebro, la batalla m\u00e1s duradera del conflicto civil: Julio de 1938 (2\u00aa Parte)"},"content":{"rendered":"<p style=\"text-align: justify;\">Lo que nos da la medida del error cometido por el incompetente general al decantarse por la maniobra penetrante o de ruptura, cuando contaba con la posibilidad de efectuar sin grandes problemas la maniobra de ala (desbordante o envolvente).<\/p>\n<p style=\"text-align: justify;\">De todo ello se desprende que fue Vicente Rojo quien obtuvo el \u00e9xito t\u00e1ctico en la batalla; y otro tanto cabe afirmar del \u00e9xito estrat\u00e9gico, si se tiene en cuenta que, con el contragolpe ejecutado en el Ebro, consigui\u00f3, por una parte, evitar la ca\u00edda de Sagunto y Valencia, plazas de vital importancia para la supervivencia de la zona centro-sur republicana y por otra, proporcionar al gobierno del doctor Negr\u00edn, dada la resonancia que la brillante maniobra tuvo en Europa, la posici\u00f3n de fuerza que estaba buscando para establecer negociaciones de paz.<\/p>\n<p style=\"text-align: justify;\">La idea central de Franco y sus generales en el Ebro, escribi\u00f3 Enrique Lister, uno de los protagonistas del episodio que estamos analizando, fue la de obligar a las fuerzas republicanas a cruzar a la orilla izquierda del r\u00edo.<\/p>\n<p style=\"text-align: justify;\">En realidad, toda la t\u00e1ctica y arte militar de Franco se redujeron a destruir las trincheras republicanas, a costa de enormes cantidades de proyectiles de artiller\u00eda y bombas de aviaci\u00f3n.<\/p>\n<p style=\"text-align: justify;\">Vicente Rojo, por su parte, contempla as\u00ed la forma de actuar del ej\u00e9rcito franquista en la batalla: Gran concentraci\u00f3n de medios atacando frentes estrechos y puntos concretos.<\/p>\n<p style=\"text-align: justify;\">Sus unidades se relevan en cada ofensiva, no hay arte; domina la ciencia del aplastamiento, es problema de n\u00fameros de proyectiles y de relevo de unidades. Las bajas no importan. Parece que Lister y Rojo reflejaron con bastante fidelidad lo ocurrido en los combates librados en torno al Ebro.<\/p>\n<p style=\"text-align: justify;\">Es muy significativo, por lo dem\u00e1s, que el historiador franquista Ram\u00f3n Salas Larraz\u00e1bal, haya asumido en gran medida sus cr\u00edticas, llegando a afirmar: La Batalla del Ebro, la m\u00e1s sangrienta, larga y empe\u00f1ada de cuantas se libraron en la Guerra Civil, fue la m\u00e1s innecesaria y absurda de todas.<\/p>\n<p style=\"text-align: justify;\">Una batalla en la que no se ventilaba otro inter\u00e9s que hacer repasar el r\u00edo a quienes lo traspasaron sin permiso\u2026<\/p>\n<p style=\"text-align: justify;\">El peor procedimiento que se ofrec\u00eda a los nacionales en agosto de 1938 para derrotar al contrario era empe\u00f1arse en una ciega lucha de carneros. En esa lucha de carneros, los franquistas sufrieron un desgaste muy superior al de los republicanos.<\/p>\n<p style=\"text-align: justify;\">Dejando a un lado el consumo de combustible, repuestos, munici\u00f3n de fusil y ametralladora, etc., que constituir\u00eda, no obstante, un cap\u00edtulo importante, es oportuno resaltar que su artiller\u00eda lanz\u00f3 m\u00e1s de un mill\u00f3n de proyectiles a un promedio de 13.500 diarios, en tanto que la aviaci\u00f3n arroj\u00f3 un tonelaje de explosivos similar; en total, unas 20.000 toneladas, en sus operaciones de apoyo a\u00e9reo, que inclu\u00edan adem\u00e1s los ametrallamientos en vuelo rasante.<\/p>\n<p style=\"text-align: justify;\">Esos bombardeos y ametrallamientos, sin embargo, no produjeron un elevado n\u00famero de v\u00edctimas, dado que los soldados del ej\u00e9rcito del Ebro establecidos en la cabeza de puente hab\u00edan organizado una s\u00f3lida posici\u00f3n defensiva, en la que abundaban los refugios, entre ellos unas zanjas muy estrechas capaces de proporcionar protecci\u00f3n ante la onda expansiva y la metralla de las bombas.<\/p>\n<p style=\"text-align: justify;\">Las bajas producidas durante la batalla en cada uno de los bandos, en fin, ser\u00edan aproximadamente las mismas (Unas 40.000), de acuerdo con las cifras ofrecidas en su d\u00eda por el diario The Times, que suelen aceptar los historiadores.<\/p>\n<p style=\"text-align: justify;\">Franco se vio obligado a lanzar nada menos que siete contraofensivas para expulsar a los republicanos de las posiciones que ocupaban en la margen derecha del Ebro, provocando con su forma de conducir las operaciones la alarma y el disgusto en los dirigentes de las potencias fascistas que le estaban prestando un generoso apoyo. A finales de agosto, Mussolini recibi\u00f3 diversos informes en los que le comunicaban que las fuerzas del General\u00edsimo hab\u00edan experimentado una severa reducci\u00f3n y que sus reservas apenas exist\u00edan.<\/p>\n<p style=\"text-align: justify;\">Galeazzo Ciano escribi\u00f3 en su diario: \u201cNo ser\u00eda de extra\u00f1ar que en pocos meses las cosas empeorasen para Franco. Desconfianza y escepticismo en el pa\u00eds, agotamiento de las tropas, impaciencia por parte de los dem\u00e1s generales.\u201d<\/p>\n<p style=\"text-align: justify;\">Yag\u00fce y Vig\u00f3n crecen en consideraci\u00f3n en las filas nacionales, mientras que la estrella de Franco no brilla ya con la misma luz de antes. Los rojos han vuelto a tomar la iniciativa y han conseguido enormes ventajas. La acci\u00f3n del paso del Ebro ha levantado la moral de los rojos y deprimido la de los nacionales.<\/p>\n<p style=\"text-align: justify;\">Por entonces, el embajador alem\u00e1n, Ebehard von Stohrer, se preguntaba si la paz negociada que persegu\u00eda Negr\u00edn no terminar\u00eda, al cabo, favoreciendo al bando rebelde, en unos momentos en que sus fuerzas estaban desangr\u00e1ndose en el Ebro.<\/p>\n<p style=\"text-align: justify;\">El desastre Nacional, como es bien sabido, se hab\u00eda iniciado con los fallos cometidos por el Caudillo en seguridad estrat\u00e9gica. Donde no hay seguridad estrat\u00e9gica, apuntaba el Mariscal Foch, hay sorpresa estrat\u00e9gica, es decir, posibilidad para el enemigo de atacarnos cuando no estamos en estado de recibirle bien.<\/p>\n<p style=\"text-align: justify;\">Bajo la direcci\u00f3n de Rojo, los soldados de Modesto hab\u00edan preparado la operaci\u00f3n del Ebro durante 50 d\u00edas en presencia del adversario, sin que este adoptara medida alguna para evitar la sorpresa. Franco fue convenientemente informado de los preparativos llevados a cabo por los republicanos, pero, como record\u00f3 el General Garc\u00eda Vali\u00f1o, no tom\u00f3 en consideraci\u00f3n los informes recibidos sobre una m\u00e1s que probable maniobra republicana de traves\u00eda del Ebro, neg\u00e1ndose, en consecuencia, al traslado de unidades para reforzar la zona amenazada; alegaba que, dado su caudal, el r\u00edo constitu\u00eda un obst\u00e1culo infranqueable para las unidades republicanas.<\/p>\n<p style=\"text-align: justify;\">El General\u00edsimo, en definitiva, descuido la seguridad, al no tener en cuenta que esta se basa en la informaci\u00f3n y el adecuado despliegue de las tropas.<\/p>\n<p style=\"text-align: justify;\">El 20 de octubre, tras cumplirse los 80 d\u00edas de combate, los nacionales, pese al derroche de medios llevados a cabo, segu\u00edan estancados en el Ebro; tan solo hab\u00edan logrado adelantar sus l\u00edneas ocho kil\u00f3metros y recuperar unos 80 kil\u00f3metros cuadrados, sobre cada uno de los cuales cayeron 200 toneladas de bombas de artiller\u00eda y de aviaci\u00f3n, formando una bolsa dominada al norte por las posiciones republicanas de la sierra de la Fatarella y al sur, por las de la sierra de Cavalls\u2026<\/p>\n<p style=\"text-align: justify;\">Pero unas semanas antes, el d\u00eda 29 de septiembre, al firmarse el pacto de M\u00fanich, Gran Breta\u00f1a y Francia hab\u00edan cedido ante las pretensiones de Hitler, traicionando a la democr\u00e1tica naci\u00f3n checoslovaca y ello terminar\u00eda influyendo decisivamente en el desarrollo de la batalla y, tambi\u00e9n, de la contienda.<\/p>\n<p style=\"text-align: justify;\">Las esperanzas de Negr\u00edn sobre una paz negociada se esfumaron a la par que Alemania aumentaba impresionantemente su ayuda a los nacionales. Fue esta ayuda alemana, coment\u00f3 John Coverdale, la que dio a Franco el margen de victoria y le permiti\u00f3 salir del atolladero en que se hallaba en el Ebro.<\/p>\n<p style=\"text-align: justify;\">Mussolini increment\u00f3 igualmente su ayuda, mientras los rusos, afectados por diversos problemas (en Manchuria, en la Europa Oriental) suprim\u00edan pr\u00e1cticamente el suministro de material b\u00e9lico a la rep\u00fablica.<\/p>\n<p style=\"text-align: justify;\">Iniciada ya la campa\u00f1a de Catalu\u00f1a, que constituir\u00eda un paseo militar para las bien pertrechadas tropas nacionales, frente a las desarmadas huestes republicanas, Franco hizo unas declaraciones al periodista Manuel Aznar en las que tuvo la desfachatez de manifestar (y sus juicios ser\u00edan profusamente asumidos por sus panegiristas) que en la citada y victoriosa campa\u00f1a se estaban recogiendo los frutos de la Batalla del Ebro, la cual hab\u00eda supuesto una autentica cat\u00e1strofe para las fuerzas republicanas\u2026<\/p>\n<p style=\"text-align: right;\"><strong>Gonzalo Lozano Curado<\/strong><\/p>\n<p style=\"margin: 0cm 0cm 8pt; text-align: justify;\"><a href=\"http:\/\/churrianadelavega.org\/\"><img decoding=\"async\" loading=\"lazy\" class=\"aligncenter size-full wp-image-26009\" src=\"http:\/\/granadacostanacional.es\/wp-content\/uploads\/2020\/11\/Churriana-de-la-Vega-web-1.gif\" alt=\"Churriana de la Vega web\" width=\"689\" height=\"567\" \/><\/a><\/p>\n<p><a href=\"https:\/\/www.frutaselporton.es\/apps\/wa1\/Pizarra.html\"><img decoding=\"async\" loading=\"lazy\" class=\"aligncenter size-full wp-image-25341\" src=\"http:\/\/granadacostanacional.es\/wp-content\/uploads\/2020\/09\/El-port\u00f3n.gif\" alt=\"El port\u00f3n\" width=\"787\" height=\"394\" \/><\/a><\/p>\n<p><a href=\"http:\/\/www.itrabo.es\/\"><img decoding=\"async\" loading=\"lazy\" class=\"aligncenter size-full wp-image-25975\" src=\"http:\/\/granadacostanacional.es\/wp-content\/uploads\/2020\/11\/web-itrabo.gif\" alt=\"web itrabo\" width=\"689\" height=\"567\" \/><\/a><\/p>\n<p style=\"text-align: justify;\"><a href=\"http:\/\/www.molvizar.es\/\"><img decoding=\"async\" loading=\"lazy\" class=\"aligncenter wp-image-25392 size-medium\" src=\"http:\/\/granadacostanacional.es\/wp-content\/uploads\/2020\/09\/Molv\u00edzar-web-300x247.gif\" alt=\"Molv\u00edzar web\" width=\"300\" height=\"247\" \/><\/a><\/p>\n<p style=\"text-align: justify;\"><strong><a href=\"http:\/\/www.frutasfajardo.com\/\"><img decoding=\"async\" loading=\"lazy\" class=\"aligncenter size-full wp-image-25928\" src=\"http:\/\/granadacostanacional.es\/wp-content\/uploads\/2020\/11\/Frutas-Fajardo-1.gif\" alt=\"Frutas Fajardo\" width=\"590\" height=\"425\" \/><\/a><\/strong><\/p>\n<p><a href=\"https:\/\/www.valenzuela.es\/\"><img decoding=\"async\" loading=\"lazy\" class=\"aligncenter wp-image-26234 size-medium\" src=\"http:\/\/granadacostanacional.es\/wp-content\/uploads\/2020\/11\/Valenzuela-300x247.gif\" alt=\"Valenzuela\" width=\"300\" height=\"247\" \/><\/a><\/p>\n","protected":false},"excerpt":{"rendered":"<p>Lo que nos da la medida del error cometido por el incompetente general al decantarse por la maniobra penetrante o&hellip;<\/p>\n","protected":false},"author":3,"featured_media":22818,"comment_status":"open","ping_status":"open","sticky":false,"template":"","format":"standard","meta":{"om_disable_all_campaigns":false,"_mi_skip_tracking":false,"_monsterinsights_sitenote_active":false,"_monsterinsights_sitenote_note":"","_monsterinsights_sitenote_category":0,"footnotes":""},"categories":[30],"tags":[],"aioseo_notices":[],"_links":{"self":[{"href":"https:\/\/granadacostaglobal.es\/index.php?rest_route=\/wp\/v2\/posts\/29384"}],"collection":[{"href":"https:\/\/granadacostaglobal.es\/index.php?rest_route=\/wp\/v2\/posts"}],"about":[{"href":"https:\/\/granadacostaglobal.es\/index.php?rest_route=\/wp\/v2\/types\/post"}],"author":[{"embeddable":true,"href":"https:\/\/granadacostaglobal.es\/index.php?rest_route=\/wp\/v2\/users\/3"}],"replies":[{"embeddable":true,"href":"https:\/\/granadacostaglobal.es\/index.php?rest_route=%2Fwp%2Fv2%2Fcomments&post=29384"}],"version-history":[{"count":0,"href":"https:\/\/granadacostaglobal.es\/index.php?rest_route=\/wp\/v2\/posts\/29384\/revisions"}],"wp:featuredmedia":[{"embeddable":true,"href":"https:\/\/granadacostaglobal.es\/index.php?rest_route=\/"}],"wp:attachment":[{"href":"https:\/\/granadacostaglobal.es\/index.php?rest_route=%2Fwp%2Fv2%2Fmedia&parent=29384"}],"wp:term":[{"taxonomy":"category","embeddable":true,"href":"https:\/\/granadacostaglobal.es\/index.php?rest_route=%2Fwp%2Fv2%2Fcategories&post=29384"},{"taxonomy":"post_tag","embeddable":true,"href":"https:\/\/granadacostaglobal.es\/index.php?rest_route=%2Fwp%2Fv2%2Ftags&post=29384"}],"curies":[{"name":"wp","href":"https:\/\/api.w.org\/{rel}","templated":true}]}}