{"id":29372,"date":"2021-09-13T08:14:45","date_gmt":"2021-09-13T08:14:45","guid":{"rendered":"http:\/\/granadacostanacional.es\/?p=29372"},"modified":"2021-09-13T08:14:45","modified_gmt":"2021-09-13T08:14:45","slug":"entrevista-a-la-violinista-maria-duenas","status":"publish","type":"post","link":"https:\/\/granadacostaglobal.es\/?p=29372","title":{"rendered":"ENTREVISTA A LA VIOLINISTA MAR\u00cdA DUE\u00d1AS"},"content":{"rendered":"<p style=\"text-align: justify;\">Tengo el privilegio de entrevistar a la violinista granadina Mar\u00eda Due\u00f1as (Diciembre, 2002), que pas\u00f3 de promesa a una realidad absoluta con nada menos que dieciocho a\u00f1os, tras ser galardonada a primeros del presente a\u00f1o, con el 1\u00ba premio en el Concurso Getting to Carnegie 2021 y el Primer Premio en el Concurso Yehudi Menuhin Richmond 2021 en Mayo de 2021 junto con el Premio del P\u00fablico.<\/p>\n<p style=\"text-align: justify;\">\u00a0\u00a0\u00a0\u00a0\u00a0\u00a0\u00a0\u00a0\u00a0\u00a0\u00a0\u00a0\u00a0\u00a0\u00a0 Mar\u00eda Due\u00f1as se traslad\u00f3 a Alemania tras ganar la convocatoria para estudios en el extranjero de Juventudes Musicales de Madrid, conseguir la beca Wardwell de la Fundaci\u00f3n Humboldt y gracias al apoyo de Industrias Kolmer. Alumna del pedagogo Boris Kuschnir en la Universidad de M\u00fasica y Arte de Viena, como en la Universidad de Arte de Graz, fue apoyada de forma generosa por la <em>Deutsche Stiftung Musikleben<\/em>, recibiendo un impulso important\u00edsimo tras ganar la convocatoria del concurso de instrumentos en Hamburgo y recibir en pr\u00e9stamo un viol\u00edn Nicolo Gagliano del Siglo XVIII.<\/p>\n<p style=\"text-align: justify;\">\u00a0\u00a0\u00a0\u00a0\u00a0\u00a0\u00a0\u00a0\u00a0\u00a0\u00a0\u00a0\u00a0\u00a0\u00a0 Ha sido designada como Artista del Mes por Musical Am\u00e9rica, la revista m\u00e1s antigua y especializada en m\u00fasica cl\u00e1sica de Estados Unidos, demostrando una combinaci\u00f3n de t\u00e9cnica y sensibilidad, exquisitas. Obteniendo a lo largo de estos a\u00f1os numerosos reconocimientos y premios, como el Primer Premio en el Concurso Internacional Mozart en Zhuhai (China) con quince a\u00f1os, el Concurso de Viol\u00edn Internacional de Vladimir Spivakov en Rusia, el Concurso Internacional Yankelevitch, el G. P. Telemann en Polonia, el Premio Especial a la mejor interpretaci\u00f3n de una sonata para viol\u00edn solo, el Premio Luigi Zanuccoli en Italia, el Concurso Internacional de LeonidKogan en B\u00e9lgica, el reconocimiento de la prestigiosa Academia Kronberg en Alemania, con el t\u00edtulo <em>Prinz von Hessen 2017<\/em> como la violinista m\u00e1s joven con mayor potencial y proyecci\u00f3n.<\/p>\n<p style=\"text-align: justify;\">\u00a0\u00a0\u00a0\u00a0\u00a0\u00a0\u00a0\u00a0\u00a0\u00a0\u00a0\u00a0\u00a0\u00a0\u00a0 A pesar de su juventud, est\u00e1 causando un gran impacto a nivel internacional desde que debutara en la temporada 2019 \u2013 2020 con la Orquesta Sinf\u00f3nica de San Francisco, bajo la direcci\u00f3n de Marek Janowski, donde el <em>Daily Californian<\/em> la describi\u00f3 como \u201cuna solista de impresi\u00f3n, que cautiva la atenci\u00f3n del p\u00fablico desde la primera nota\u201d. Pero incluso antes ya hac\u00eda las delicias por las mejores salas de conciertos de Europa, incluyendo su debut a los quince a\u00f1os en la Sala Dorada del Musikverein de Viena, la sala Tchaikovsky de Mosc\u00fa bajo la direcci\u00f3n de Vladimir Spivakov y la Orquesta Nacional Rusa, un debut seguido por una exitosa gira por Espa\u00f1a. La sala Filarm\u00f3nica de Berl\u00edn, el Auditorio Nacional de Madrid con los Virtuosos de Mosc\u00fa, la Orquesta Sinf\u00f3nica de Lahti con Dima Slobodeniouk y L\u00b4Auditori con la Orquesta Sinf\u00f3nica de Barcelona y Catalu\u00f1a. Su paso tambi\u00e9n la ha llevado por la <em>Elbphilharmonie<\/em>de Hamburgo que dio lugar a que editara un CD <em>So klingt die Zukunft<\/em> producido por el <em>Deutsche Stiftung Musikleben<\/em> y la NDR, la cadena de radio y televisi\u00f3n alemana.<\/p>\n<p style=\"text-align: justify;\">\u00a0\u00a0\u00a0\u00a0\u00a0\u00a0\u00a0\u00a0\u00a0\u00a0\u00a0\u00a0\u00a0\u00a0\u00a0 Ha participado en Festivales de renombre internacional, talen como el Festival Mecklenburg-Vorpommern, Schloss Elmau y el Festival Internacional de Colmar, donde rindi\u00f3 homenaje a Claudio Abbado. Fue seleccionada como Alumna Residente de la Academia Verbier en 2017, regresando en 2019 al Festival como artista invitada, ofreciendo su recital debut con Ken Noda. <em>Le Figaro <\/em>celebr\u00f3 su actuaci\u00f3n como la de \u201cuna ni\u00f1a prodigio, cuya expresividad y virtuosismo encantaron al p\u00fablico\u201d. Con su participaci\u00f3n con la Orquesta Filarm\u00f3nica de St. Petersburgo, bajo la direcci\u00f3n de Vassily Siniasky, en el Festival Internacional de St. Petersburgo, presidido por Yuri Temirkanov, logr\u00f3 otro importante hito en su carrera. Tambi\u00e9n debemos destacar su debut con Manfred Honeck por partida doble, con la Filarm\u00f3nica de Oslo y la Orquesta Sinf\u00f3nica de Pittsburgh, su regreso a la Orquesta Filarm\u00f3nica de St. Petersburgo con Vassily Sinaisky, la Filarm\u00f3nica de Dresden con Marek Janowski y el Concierto de A\u00f1o Nuevo con las Orquesta Nacional de Estonia con Mihhail Gerts. Qued\u00e1ndole importantes recitales con grandes m\u00fasicos como Itamar Golan, AkiraEguchi en el Suntory Hall de Tokyo, Julien Quentin en el Festival Jurmala y un esperado CD debut con la Orquesta Nacional de Rusia con Vladimir Spivakov.<\/p>\n<p style=\"text-align: justify;\">\u00a0\u00a0\u00a0\u00a0\u00a0\u00a0\u00a0\u00a0\u00a0\u00a0\u00a0\u00a0\u00a0\u00a0\u00a0 Su esp\u00edritu sediento de aprendizaje, la han llevado a adentrarse en el mundo de la composici\u00f3n, creando para ello el <em>Hamamelis Quartett, <\/em>premiado en el Concurso Fidelio de M\u00fasica de C\u00e1mara, con dicho cuarteto realiz\u00f3 una gira por Austria, como invitados de <em>Jeunesses Musicales <\/em>de Viena. Su obra para piano <em>Farewell <\/em>fue premiada en el Concurso de Composici\u00f3n Robert Schumann. Incluso el compositor Jordi Cervell\u00f3 ha compuesto recientemente varios caprichos para viol\u00edn dedicados a Mar\u00eda Due\u00f1as, estrenados en Girona con Evgeny Sinaisky.<\/p>\n<p style=\"text-align: justify;\">\u00a0\u00a0\u00a0\u00a0\u00a0\u00a0\u00a0\u00a0\u00a0\u00a0\u00a0\u00a0\u00a0\u00a0\u00a0 Mar\u00eda Due\u00f1as toca el viol\u00edn Niccolo Gagliano que le dieron como pr\u00e9stamo desde la Deutsche StiftungMusikleben, como el Guarneri del Ges\u00f9 \u201cMuntz\u201d de 1736, que generosamente le cedieron por la Nippon Music Foundation.<\/p>\n<p style=\"text-align: justify;\">\u00a0\u00a0\u00a0\u00a0\u00a0\u00a0\u00a0\u00a0\u00a0\u00a0\u00a0\u00a0\u00a0\u00a0\u00a0 Se la puede seguir por la web: <a href=\"http:\/\/www.mariaduenasviolin.com\">www.mariaduenasviolin.com<\/a><\/p>\n<p style=\"text-align: justify;\">\u00a0\u00a0\u00a0\u00a0\u00a0\u00a0\u00a0\u00a0\u00a0\u00a0\u00a0\u00a0\u00a0\u00a0\u00a0 Sin m\u00e1s pre\u00e1mbulos, daremos comienzo a la presente entrevista con Mar\u00eda Due\u00f1as, una artista incre\u00edble llena de fuerza y delicadeza, que con tan s\u00f3lo dieciocho a\u00f1os ya ha conquistado al mundo entero con su talento y virtuosismo, con el que deleita a sus espectadores cada vez que coge su viol\u00edn para extraer de \u00e9l, la magia que atesora en su fuero interno.<\/p>\n<p style=\"text-align: justify;\"><strong>PREGUNTA:<\/strong> Lo primero, quiere agradecerte el tiempo que me dispensas para responder a estas preguntas, que saldr\u00e1n en el Granada Costa del Granada Club Selecci\u00f3n. Que curiosamente es un peri\u00f3dico que pertenece a tu ciudad natal. Mi primera pregunta como es ya casi una tradici\u00f3n, y teniendo en cuenta lo sorprendente de tu edad y de los enormes logros conseguidos, \u00bfnos puedes decir a qu\u00e9 edad y c\u00f3mo exactamente, te comenzaste a sentir atra\u00edda por la m\u00fasica cl\u00e1sica y en especial por el viol\u00edn?<\/p>\n<p style=\"text-align: justify;\"><strong>RESPUESTA:<\/strong> Mi atracci\u00f3n por el viol\u00edn y la m\u00fasica cl\u00e1sica procede de la gran afici\u00f3n que en mi casa siempre ha existido. Mi madre siempre nos llevaba al colegio con m\u00fasica cl\u00e1sica en el coche, me cuenta tambi\u00e9n que siempre escuchaba cl\u00e1sica cuando estaba embarazada y al nacer, me ba\u00f1aba con m\u00fasica cl\u00e1sica de fondo. Creo que no pod\u00eda haber sido distinto que me apasione la m\u00fasica cl\u00e1sica. Con tres a\u00f1os comenc\u00e9 a acompa\u00f1arles a los conciertos y all\u00ed vi f\u00edsicamente los violines por primera vez y me enamor\u00e9 de ellos. Recuerdo bien que los acomodadores de la sala se sorprend\u00edan vi\u00e9ndome e indicaban a mis padres que aquel concierto no era id\u00f3neo para ni\u00f1os\u2026 yo me quedaba petrificada en la butaca, fascinada ante la majestuosidad de la m\u00fasica cl\u00e1sica, recuerdo esa energ\u00eda, como un poder m\u00e1gico, con todas esas sonoridades de la orquesta, la percusi\u00f3n, los inmensos contrabajos, etc. No es nada dif\u00edcil que un ni\u00f1o se sienta fascinado por esto, si se le da la oportunidad.<\/p>\n<p style=\"text-align: justify;\"><a href=\"http:\/\/granadacostanacional.es\/wp-content\/uploads\/2021\/09\/Mar\u00eda-Due\u00f1as-2.jpg\"><img decoding=\"async\" loading=\"lazy\" class=\"aligncenter size-large wp-image-29378\" src=\"http:\/\/granadacostanacional.es\/wp-content\/uploads\/2021\/09\/Mar\u00eda-Due\u00f1as-2-684x1024.jpg\" alt=\"Mar\u00eda Due\u00f1as 2\" width=\"684\" height=\"1024\" \/><\/a><\/p>\n<p style=\"text-align: justify;\"><strong>PREGUNTA:<\/strong> Tus padres, cuando descubrieron tu deseo por ser violinista, \u00bfte apoyaron sin limitaciones ni condiciones, o hubieran preferido que te dedicaras a otra profesi\u00f3n, quiz\u00e1s con m\u00e1s futuro y seguridad?<\/p>\n<p style=\"text-align: justify;\"><strong>RESPUESTA:<\/strong> Afortunadamente, mis padres han apoyado desde el principio mi vocaci\u00f3n natural y estoy muy agradecida por ello.<\/p>\n<p style=\"text-align: justify;\"><strong>PREGUNTA:<\/strong> \u00bfC\u00f3mo han llevado tus padres en lo personal y lo econ\u00f3mico, el hecho de que te fueras tan ni\u00f1a a Alemania, para seguir tus estudios musicales y acad\u00e9micos? Imagino que no les resultar\u00eda nada f\u00e1cil.<\/p>\n<p style=\"text-align: justify;\"><strong>RESPUESTA:<\/strong> Fue complicado, pero fue una apuesta familiar. Nos marchamos todos juntos, teniendo en cuenta lo importante que es mantener a la familia unida. Ahora soy a\u00fan m\u00e1s consciente de lo complicado que fue, mis hermanas peque\u00f1as ten\u00edan 5 y 8 a\u00f1os. Fue un comienzo desde cero o bajo cero, porque no habl\u00e1bamos alem\u00e1n entonces, pero fue la mejor decisi\u00f3n que pudimos tomar en la vida.<\/p>\n<p style=\"text-align: justify;\"><strong>PREGUNTA:<\/strong> \u00bfLos idiomas han sido un obst\u00e1culo para Mar\u00eda Due\u00f1as, de cara a comunicarse con sus compa\u00f1eros de clase, profesores y dem\u00e1s m\u00fasicos? \u00bfO en cambio te ha resultado relativamente sencillo, dadas tus capacidades de asimilaci\u00f3n y aprendizaje?<\/p>\n<p style=\"text-align: justify;\"><strong>RESPUESTA:<\/strong> Para un ni\u00f1o, asimilar un idioma nuevo, nunca es un problema, al contrario, le abre la mente a otras culturas. Aprender idiomas es una de mis aficiones.<\/p>\n<p style=\"text-align: justify;\"><strong>PREGUNTA:<\/strong> \u00bfQu\u00e9 nos puedes contar de estos a\u00f1os con Boris Kuschnir, en su faceta de pedagogo? \u00bfEn qu\u00e9 te ha ayudado para conocerte mejor como persona y de cara a transmitir esas ense\u00f1anzas en las interpretaciones tan sublimes que realizas y que tanto cautivan?<\/p>\n<p style=\"text-align: justify;\"><strong>RESPUESTA:<\/strong> Ser\u00eda dif\u00edcil resumir en una entrevista, todo lo que este Maestro me ha ense\u00f1ando. A nivel humano, es un ser irrepetible con unos valores \u00e9ticos y morales que ya no existen hoy en d\u00eda. En cuanto a sus ense\u00f1anzas musicales destacar\u00eda, entre muchos otros factores, la importancia del sonido. \u00c9l me ha iniciado en este largo viaje que es la b\u00fasqueda del sonido personal y \u00fanico. Voy a estarle siempre muy agradecida por ello.<\/p>\n<p style=\"text-align: justify;\"><a href=\"http:\/\/granadacostanacional.es\/wp-content\/uploads\/2021\/09\/Mar\u00eda-Due\u00f1as-4.jpg\"><img decoding=\"async\" loading=\"lazy\" class=\"aligncenter size-large wp-image-29379\" src=\"http:\/\/granadacostanacional.es\/wp-content\/uploads\/2021\/09\/Mar\u00eda-Due\u00f1as-4-683x1024.jpg\" alt=\"Mar\u00eda Due\u00f1as 4\" width=\"683\" height=\"1024\" \/><\/a><\/p>\n<p style=\"text-align: justify;\"><strong>PREGUNTA:<\/strong> \u00bfC\u00f3mo fue recibir como pr\u00e9stamo de la <em>Deutsche Stiftung Musikekleben<\/em>un el viol\u00edn Nicolo Gagliano y de la <em>Nippon Music Foundation<\/em>un Guarneri el Ges\u00f9 \u201cMuntz\u201d, ambos del Siglo XVIII? \u00bfQu\u00e9 nos puedes contar de estos instrumentos que son verdaderas joyas de artesan\u00eda y en qu\u00e9 composiciones u obras se desenvuelven mejor cada uno? Dado que supongo que cada uno transmitir\u00e1 una voz \u00fanica e inconfundible, dependiendo de las piezas que debas interpretar.<\/p>\n<p style=\"text-align: justify;\"><strong>RESPUESTA:<\/strong> Una vez que se ha alcanzado un alto nivel t\u00e9cnico, disponer de un buen instrumentote abre un innumerable rango de posibilidades.\u00a0 Yo me considero muy privilegiada por ello. Con 12 a\u00f1os logr\u00e9 ganar el Concurso de Pr\u00e9stamo de instrumentos de la Fundaci\u00f3n alemana <em>Musikleben<\/em>, supuso un hito en mi vida, poder disfrutar de una joya semejante, un Niccolo Gagliano de belleza extraordinaria y sonido brillante y plateado.<\/p>\n<p style=\"text-align: justify;\">Es encomiable la apuesta de Alemania por la cultura, dado que buena parte de los instrumentos del fondo son de propiedad estatal. Estar\u00e9 eternamente agradecida a ese pa\u00eds y a la Fundaci\u00f3n por el apoyo incalculable que me brinda. Con el Gagliano, aprend\u00ed a \u201cfabricar&#8221; colores nuevos en mi m\u00fasica; es un proceso apasionante, similar al de un pintor que busca y mezcla en su paleta hasta encontrar el matiz perfecto. Recuerdo que mi primera actuaci\u00f3n con el Gagliano fue retransmitida por la NDR de Hamburgo, la cadena de radio alemana. Fue una sensaci\u00f3n muy m\u00e1gica, como la de tocar el cielo al escucharme por la radio. He crecido mucho con este instrumento. Unos a\u00f1os despu\u00e9s, y siempre en esa b\u00fasqueda por aprender y descubrir nuevos sonidos, la Fundaci\u00f3n Nipona me concedi\u00f3 en pr\u00e9stamo otra joya hist\u00f3rica, el Guarneri del Ges\u00f9 <em>Muntz<\/em>, otro instrumento \u00fanico en s\u00ed mismo, con calidez de sonido y proyecci\u00f3n incre\u00edble. Cuando viaj\u00e9 a Jap\u00f3n para recibir el instrumento sent\u00ed escalofr\u00edos con la primera nota que emanaba de sus entra\u00f1as. Era como una voz divina. Es una responsabilidad muy grande pero maravillosa a la vez, sentir que tienes en tus manos un instrumento \u00fanico e irrepetible. La m\u00fasica es mi vida y ella cobra vida a trav\u00e9s de estos ejemplares extraordinarios que me hacen inmensamente feliz.<\/p>\n<p style=\"text-align: justify;\"><strong>PREGUNTA:<\/strong> Has tocado con innumerables Orquestas Filarm\u00f3nicas y con diferentes directores, de prestigio internacional. \u00bfC\u00f3mo es trabajar con ellos y qu\u00e9 cosas has ido aprendiendo de sus explicaciones para mejorar como m\u00fasico, a la hora de comprender mejor las partituras?<\/p>\n<p style=\"text-align: justify;\"><strong>RESPUESTA:<\/strong> Efectivamente, he tenido el privilegio de trabajar con algunos de los m\u00e1s grandes, como la Orquesta Nacional Rusa y Vladimir Spivakov, uno de mis directores favoritos con quien siento una conexi\u00f3n muy especial. Recientemente he debutado con Manfred Honeck y tengo varios proyectos m\u00e1s con el que me hacen mucha ilusi\u00f3n. Sabe con claridad qu\u00e9 quiere de la orquesta y tiene gran experiencia porque \u00e9l mismo es violinista. En Agosto, viaj\u00e9 a Los Angeles y debut\u00e9 con Gustavo Gimeno. Ten\u00eda muchas ganas de trabajar con \u00e9l. Es muy interesante y mucho m\u00e1s c\u00f3modo para el solista cuando quien lleva la batuta conoce bien los intr\u00edngulis del viol\u00edn.<\/p>\n<p style=\"text-align: justify;\"><strong>PREGUNTA:<\/strong> Tambi\u00e9n vemos que has estado en muchas Salas de Concierto, Auditorios, Festivales, etc\u2026 Algo incre\u00edble y alucinante, para una jovencita que tan s\u00f3lo tiene dieciocho a\u00f1os. De todos esos lugares, ciudades o pa\u00edses en los que has estado deleitando al p\u00fablico, \u00bfcon cu\u00e1les te has sentido m\u00e1s impactada por su arquitectura, su ac\u00fastica o por el calor de los espectadores que iban a verte?<\/p>\n<p style=\"text-align: justify;\"><strong>RESPUESTA:<\/strong> Los auditorios que m\u00e1s me han impactado hasta ahora han sido las salas de conciertos rusas, no solo por su larga tradici\u00f3n donde han tocado los violinistas m\u00e1s c\u00e9lebres de la historia, tales como Oistrakh, Heifetz, Menuhin etc., sino por la calidez con la que el p\u00fablico te acoge y el gran n\u00famero de ni\u00f1os que acuden por lo general a los conciertos. Me encanta ver al p\u00fablico tan joven en las salas m\u00e1s importantes del mundo, como la sala Tchaikovsky de Mosc\u00fa y la Sala Shostakovitch de San Petersburgo. Este p\u00fablico joven suele ser espont\u00e1neo y cari\u00f1oso. Me siento bien cuando hablo con los ni\u00f1os despu\u00e9s de mis conciertos.<\/p>\n<p style=\"text-align: justify;\"><a href=\"http:\/\/granadacostanacional.es\/wp-content\/uploads\/2021\/09\/Mar\u00eda-Due\u00f1as-5.jpg\"><img decoding=\"async\" loading=\"lazy\" class=\"aligncenter size-large wp-image-29380\" src=\"http:\/\/granadacostanacional.es\/wp-content\/uploads\/2021\/09\/Mar\u00eda-Due\u00f1as-5-1024x683.jpg\" alt=\"Mar\u00eda Due\u00f1as 5\" width=\"1024\" height=\"683\" \/><\/a><\/p>\n<p style=\"text-align: justify;\"><strong>PREGUNTA:<\/strong> Te han concedido numerosos premios y reconocimientos, Como el primer premio en el concurso Yehudi Menuhin Richmond 2021 y el premio de la audiencia como el 1er Premio en el Concurso Getting to Carnegie el pasado enero. Pero es que con quince a\u00f1os nada menos, ya ganaste el Concurso Internacional Mozart para J\u00f3venes M\u00fasicos de Zhuhai 2017 en China. Entre otros muchos y los que todav\u00eda te aguardan, dada tu juventud y entrega. De todos ellos, \u00bfcu\u00e1l te marco ese antes y despu\u00e9s, a la hora de seguir avanzando y evolucionando como m\u00fasico?<\/p>\n<p style=\"text-align: justify;\"><strong>RESPUESTA:<\/strong> El premio Zuhai en China, me dio much\u00edsima visibilidad, pero el premio Yehudi Menuhin tiene reconocimiento mundial y espero que me abra muchas puertas. A t\u00edtulo personal tuvo mucha importancia el primer premio en el concurso Vladimir Spivakov en Ufa. Sobre todo por la oportunidad que tuve para conocer al Maestro Spivakov m\u00e1s de cerca. Significa mucho para m\u00ed.<\/p>\n<p style=\"text-align: justify;\"><strong>PREGUNTA:<\/strong> De todos los compositores a los que has tenido el privilegio de acceder con su obra, \u00bfcon cu\u00e1les te has sentido m\u00e1s cercana y en qui\u00e9nes siempre has vito unas composiciones de mayor exigencia, a la hora de interpretarlos? Tambi\u00e9n entiendo que tendr\u00e1s entre tus metas, otros genios de la m\u00fasica a los que nos ha tenido todav\u00eda la oportunidad de llegar.<\/p>\n<p style=\"text-align: justify;\"><strong>RESPUESTA:<\/strong> Disfruto mucho interpretando las obras de uno de los m\u00e1s grandes, Johann Sebastian Bach, aunque la exigencia musical, t\u00e9cnica e interpretativa de este compositor es alt\u00edsima. Por otra parte, me apasiona la musicalidad y toda la pirotecnia violin\u00edstica que desarroll\u00f3 Niccolo Paganini, uno de los esenciales para cualquier violinista. Discrepo con parte de la cr\u00edtica, que considera que Paganini es mera t\u00e9cnica. Para interpretar correctamente a Paganini hay que tener siempre en mente, la escuela oper\u00edstica italiana y el belcanto. Otra lectura diferente de Paganini no tiene sentido. Tambi\u00e9n me resulta fascinante las voces de algunos compositores contempor\u00e1neos, a los que he podido tener acceso. De ellos destacar\u00eda a Gabriela Ortiz, que se encuentra en estos momentos componiendo un concierto de viol\u00edn para m\u00ed, que ser\u00e1 estrenado el pr\u00f3ximo a\u00f1o junto a la orquesta filarm\u00f3nica de Los \u00c1ngeles y dirigida por Gustavo Dudamel. No puedo dejar de mencionar, mi gran querido amigo Jordi Cervell\u00f3, a quien le tengo mucho cari\u00f1o. \u00c9l compuso varios caprichos para viol\u00edn dedicados a m\u00ed.<\/p>\n<p style=\"text-align: justify;\"><strong>PREGUNTA:<\/strong> Sabemos que muchos artistas tienen ciertas man\u00edas o supersticiones, a la hora de salir al escenario. En el caso de Mar\u00eda Due\u00f1as, \u00bfexiste alguna que sea confesable y que debas realizar como ritual fijo?<\/p>\n<p style=\"text-align: justify;\"><strong>RESPUESTA: <\/strong>S\u00ed, tengo varios rituales fijos y algunas supersticiones, pero no son confesables.<\/p>\n<p style=\"text-align: justify;\"><strong>PREGUNTA:<\/strong> \u00bfC\u00f3mo ves el apoyo que recibe la m\u00fasica en esos pa\u00edses europeos en los que te sueles mover habitualmente y que tienen tanta tradici\u00f3n musical, si los comparamos con lo que te has podido encontrar en Espa\u00f1a?<\/p>\n<p style=\"text-align: justify;\"><strong>RESPUESTA:<\/strong> El apoyo que recibe la m\u00fasica en los pa\u00edses centroeuropeos que conozco es encomiable. A nivel ilustrativo mencionar\u00e9 que con 13 a\u00f1os tuve la oportunidad de presentarme al concurso organizado por la fundaci\u00f3n alemana Musikleben, donde me concedieron en pr\u00e9stamo el viol\u00edn Nicolo Gagliano, con el que toco actualmente. Los instrumentos que componen la colecci\u00f3n de esta fundaci\u00f3n, son en buena parte propiedad del estado alem\u00e1n, a la que se unen las cesiones de personas privadas.<\/p>\n<p style=\"text-align: justify;\"><a href=\"http:\/\/granadacostanacional.es\/wp-content\/uploads\/2021\/09\/Mar\u00eda-Due\u00f1as-7.jpg\"><img decoding=\"async\" loading=\"lazy\" class=\"aligncenter size-large wp-image-29381\" src=\"http:\/\/granadacostanacional.es\/wp-content\/uploads\/2021\/09\/Mar\u00eda-Due\u00f1as-7-1024x683.jpg\" alt=\"Mar\u00eda Due\u00f1as 7\" width=\"1024\" height=\"683\" \/><\/a><\/p>\n<p style=\"text-align: justify;\"><strong>PREGUNTA:<\/strong> Desde Marzo del a\u00f1o pasado hasta ahora, estamos viviendo unas circunstancias inusuales y dolorosas, por el Covid-19, que parece no tener fin. Dada las diferentes variantes que est\u00e1n surgiendo, y que hacen que todas las actividades se est\u00e9n viendo afectadas en mayor o menor medida, con las consecuencias que todo ello supone en las econom\u00edas familiares y en los puestos de trabajo de miles de personas. En el caso de Mar\u00eda Due\u00f1as, el pasado 2020 y lo que llevamos de este a\u00f1o, \u00bfc\u00f3mo se ha visto afectada tu vida y la de tu actividad profesional?<\/p>\n<p style=\"text-align: justify;\"><strong>RESPUESTA:<\/strong> Efectivamente, la pandemia ha sido un momento muy dif\u00edcil para todos en general y para el mundo del arte y ha hecho que se cancelaran muchos de mis compromisos importantes. Sin embargo, yo soy una persona muy optimista y me gusta ver el lado positivo de las cosas, he tenido la serenidad para reflexionar, ampliar repertorio y trabajar en proyectos nuevos, como fue mi videoclip de mi composici\u00f3n de piano Farewell, que puede verse en el siguiente enlace.<\/p>\n<p><iframe loading=\"lazy\" title=\"&quot;Farewell&quot; (2016) composed by Mar\u00eda Due\u00f1as\" width=\"640\" height=\"360\" src=\"https:\/\/www.youtube.com\/embed\/g45YIyVWIUg?feature=oembed\" frameborder=\"0\" allow=\"accelerometer; autoplay; clipboard-write; encrypted-media; gyroscope; picture-in-picture; web-share\" allowfullscreen><\/iframe><\/p>\n<p style=\"text-align: justify;\"><strong>PREGUNTA:<\/strong> Para terminar, \u00bfexiste alguna pregunta que te hubiera haber gustado responder, pero que no hayas tenido ocasi\u00f3n de hacerlo?<\/p>\n<p style=\"text-align: justify;\"><strong>RESPUESTA:<\/strong> En principio no, la entrevista est\u00e1 bien.<\/p>\n<p style=\"text-align: justify;\">Sin m\u00e1s, quiero agradecerte enormemente el tiempo que me has dispensado a la hora de responder a estas preguntas. Con las que espero poder darte a conocer algo m\u00e1s, entre los lectores que tengan a bien acceder a ella y, de ese modo saber qui\u00e9n es Mar\u00eda Due\u00f1as. Esa joven promesa al viol\u00edn que ya es una realidad con may\u00fasculas en el mundo de la m\u00fasica universal, y que si la escuchan aunque solamente sea unos segundos, querr\u00e1n seguir oyendo la magia del sonido que s\u00f3lo Mar\u00eda sabe extraer de sus dos joyas de cuerda.<\/p>\n<p style=\"text-align: justify;\">Por lo que esperando quieras responder a una serie de preguntas tipo TEST, con las que podremos conocerte mejor. Quiero desearte todo lo mejor en lo musical y en lo personal, pues todo ayuda para un equilibrio absoluto.<\/p>\n<p style=\"text-align: justify;\">\u00a1Muchas gracias, Mar\u00eda Due\u00f1as! Que sigamos escuchando durante muchos a\u00f1os, tu arte se necesita, para enriquecernos las vidas, en estos tiempos dif\u00edciles.<\/p>\n<p style=\"text-align: justify;\"><strong>PREGUNTAS TIPO TEST: <\/strong><\/p>\n<p style=\"text-align: justify;\">\u00bfUn personaje hist\u00f3rico? Arist\u00f3teles.<\/p>\n<p style=\"text-align: justify;\">\u00bfUna \u00e9poca? La \u00e9poca dorada de la escuela violin\u00edstica rusa (principios del siglo 20).<\/p>\n<p style=\"text-align: justify;\">\u00bfUn pintor? Pierre Auguste Renoir o cualquiera de la escuela impresionista.<\/p>\n<p style=\"text-align: justify;\">\u00bfUn escultor? Auguste Rodin.<\/p>\n<p style=\"text-align: justify;\">\u00bfUn escritor? Laura Gallego.<\/p>\n<p style=\"text-align: justify;\">\u00bfUn poeta? Rainer Maria Rielke.<\/p>\n<p style=\"text-align: justify;\">\u00bfUn libro? Der Besuch der alten Dame, F. D\u00fcrrenmatt.<\/p>\n<p style=\"text-align: justify;\">\u00bfUna pel\u00edcula? Titanic.<\/p>\n<p style=\"text-align: justify;\">\u00bfUn actor? Leonardo DiCaprio.<\/p>\n<p style=\"text-align: justify;\">\u00bfUna actriz? Nicole Kidman.<\/p>\n<p style=\"text-align: justify;\">\u00bfUn compositor? Serguei Rachmaninov.<\/p>\n<p style=\"text-align: justify;\">\u00bfUn cantante? Whitney Houston.<\/p>\n<p style=\"text-align: justify;\">\u00bfUn m\u00fasico? David Oistrakh.<\/p>\n<p style=\"text-align: justify;\">\u00bfUna flor? Rosas Blancas.<\/p>\n<p style=\"text-align: justify;\">\u00bfUn animal? La lib\u00e9lula.<\/p>\n<p style=\"text-align: justify;\">\u00bfUna estaci\u00f3n del a\u00f1o? El verano.<\/p>\n<p style=\"text-align: justify;\">\u00bfUn lugar donde residir? Viena.<\/p>\n<p style=\"text-align: justify;\">\u00bfUn lugar que te gustar\u00eda visitar antes de morir? Votkinsk (Rusia).<\/p>\n<p style=\"text-align: justify;\">\u00bfUn color? El blanco.<\/p>\n<p style=\"text-align: right;\"><strong>Entrevista por Ricardo Campos Urbaneja\u00a0<\/strong><\/p>\n<p style=\"text-align: right;\"><strong>Ir\u00fan<\/strong><\/p>\n<p style=\"text-align: right;\"><a href=\"http:\/\/granadacostanacional.es\/meson-baena\/\"><img decoding=\"async\" loading=\"lazy\" class=\"aligncenter size-full wp-image-25874\" src=\"http:\/\/granadacostanacional.es\/wp-content\/uploads\/2020\/10\/baena.gif\" alt=\"baena\" width=\"696\" height=\"567\" \/><\/a><\/p>\n<p style=\"text-align: right;\"><a href=\"http:\/\/granadacostanacional.es\/wp-content\/uploads\/2021\/01\/Playa-San-Cristobal.png\"><img decoding=\"async\" loading=\"lazy\" class=\"aligncenter size-large wp-image-26941\" src=\"http:\/\/granadacostanacional.es\/wp-content\/uploads\/2021\/01\/Playa-San-Cristobal-1024x687.png\" alt=\"Playa San Cristobal\" width=\"1024\" height=\"687\" \/><\/a><\/p>\n<p style=\"text-align: right;\"><a href=\"http:\/\/redoficial.citroen.es\/motril\"><img decoding=\"async\" loading=\"lazy\" class=\"aligncenter size-large wp-image-25899\" src=\"http:\/\/granadacostanacional.es\/wp-content\/uploads\/2020\/10\/anuncio-limer-1024x620.jpg\" alt=\"anuncio limer\" width=\"1024\" height=\"620\" \/><\/a><\/p>\n<p style=\"text-align: right;\"><a href=\"https:\/\/www.restauranteelpenon.es\/\"><img decoding=\"async\" loading=\"lazy\" class=\"aligncenter size-full wp-image-25846\" src=\"http:\/\/granadacostanacional.es\/wp-content\/uploads\/2020\/10\/Pe\u00f1\u00f3n-s.gif\" alt=\"Pe\u00f1\u00f3n s\" width=\"850\" height=\"562\" \/><\/a><\/p>\n","protected":false},"excerpt":{"rendered":"<p>Tengo el privilegio de entrevistar a la violinista granadina Mar\u00eda Due\u00f1as (Diciembre, 2002), que pas\u00f3 de promesa a una realidad&hellip;<\/p>\n","protected":false},"author":3,"featured_media":29373,"comment_status":"open","ping_status":"open","sticky":false,"template":"","format":"standard","meta":{"om_disable_all_campaigns":false,"_mi_skip_tracking":false,"_monsterinsights_sitenote_active":false,"_monsterinsights_sitenote_note":"","_monsterinsights_sitenote_category":0,"footnotes":""},"categories":[21],"tags":[],"aioseo_notices":[],"_links":{"self":[{"href":"https:\/\/granadacostaglobal.es\/index.php?rest_route=\/wp\/v2\/posts\/29372"}],"collection":[{"href":"https:\/\/granadacostaglobal.es\/index.php?rest_route=\/wp\/v2\/posts"}],"about":[{"href":"https:\/\/granadacostaglobal.es\/index.php?rest_route=\/wp\/v2\/types\/post"}],"author":[{"embeddable":true,"href":"https:\/\/granadacostaglobal.es\/index.php?rest_route=\/wp\/v2\/users\/3"}],"replies":[{"embeddable":true,"href":"https:\/\/granadacostaglobal.es\/index.php?rest_route=%2Fwp%2Fv2%2Fcomments&post=29372"}],"version-history":[{"count":0,"href":"https:\/\/granadacostaglobal.es\/index.php?rest_route=\/wp\/v2\/posts\/29372\/revisions"}],"wp:featuredmedia":[{"embeddable":true,"href":"https:\/\/granadacostaglobal.es\/index.php?rest_route=\/"}],"wp:attachment":[{"href":"https:\/\/granadacostaglobal.es\/index.php?rest_route=%2Fwp%2Fv2%2Fmedia&parent=29372"}],"wp:term":[{"taxonomy":"category","embeddable":true,"href":"https:\/\/granadacostaglobal.es\/index.php?rest_route=%2Fwp%2Fv2%2Fcategories&post=29372"},{"taxonomy":"post_tag","embeddable":true,"href":"https:\/\/granadacostaglobal.es\/index.php?rest_route=%2Fwp%2Fv2%2Ftags&post=29372"}],"curies":[{"name":"wp","href":"https:\/\/api.w.org\/{rel}","templated":true}]}}