{"id":29364,"date":"2021-09-10T12:00:51","date_gmt":"2021-09-10T12:00:51","guid":{"rendered":"http:\/\/granadacostanacional.es\/?p=29364"},"modified":"2021-09-10T12:00:51","modified_gmt":"2021-09-10T12:00:51","slug":"ilusion","status":"publish","type":"post","link":"https:\/\/granadacostaglobal.es\/?p=29364","title":{"rendered":"ILUSI\u00d3N"},"content":{"rendered":"<p style=\"text-align: justify;\">La ilusi\u00f3n que florec\u00eda en la sonrisa de Clara estaba tan arraigada que ni el perene malhumor de sor Visitaci\u00f3n, que no se esforzaba en disimularlo, lograba que se borrara, y eso que la hura\u00f1a monja no le escatimaba rencorosas miradas, por hacerla madrugar m\u00e1s que al resto de la congregaci\u00f3n. Ninguna de las dos pod\u00eda evitarlo.<\/p>\n<p style=\"text-align: justify;\">Clara era la primera en llegar al colegio; su padre la acercaba todos los d\u00edas antes de ir a trabajar; siempre llegaba una hora antes que sus compa\u00f1eras, pero no quedaba m\u00e1s remedio porque su padre ten\u00eda que estar en el trabajo a las ocho y media y el colegio estaba al otro lado de la ciudad, en el barrio de los pudientes.<\/p>\n<p style=\"text-align: justify;\">Sor Visitaci\u00f3n abr\u00eda la puerta refunfu\u00f1ando, pero sin que su lengua dejara de hurgar entre los dientes buscando reliquias del desayuno que hab\u00eda engullido de cualquier manera en la cocina, pues el comedor no se abr\u00eda hasta media hora m\u00e1s tarde. \u00a1Y todo para que aquella est\u00fapida ni\u00f1a no esperara sola en la calle hasta las nueve! \u00abPero la madre superiora hab\u00eda ordenado que abriera la porter\u00eda una hora antes y contra eso no hab\u00edan peros\u00bb.<\/p>\n<p style=\"text-align: justify;\">Clara, de humilde origen, desentonaba en aquel lugar, demasiado \u00abrefinado\u00bb para ella, pero hab\u00eda tenido la suerte de ser elegida por el patr\u00f3n de su padre para compartir estudios con su hija Matilde en aquel prestigioso Colegio. Y, aunque pudiera parecer un simple acto de filantrop\u00eda, no se trataba m\u00e1s que de la terapia que un sic\u00f3logo de moda hab\u00eda urdido para que la melancol\u00eda y el complejo de inferioridad que, peri\u00f3dicamente, tend\u00edan a adue\u00f1arse de Matilde se evitaran humillando a Clara. Matilde, con ella, presum\u00eda de poseer el \u00abjuguete m\u00e1s exclusivo del colegio\u00bb, aunque permit\u00eda a sus amigas, las que la llamaban Matuca, que lo compartieran.<\/p>\n<p style=\"text-align: justify;\">Clara, en contra de lo que se pueda pensar, agradec\u00eda al dios de las monjas cada insulto que recib\u00eda, porque a cambio de aquel menoscabo pod\u00eda tener unos estudios tan completos.<\/p>\n<p style=\"text-align: justify;\">Aunque compart\u00edan aulas y estudios, Clara no ten\u00eda amigas, ni pod\u00eda aspirar a temerlas. Su funci\u00f3n conclu\u00eda con que Matuca se encontrara bien y, en eso se inclu\u00eda hacer m\u00e1s llevadero el aburrimiento de sus amigas. Si Matuca o sus amigas descubr\u00edan en ella alguna manifestaci\u00f3n de la penuria, les daba otro motivo para burlarse de ella; pero cada afrenta significaba para Clara la posible pr\u00f3rroga de su \u00abbeca\u00bb.<\/p>\n<p style=\"text-align: justify;\"><a href=\"http:\/\/granadacostanacional.es\/wp-content\/uploads\/2021\/09\/Bordado.jpg\"><img decoding=\"async\" loading=\"lazy\" class=\"aligncenter size-large wp-image-29365\" src=\"http:\/\/granadacostanacional.es\/wp-content\/uploads\/2021\/09\/Bordado-1024x682.jpg\" alt=\"Bordado\" width=\"1024\" height=\"682\" \/><\/a><\/p>\n<p style=\"text-align: justify;\">Ese d\u00eda regresaban al colegio tras las vacaciones de Navidad; todas sus compa\u00f1eras hab\u00edan llegado, como si se hubieran puesto de acuerdo, cinco minutos antes de las nueve, descend\u00edan de impresionantes autom\u00f3viles tratando de acaparar la expectaci\u00f3n de las presentes; intercambiaban entre ellas besos que ennoblecer\u00edan el de Judas, ment\u00edan sobre lo bellas que se encontraban y, al pasar junto a Clara, escupian alg\u00fan reproche o menosprecio. Tambi\u00e9n agradec\u00eda ese comportamiento; as\u00ed no precisaba interpretar que intenci\u00f3n escond\u00edan los besos que no le daban, simplemente le refregaban su opini\u00f3n.<\/p>\n<p style=\"text-align: justify;\">Todas con regalos de los que presumir, de Pap\u00e1 Noel o de los Reyes Magos, todas hab\u00edan sido \u00absorprendidas\u00bb con los car\u00edsimos regalos que hab\u00edan exigido a sus progenitores; ahora el juego consist\u00eda en despertar la envidia ajena.<\/p>\n<p style=\"text-align: justify;\">Pero Clara sab\u00eda que ellas no estaban tan ilusionadas como ella con su regalo \u00a1Y eso que ni hab\u00eda llegado a mencionarlo! Todos los comentarios de sus compa\u00f1eras versaban sobre el precio, la marca o lo que de \u00e9l dec\u00eda alguna <em>influencer<\/em>; nunca de la ilusi\u00f3n que les hab\u00eda despertado. A ella el suyo no la hab\u00eda sorprendido; llevaba meses disfrutando la ilusi\u00f3n de alcanzarlo, a\u00fan sin estar segura de recibirlo; llegar a tenerlo hab\u00eda sido el colof\u00f3n.<\/p>\n<p style=\"text-align: justify;\">A ella los Reyes no le hab\u00edan dejado una Tablet como a Amanda que, aunque ignoraba su manejo, justificar\u00eda que se arrimara a Sergio, al que le hab\u00edan dejado una casi igual, solo que de una generaci\u00f3n anterior; el padre de Sergio no ten\u00eda negocios en Corea del Sur.<\/p>\n<p style=\"text-align: justify;\">Lo de Gertrudis hab\u00eda sido m\u00e1s espectacular, en cuanto baj\u00f3 del coche, a pesar del frio que hac\u00eda, se hab\u00eda quitado la chaqueta y el chaleco de lana que llevaba hasta dejar al descubierto la blusa, de la que se desabroch\u00f3 varios botones para que sus amigas pudieran comprobar que sus nuevos pechos eran aut\u00e9nticos, no un vulgar relleno. Durante ese a\u00f1o ser\u00eda la envidia de sus compa\u00f1eras, cuyos padres no les permit\u00edan la operaci\u00f3n hasta que cumplieran los catorce.<\/p>\n<p style=\"text-align: justify;\">A Elo\u00edsa, un Pap\u00e1 Noel, espl\u00e9ndido y musical, le hab\u00eda regalado la oportunidad de ser la <em>grupi<\/em> de su conjunto musical favorito, al que hab\u00eda seguido durante las vacaciones, en cuatro de sus inolvidables actuaciones a trav\u00e9s de tres continentes; en una ocasi\u00f3n hab\u00eda compartido hotel con ellos y contaba que hab\u00eda \u00abcontactado\u00bb con el miembro m\u00e1s guapo; no hubo forma de que aclarara a que se refer\u00eda con aquel \u00abcontactado\u00bb; ella lo hab\u00eda dejado a la imaginaci\u00f3n de sus amigas; la envidia de Leonor, aliada con su patol\u00f3gica imaginaci\u00f3n, no tard\u00f3 en dar un grosera interpretaci\u00f3n al t\u00e9rmino.<\/p>\n<p style=\"text-align: justify;\">Y todas, absolutamente todas menos a Clara, hab\u00edan llegado con el \u00faltimo modelo de IPhone. Lo que reduc\u00eda el campo de la competitividad de sus poseedoras al n\u00famero de contactos que almacenaban o a sus colores, que era lo \u00fanico que los diferenciaba. Eran regalos tan cantados que, una vez exhibidos, perdieron el encanto.<\/p>\n<p style=\"text-align: justify;\">Clara, por si le preguntaban que regalo hab\u00eda recibido, hab\u00eda pensado responder lo que esperaban de ella: ninguno. Pero no tuvo oportunidad de decirlo.<\/p>\n<p style=\"text-align: justify;\">Los tiempos, en su casa, no estaban para regalos porque, aunque el colegio, los libros, el uniforme y la media pensi\u00f3n corrieran por cuenta del padre de Matilde, hab\u00edan peque\u00f1os gastos, como la gasolina que consum\u00eda el ciclomotor con que su padre la acercaba al Colegio o aquellas peque\u00f1as cosas que, aun siendo necesarias, como el desodorante, la tintorer\u00eda para algunas prendas del uniforme, que no admit\u00edan lavadora, el jab\u00f3n para la ducha, pues las monjas no le permit\u00edan usar la pastilla de Lagarto que se hab\u00eda llevado de casa y otras frusler\u00edas, no estaban incluidas en la beca que su padre negoci\u00f3 con el de Matilde, y aunque minucias desequilibraban el presupuesto dom\u00e9stico.<\/p>\n<p style=\"text-align: justify;\">Sin embargo, a Clara le hab\u00eda llegado un regalo el d\u00eda de Reyes, el que su imaginaci\u00f3n llevaba disfrutando varios meses; exactamente desde aquella tarde de s\u00e1bado, en que viendo lo contentos que sus padres se levantaban de la siesta, se atrevi\u00f3 a pedirle a su madre, con voz tr\u00e9mula por la inseguridad, ese regalo para Reyes y recibi\u00f3 por respuesta la segunda frase m\u00e1s pronunciada por su madre: \u00abYa veremos para entonces\u2026 seg\u00fan vayan las cosas\u00bb; la primera era \u00abeso no se puede hija m\u00eda\u00bb.<\/p>\n<p style=\"text-align: justify;\">Desde ese d\u00eda la ilusi\u00f3n hab\u00eda encontrado un resquicio por el que anidar en su esperanza y hab\u00eda disfrutado aquel regalo como si lo poseyera, con la ventaja de que, por mucho que pensara en \u00e9l, no se desgastaba, ni pod\u00eda romperse; Fueron miles los proyectos que su imaginaci\u00f3n teji\u00f3 y, a pesar de ello, no se cans\u00f3 ni se aburri\u00f3 con \u00e9l, ni mucho menos cuando lo tuvo en sus manos; lo miraba y contemplaba por todos sus lados y no se cansaba de realizar proyectos sobre \u00e9l. Era una ilusi\u00f3n que durar\u00eda m\u00e1s que el propio regalo: un carrete de hilo de seis hebras de un precioso color rosa franc\u00e9s para bordar a mano; ahora podr\u00eda escribir sus iniciales en todas las prendas del uniforme y que, a partir de ese momento, ser\u00edan algo m\u00e1s suyas y que cada vez que las viera recordar\u00eda la ilusi\u00f3n con que las bord\u00f3.<\/p>\n<p style=\"text-align: justify;\">Ha pasado un a\u00f1o y Clara no deja de so\u00f1ar lo que seguir\u00e1 bordando con lo que le queda de aquel hilo; sigue tan ilusionada con aquel peque\u00f1o regalo que ha olvidado pedir otro para este a\u00f1o; aunque lo tiene muy pensado: se conforma con no ser nunca como sus compa\u00f1eras.<\/p>\n<p style=\"text-align: justify;\"><strong>\u00a0<\/strong><\/p>\n<p style=\"text-align: right;\"><strong>Alberto Gim\u00e9nez Prieto<\/strong><\/p>\n<p style=\"text-align: right;\"><a href=\"http:\/\/granadacostanacional.es\/wp-content\/uploads\/2021\/01\/Cuesta-San-Blas-1.jpg\"><img decoding=\"async\" loading=\"lazy\" class=\"aligncenter wp-image-26787 size-full\" src=\"http:\/\/granadacostanacional.es\/wp-content\/uploads\/2021\/01\/Cuesta-San-Blas-1-e1610637144735.jpg\" alt=\"Cuesta San Blas 1\" width=\"800\" height=\"601\" \/><\/a><\/p>\n<p style=\"text-align: right;\"><a href=\"http:\/\/granadacostanacional.es\/wp-content\/uploads\/2021\/03\/MRW.jpg\"><img decoding=\"async\" loading=\"lazy\" class=\"aligncenter size-large wp-image-27531\" src=\"http:\/\/granadacostanacional.es\/wp-content\/uploads\/2021\/03\/MRW-1024x302.jpg\" alt=\"MRW\" width=\"1024\" height=\"302\" \/><\/a><\/p>\n","protected":false},"excerpt":{"rendered":"<p>La ilusi\u00f3n que florec\u00eda en la sonrisa de Clara estaba tan arraigada que ni el perene malhumor de sor Visitaci\u00f3n,&hellip;<\/p>\n","protected":false},"author":2,"featured_media":23523,"comment_status":"open","ping_status":"open","sticky":false,"template":"","format":"standard","meta":{"om_disable_all_campaigns":false,"_mi_skip_tracking":false,"_monsterinsights_sitenote_active":false,"_monsterinsights_sitenote_note":"","_monsterinsights_sitenote_category":0,"footnotes":""},"categories":[21,30],"tags":[],"aioseo_notices":[],"_links":{"self":[{"href":"https:\/\/granadacostaglobal.es\/index.php?rest_route=\/wp\/v2\/posts\/29364"}],"collection":[{"href":"https:\/\/granadacostaglobal.es\/index.php?rest_route=\/wp\/v2\/posts"}],"about":[{"href":"https:\/\/granadacostaglobal.es\/index.php?rest_route=\/wp\/v2\/types\/post"}],"author":[{"embeddable":true,"href":"https:\/\/granadacostaglobal.es\/index.php?rest_route=\/wp\/v2\/users\/2"}],"replies":[{"embeddable":true,"href":"https:\/\/granadacostaglobal.es\/index.php?rest_route=%2Fwp%2Fv2%2Fcomments&post=29364"}],"version-history":[{"count":0,"href":"https:\/\/granadacostaglobal.es\/index.php?rest_route=\/wp\/v2\/posts\/29364\/revisions"}],"wp:featuredmedia":[{"embeddable":true,"href":"https:\/\/granadacostaglobal.es\/index.php?rest_route=\/"}],"wp:attachment":[{"href":"https:\/\/granadacostaglobal.es\/index.php?rest_route=%2Fwp%2Fv2%2Fmedia&parent=29364"}],"wp:term":[{"taxonomy":"category","embeddable":true,"href":"https:\/\/granadacostaglobal.es\/index.php?rest_route=%2Fwp%2Fv2%2Fcategories&post=29364"},{"taxonomy":"post_tag","embeddable":true,"href":"https:\/\/granadacostaglobal.es\/index.php?rest_route=%2Fwp%2Fv2%2Ftags&post=29364"}],"curies":[{"name":"wp","href":"https:\/\/api.w.org\/{rel}","templated":true}]}}