{"id":29222,"date":"2021-08-24T10:29:46","date_gmt":"2021-08-24T10:29:46","guid":{"rendered":"http:\/\/granadacostanacional.es\/?p=29222"},"modified":"2021-08-24T10:29:46","modified_gmt":"2021-08-24T10:29:46","slug":"sucesivos-terrales-merman-los-tropicales-en-la-axarquia","status":"publish","type":"post","link":"https:\/\/granadacostaglobal.es\/?p=29222","title":{"rendered":"SUCESIVOS TERRALES MERMAN LOS TROPICALES EN LA AXARQUIA"},"content":{"rendered":"<p style=\"text-align: justify;\"><em>Conviene recurrir a la historia, cuando el mes de Julio reci\u00e9n terminado ha castigado severamente a la rica industria tropical de la Axarqu\u00eda, propinando unos persistentes terrales con temperaturas de 46\u00baC, y tirando al suelo una buena parte de las imponentes cosechas de aguacates y mangos que ya fructificaban en su arboleda, con un tama\u00f1o mayor que una cereza.<\/em><\/p>\n<p style=\"text-align: justify;\"><em>\u00a0\u00a0\u00a0\u00a0\u00a0\u00a0 Las dudas que asist\u00edan al agricultor antes de la llegada del terral, era si podr\u00eda conseguir el suficiente riego para cubrir las necesidades de ambas especies, en un mes de agosto cercano que, seg\u00fan los pron\u00f3sticos, las altas temperaturas que hab\u00edamos de soportar requerir\u00edan una cantidad de agua que no ten\u00edamos. Y en esas estamos.\u00a0 Sin recursos acu\u00edferos a los que recurrir, para mantener un n\u00famero de frutos que permitieran cubrir los cada d\u00eda mayores gastos.\u00a0 <\/em><\/p>\n<p style=\"text-align: justify;\"><em>\u00a0\u00a0\u00a0\u00a0 Ser\u00eda improcedente en este caso culpar al manido \u201ccambio clim\u00e1tico\u201d\u00a0\u00a0 del desaguisado, porque los terrales se han venido produciendo de vez en cuando en la Axarqu\u00eda, desde que en el a\u00f1o 1994 tuvimos el primer aviso que afect\u00f3 al fruto de\u00a0 aguacate ya instalado en la zona y pudo acabar con los \u00e1rboles, si la Vi\u00f1uela no hubiera socorrido con la cantidad de agua entonces almacenada en la presa \u00a0para ser inaugurada y facilitara unos \u00a0riegos de emergencia que mantuvo viva la especie para a\u00f1os venideros.<\/em><\/p>\n<p style=\"text-align: justify;\"><em>\u00a0\u00a0\u00a0 Pero es momento de recapacitar, porque el problema central de los cultivos tropicales es la falta de lluvia que de siempre ha padecido la costa que nos ocupa. La Axarqu\u00eda tuvo agua suficiente en sus numerosos pozos, para mantener los primorosos cultivos de huerta que la hicieron famosa en tiempos no tan lejanos (patata temprana, alcachofas, jud\u00edas, berenjenas, pimientos etc.) y que, por su excelente clima, se anticipaba con sus frutos a las dem\u00e1s regiones espa\u00f1olas. Pero en la actualidad, el problema est\u00e1 siendo la excesiva masa arb\u00f3rea que verdea con sus plantas en el entorno poblado de su paisaje monta\u00f1oso, cuya cantidad exige un riego que en el futuro no se podr\u00e1 dar, salvo que la administraci\u00f3n rescate con los trasvases la cantidad de hect\u00f3metros que cada a\u00f1o se pierden en el mar.<\/em><\/p>\n<p style=\"text-align: justify;\"><em>\u00a0\u00a0\u00a0\u00a0 Por ello recurro al pasado y relato a continuaci\u00f3n un escrito \u201chist\u00f3rico\u201d que escrib\u00ed hace a\u00f1os, y titulaba <strong>\u201cUna ola de calor merma las producciones tropicales en Espa\u00f1a\u201d.<\/strong> <\/em><\/p>\n<p style=\"text-align: justify;\"><strong>\u00a0\u00a0\u00a0\u00a0\u00a0 \u201c<\/strong><strong><em>Era el mes de agosto de 1994, <\/em><\/strong><em>y publicaba yo en alguna revista europea y especialmente en el <strong>INTERNATIONAL FRUIT WORLD<\/strong> el art\u00edculo que adjunto. Y lo publico aqu\u00ed y ahora, 27 a\u00f1os despu\u00e9s, porque las circunstancias son las mismas de entonces, aunque cada vez m\u00e1s acusadas por la misma \u201cpertinaz sequ\u00eda\u201d, pero con una mucho mayor demanda&#8230; \u00a0<\/em><\/p>\n<p style=\"text-align: justify;\">\u00a0\u00a0\u00a0\u00a0\u00a0\u00a0\u00a0\u00a0\u00a0\u00a0\u00a0\u00a0\u00a0\u00a0 \u201cResulta parad\u00f3jico que, precisamente una ola de calor en pleno mes de julio, absolutamente inesperada (hac\u00eda m\u00e1s de cincuenta a\u00f1os que no marcaban los term\u00f3metros 50\u00baC) haya venido a perturbar, de manera lamentable, la buena marcha de las producciones tropicales de la costa andaluza, en un a\u00f1o precisamente que, a juzgar por el espectacular cuajado de los \u00e1rboles hubiera sido el de mayor tonelaje de fruto de todas las especies, desde que se establecieron las plantas subtropicales. Las costas granadina y malague\u00f1a se han visto alfombradas de frutos inacabados, que en su precocidad han sido barridos de las ramas por el asfixiante bochorno que atac\u00f3 a ra\u00edces, hojas y fruto de tan preciadas especies.<\/p>\n<p style=\"text-align: justify;\"><a href=\"http:\/\/granadacostanacional.es\/wp-content\/uploads\/2021\/08\/j1.jpg\"><img decoding=\"async\" loading=\"lazy\" class=\"aligncenter size-full wp-image-29223\" src=\"http:\/\/granadacostanacional.es\/wp-content\/uploads\/2021\/08\/j1.jpg\" alt=\"j1\" width=\"480\" height=\"640\" \/><\/a><\/p>\n<p style=\"text-align: justify;\">\u00a0\u00a0\u00a0\u00a0\u00a0\u00a0\u00a0\u00a0\u00a0\u00a0\u00a0\u00a0\u00a0\u00a0 Desde que las laderas penib\u00e9ticas del litoral de Granada primero y M\u00e1laga despu\u00e9s, se fueron poblando de chirimoyos en la d\u00e9cada de los cincuenta, ocupando limitadas parcelas de huerta localizadas en las vegas de Almu\u00f1\u00e9car, Motril, Jete y Ot\u00edvar y algo m\u00e1s tarde en la d\u00e9cada de los sesenta acompa\u00f1\u00e1ndose de aguacates que se extendieron r\u00e1pidamente por la costa malague\u00f1a, jam\u00e1s se hab\u00eda conocido un accidente clim\u00e1tico como el que en la presente campa\u00f1a se ha dejado sentir con intermitentes golpes de calor, o terrales, \u00a0que han mermado las producciones de frutos tropicales a menos de la mitad de cuanto cab\u00eda esperar en un a\u00f1o de grandes expectativas.<\/p>\n<p style=\"text-align: justify;\">\u00a0\u00a0\u00a0\u00a0\u00a0\u00a0\u00a0\u00a0\u00a0\u00a0\u00a0\u00a0\u00a0\u00a0 Las tres especies que ya son una realidad en nuestra costa, la chirimoya, el aguacate y el mango, has sufrido serios quebrantos, que dejar\u00e1n huella en la fr\u00e1gil econom\u00eda de los inversores del sector, y muy especialmente en los numerosos peque\u00f1os agricultores que han apostado tambi\u00e9n por los cultivos arb\u00f3reos cuyas producciones a largo plazo, no empiezan a dar sus frutos hasta transcurridos de cinco a seis a\u00f1os de su plantaci\u00f3n.<\/p>\n<p style=\"text-align: justify;\">\u00a0\u00a0\u00a0\u00a0\u00a0\u00a0\u00a0\u00a0\u00a0\u00a0\u00a0\u00a0\u00a0\u00a0 Empezando por la chirimoya, cuya implantaci\u00f3n en la costa granadina supera los cien a\u00f1os, dispone de una superficie actual de 3.266 Has (Servicios de Extensi\u00f3n Agraria) con una producci\u00f3n aproximada de 30.000 Tm.\u00a0 el \u00faltimo a\u00f1o, y seg\u00fan indican los expertos del lugar, las producciones se ver\u00edan reducidas -sobre todo en las cosechas de oto\u00f1o- en un 30%, esperando que puedan normalizarse en las cosechas tard\u00edas o de invierno, en el supuesto de que los \u00e1rboles no hayan sido afectados gravemente y puedan rehacerse para esas fechas. En cualquier caso, la oferta se ver\u00e1 disminuida en sus mejores calibres en 10.000 Tm. de fruto, comparativamente con un a\u00f1o normal de la \u00faltima etapa productora.<\/p>\n<p style=\"text-align: justify;\">\u00a0\u00a0\u00a0\u00a0\u00a0\u00a0\u00a0\u00a0\u00a0\u00a0\u00a0\u00a0\u00a0\u00a0 En cuanto al aguacate el problema es mayor, toda vez que las 9.000 Has. censadas en las costas granadina y malague\u00f1a, promet\u00edan en la presente campa\u00f1a una producci\u00f3n de 50.000 Tm. de fruto. Un a\u00f1o brillant\u00edsimo que alcanzar\u00eda el techo productivo hasta la fecha y cuyas expectativas en junio no daban lugar a dudas, a juzgar por la abundante carga de fruto que presentaban los \u00e1rboles. Pues bien: la opini\u00f3n generalizada se acerca a las 20.000 Tm. de m\u00e1xima producci\u00f3n, aunque algunas asociaciones de diferentes zonas se atreven a pronosticar que quedar\u00e1n 25.000 Tm. de aguacates. De una u otra manera, como dichas cifras se corresponden con el consumo de nuestro mercado interior aproximadamente, cabe pensar que nuestra exportaci\u00f3n a la UE este a\u00f1o, ser\u00e1 similar al tonelaje que Espa\u00f1a pueda importar de otros pa\u00edses. Es decir, lo comido por lo servido. Y nuestro pa\u00eds proveedor \u2013al igual que a la Comunidad- ser\u00e1 M\u00e9xico, ya que seg\u00fan parece Israel tambi\u00e9n se ha visto afectado por el golpe de calor y su variedad Hass el presente a\u00f1o brillar\u00e1 por su ausencia en Europa.<\/p>\n<p style=\"text-align: justify;\">\u00a0\u00a0\u00a0\u00a0\u00a0\u00a0\u00a0\u00a0\u00a0\u00a0\u00a0 Y termino analizando la situaci\u00f3n del mango, que, \u00a0aunque las producciones son poco importantes todav\u00eda, dada la escasa superficie plantada (alrededor de 1.000 Has) a juzgar por la fruta que pende de los \u00e1rboles, la oferta no llegar\u00e1 ni con mucho a las 1.000 Tm. cuando la cifra prevista por el sector podr\u00eda haberse acercado a las 2.000 Tm. comercializables.<\/p>\n<p style=\"text-align: justify;\">\u00a0\u00a0\u00a0\u00a0\u00a0\u00a0\u00a0\u00a0\u00a0\u00a0\u00a0\u00a0\u00a0\u00a0 Un panorama desolador, que no por su temporalidad, deja de tener importancia. Las plantaciones de tropicales requieren grandes inversiones, no solo por los costes de implantaci\u00f3n y mantenimiento, sino por la paciente espera que dicha inversi\u00f3n exige, toda vez que las producciones normales no empiezan a recogerse hasta los siete u ocho a\u00f1os de haber sido plantadas. Los c\u00e1lculos del agricultor tropical est\u00e1n muy medidos y cualquier imprevisto clim\u00e1tico o de otra naturaleza, como el que le ha sorprendido este lamentable mes de Julio, representa un grav\u00edsimo problema econ\u00f3mico que merece la pena considerar y evaluar.<\/p>\n<p style=\"text-align: justify;\">\u00a0\u00a0\u00a0\u00a0\u00a0\u00a0\u00a0\u00a0\u00a0\u00a0\u00a0\u00a0\u00a0\u00a0 Si bien es verdad seg\u00fan nos cuenta la historia, que estos desequilibrios clim\u00e1ticos se producen raramente en toda una generaci\u00f3n agr\u00edcola, tambi\u00e9n es verdad que cuando se presentan debe d\u00e1rselos el tratamiento adecuado, como cuando las cat\u00e1strofes llegan por agua, incendios o calamidades de cualquier naturaleza.<\/p>\n<p style=\"text-align: justify;\">\u00a0\u00a0\u00a0\u00a0\u00a0\u00a0\u00a0\u00a0\u00a0\u00a0\u00a0\u00a0\u00a0\u00a0 Merece, pese a todo, contemplar con optimismo el futuro de los tropicales que est\u00e1n convirtiendo nuestra costa de Andaluc\u00eda Oriental en un vergel siempre verde, con aguacates y mangos y muy pronto litchis, que vienen cubriendo de manera importante las zonas monta\u00f1osas de nuestro litoral en hileras interminables de arbolado, protegiendo adem\u00e1s con ello de la terrible erosi\u00f3n que se ven amenazadas las costas andaluzas\u201d.<\/p>\n<p style=\"text-align: justify;\"><strong><em>\u00a0\u00a0\u00a0\u00a0\u00a0\u00a0\u00a0\u00a0\u00a0\u00a0\u00a0\u00a0\u00a0 <\/em><\/strong><em>Para terminar, quiero recordar <\/em><em>que con motivo de una \u00a0fuerte sequ\u00eda que tuvimos en el mes de<\/em> <em>\u00a0<strong>agosto de 2016<\/strong>, y la consecuente preocupaci\u00f3n de los agricultores, la Asociaci\u00f3n de Frutos Tropicales y la totalidad de los Grupos de Riego y agricultores\u00a0 de la Axarqu\u00eda, todos \u00a0unidos, decidieron la formaci\u00f3n de una PLATAFORMA, con la que iniciaron\u00a0 negociaciones con las autoridades que se ocupaban del tema hidrogr\u00e1fico para buscar soluciones; soluciones inmediatas\u00a0 que pudieran resolver el grave problema que se presentar\u00eda en un futuro cercano con los escasos recursos acu\u00edferos que dispon\u00edan y el crecimiento imparable de dichos cultivos. Y as\u00ed seguimos hasta el d\u00eda de hoy. <\/em><\/p>\n<p style=\"text-align: justify;\"><em>Y terminando con la historia, y la escasez de agua, la \u00fanica respuesta practica y decisiva tenida sobre La Vi\u00f1uela, fue el Plan Guaro quienes adjudicaron el agua del embalse, exclusivamente a las fincas situadas hasta la cota 140, con una dotaci\u00f3n de 7.000 m\/3 hect\u00e1rea y a\u00f1o, cantidad que seg\u00fan los t\u00e9cnicos cualificados era lo imprescindible para una plantaci\u00f3n de aguacates. Desde aquellas fechas de la adjudicaci\u00f3n y con las p\u00e9rdidas que el embalse ha venido teniendo en los \u00faltimos a\u00f1os debido a la escasez de lluvia, en el periodo hidrol\u00f3gico actual de octubre de 2020 a finales de septiembre de 2021, la dotaci\u00f3n ha sido rebajada a 3.000 m\/3 hect\u00e1rea y a\u00f1o para las 6.500 Has de la cota 140; agua t\u00e9cnicamente insuficiente para mantener una hect\u00e1rea de cualquier cultivo tropical.<\/em><\/p>\n<p style=\"text-align: right;\"><strong><em>Juli\u00e1n D\u00edaz Robledo<\/em><\/strong><\/p>\n<p style=\"text-align: right;\"><a href=\"http:\/\/granadacostanacional.es\/wp-content\/uploads\/2021\/03\/MRW.jpg\"><img decoding=\"async\" loading=\"lazy\" class=\"aligncenter size-large wp-image-27531\" src=\"http:\/\/granadacostanacional.es\/wp-content\/uploads\/2021\/03\/MRW-1024x302.jpg\" alt=\"MRW\" width=\"1024\" height=\"302\" \/><\/a><\/p>\n","protected":false},"excerpt":{"rendered":"<p>Conviene recurrir a la historia, cuando el mes de Julio reci\u00e9n terminado ha castigado severamente a la rica industria tropical&hellip;<\/p>\n","protected":false},"author":2,"featured_media":18457,"comment_status":"open","ping_status":"open","sticky":false,"template":"","format":"standard","meta":{"om_disable_all_campaigns":false,"_mi_skip_tracking":false,"_monsterinsights_sitenote_active":false,"_monsterinsights_sitenote_note":"","_monsterinsights_sitenote_category":0,"footnotes":""},"categories":[21,30],"tags":[],"aioseo_notices":[],"_links":{"self":[{"href":"https:\/\/granadacostaglobal.es\/index.php?rest_route=\/wp\/v2\/posts\/29222"}],"collection":[{"href":"https:\/\/granadacostaglobal.es\/index.php?rest_route=\/wp\/v2\/posts"}],"about":[{"href":"https:\/\/granadacostaglobal.es\/index.php?rest_route=\/wp\/v2\/types\/post"}],"author":[{"embeddable":true,"href":"https:\/\/granadacostaglobal.es\/index.php?rest_route=\/wp\/v2\/users\/2"}],"replies":[{"embeddable":true,"href":"https:\/\/granadacostaglobal.es\/index.php?rest_route=%2Fwp%2Fv2%2Fcomments&post=29222"}],"version-history":[{"count":0,"href":"https:\/\/granadacostaglobal.es\/index.php?rest_route=\/wp\/v2\/posts\/29222\/revisions"}],"wp:featuredmedia":[{"embeddable":true,"href":"https:\/\/granadacostaglobal.es\/index.php?rest_route=\/"}],"wp:attachment":[{"href":"https:\/\/granadacostaglobal.es\/index.php?rest_route=%2Fwp%2Fv2%2Fmedia&parent=29222"}],"wp:term":[{"taxonomy":"category","embeddable":true,"href":"https:\/\/granadacostaglobal.es\/index.php?rest_route=%2Fwp%2Fv2%2Fcategories&post=29222"},{"taxonomy":"post_tag","embeddable":true,"href":"https:\/\/granadacostaglobal.es\/index.php?rest_route=%2Fwp%2Fv2%2Ftags&post=29222"}],"curies":[{"name":"wp","href":"https:\/\/api.w.org\/{rel}","templated":true}]}}