{"id":29169,"date":"2021-08-17T08:01:57","date_gmt":"2021-08-17T08:01:57","guid":{"rendered":"http:\/\/granadacostanacional.es\/?p=29169"},"modified":"2021-08-17T08:01:57","modified_gmt":"2021-08-17T08:01:57","slug":"cuando-cacarean-los-ignorantes-maleducados-y-de-encefalograma-plano","status":"publish","type":"post","link":"https:\/\/granadacostaglobal.es\/?p=29169","title":{"rendered":"CUANDO CACAREAN LOS IGNORANTES, MALEDUCADOS Y DE ENCEFALOGRAMA PLANO"},"content":{"rendered":"<p style=\"text-align: justify;\"><strong>E<\/strong>xiste una forma de definir a un individuo que realiza una acci\u00f3n, bien sea de obra o de palabra, conscientemente y sin pensar en sus consecuencias (pedante, soberbio, eg\u00f3latra), pero, eso s\u00ed, con una gran maldad en ello. Es el caso del individuo que nos ocupa hoy por haber sido durante dos a\u00f1os un personaje p\u00fablico y no ha dudado, con un gran desprecio palpable, en insultar a 43 millones de espa\u00f1oles que s\u00ed aman a Espa\u00f1a y la defienden y, encima, lo hace despectivamente. Si usted se considera independentista, a m\u00ed ni fu ni fa, puede ser lo que quiera si eso le hace feliz, pero le hago una pregunta: \u00bfsabe usted, politiquillo barato y de ocasi\u00f3n, lo que es ser independentista? Por supuesto que no lo sabe, qu\u00e9 va a saber usted. \u00abAserr\u00edn, aserr\u00e1n los maderos de San Juan\u00bb, que es de lo que usted entiende (?).<\/p>\n<p style=\"text-align: justify;\">Hace unos d\u00edas le\u00ed un art\u00edculo, en el peri\u00f3dico <em>\u00daltima Hora<\/em>, del estupendo periodista <strong>Luis del Val<\/strong>, sobre las palabras pronunciadas por el ex presidente del Parlament Balear, <strong>Baltasar Picornell<\/strong>, que lo fue por el partido que, poco a poco, \u00abgratia a D\u00e9us\u00bb, se va difuminando dentro del panorama convulso de la pol\u00edtica espa\u00f1ola. El partido de <em>Podemos<\/em>, <em>podemas<\/em>, <em>podemes<\/em><strong>,<\/strong> como dir\u00eda la inefable ministra. Por cierto, esta se\u00f1ora le da tantos bofetones al diccionario que me han dicho que algunos acad\u00e9micos no duermen de la risa que les da al escuchar a la se\u00f1ora ministra. Ministra de no s\u00e9 qu\u00e9. Que eso no importa, lo importante para ella es ganar un buen sueldo y tener cuota de pantalla.<\/p>\n<p style=\"text-align: justify;\">Volviendo al se\u00f1or Baltasar Picornell, por no decirle otra cosa, ha colgado en las redes lo siguiente: <strong>\u00abBuenos d\u00edas, pa\u00edses catalanes. Viva la tierra y puta Espa\u00f1a\u00bb<\/strong><em>.<\/em> No s\u00e9 si este elemento se ha dado cuenta de que nos ha dicho a todos los espa\u00f1oles, incluidos los independentistas y ecosoberanistas, que somos unas putas. Vamos a ver, Sr. Picornell, \u00bfqu\u00e9 es eso de los pa\u00edses catalanes? Puede ser que cuando estuvo en la escuela de primaria de su pueblo no le dieran clases sobre geograf\u00eda.<\/p>\n<p style=\"text-align: justify;\">\u00a0\u00a0\u00a0\u00a0\u00a0\u00a0\u00a0\u00a0\u00a0\u00a0\u00a0 Si se refiere a pa\u00edses catalanes porque se habla la misma lengua \u2013con variantes en cada una de ellas\u2013, por eso mismo tambi\u00e9n podr\u00edamos decir \u00abpa\u00edses castellanos\u00bb, por el hecho de que la lengua castellana \u2013le recuerdo a usted que tambi\u00e9n es su lengua, aunque la hable mal\u2013 se habla en distintas autonom\u00edas de Espa\u00f1a, esa Espa\u00f1a a la que usted desprecia, pero de la que cobr\u00f3, mientras fue usted presidente del Parlamento Balear, y no se le oy\u00f3 decir nunca que no quer\u00eda el dinero de la \u00abputa Espa\u00f1a\u00bb.<\/p>\n<p style=\"text-align: justify;\">\u00a0\u00a0\u00a0\u00a0\u00a0\u00a0\u00a0\u00a0\u00a0\u00a0\u00a0 Yo no le vot\u00e9 ni me sent\u00ed representado por usted, y voy a tratar de conseguir (aunque s\u00e9 que va a ser imposible) que me devuelvan aunque solamente sea un c\u00e9ntimo de los impuestos que yo pagu\u00e9 para que usted \u2013que no sirvi\u00f3 para nada\u2013 cada mes hinchara su cuenta. Estaba usted dentro de un traje que le era demasiado estrecho. Debiera darle verg\u00fcenza, si no como individuo, s\u00ed al menos por lo que represent\u00f3 usted durante un tiempo. Pero qu\u00e9 se puede esperar de usted, que fue a una audiencia de Su Majestad el rey con zapatillas, que por otro lado no nos debe de extra\u00f1ar, su jefe entonces fue a una audiencia con el rey en manga de camisa y unos d\u00edas m\u00e1s tarde asisti\u00f3 a la entrega de los Goya del cine con esmoquin. No s\u00e9 si es usted un buen carpintero (noble oficio y que me gusta), pero como pol\u00edtico me causa urticaria.<\/p>\n<p style=\"text-align: justify;\">\u00a0\u00a0\u00a0\u00a0\u00a0\u00a0\u00a0\u00a0\u00a0\u00a0\u00a0 Luis del Val, en su magn\u00edfico art\u00edculo, dice: \u00abNo he sentido una gran desolaci\u00f3n porque el dispensador de t\u00edtulos de hijo de puta pertenece a esa parte de Espa\u00f1a que no quiere serlo, y que sigue siendo minoritaria. Sumando los secesionistas vascos, catalanes, baleares y asimilados, no llegan a cuatro millones, mientras los hijos de puta sumamos algo m\u00e1s de 43 millones. Esta abrumadora mayor\u00eda es reconfortante\u2026\u00bb.<\/p>\n<p style=\"text-align: justify;\">\u00a0\u00a0\u00a0\u00a0\u00a0\u00a0\u00a0\u00a0\u00a0\u00a0\u00a0 Se\u00f1or Picornell, es usted un maleducado, pero est\u00e9 contento que faltones como usted hay bastantes en esa manada de independentistas pla\u00f1ideros que solamente saben decir mentiras, y que Espa\u00f1a les roba. El idioma catal\u00e1n es un idioma bello que hay que proteger. En ese idioma, sin ser yo natural de aqu\u00ed, pero sinti\u00e9ndome mallorqu\u00edn \u2013m\u00e1s que usted\u2013, sin dejar de ser andaluz y por ende espa\u00f1ol y a mucho orgullo, he le\u00eddo a Joan Alcover, a Mar\u00eda Antonia Salv\u00e0, a Blay Bonet, a Miquel Costa i Llovera, y a otros muchos estupendos poetas y escritores en lengua catalana. Dudo que usted haya le\u00eddo a algunos de ellos. Espero que haga una sencilla reflexi\u00f3n y tenga la nobleza de pedir perd\u00f3n a los 43 millones de espa\u00f1oles a los que ha ofendido.<\/p>\n<p style=\"text-align: justify;\">\u00a0\u00a0\u00a0\u00a0\u00a0\u00a0\u00a0\u00a0\u00a0\u00a0\u00a0 Usted ha dicho: <strong>\u00abYo me cago en la Espa\u00f1a actual\u00bb<\/strong>. No conozco las dimensiones de su culo, ni la capacidad de almacenamiento de su intestino grueso, pero como me consta que Espa\u00f1a tiene un territorio superior a los 500 000 km<sup>2<\/sup>, est\u00e1 claro que no hay cag\u00f3n m\u00e1s grande que Baltasar Picornell. Que haga lo que sabe, que los hijos de puta \u2013seg\u00fan \u00e9l\u2013 procuraremos protegernos de su mierda.<\/p>\n<p>&nbsp;<\/p>\n<p style=\"text-align: right;\"><strong>Marcelino Arellano Alabarces<\/strong><\/p>\n<p style=\"text-align: right;\"><strong>Palma de Mallorca<\/strong><\/p>\n","protected":false},"excerpt":{"rendered":"<p>Existe una forma de definir a un individuo que realiza una acci\u00f3n, bien sea de obra o de palabra, conscientemente&hellip;<\/p>\n","protected":false},"author":3,"featured_media":11995,"comment_status":"open","ping_status":"open","sticky":false,"template":"","format":"standard","meta":{"om_disable_all_campaigns":false,"_mi_skip_tracking":false,"_monsterinsights_sitenote_active":false,"_monsterinsights_sitenote_note":"","_monsterinsights_sitenote_category":0,"footnotes":""},"categories":[30],"tags":[],"aioseo_notices":[],"_links":{"self":[{"href":"https:\/\/granadacostaglobal.es\/index.php?rest_route=\/wp\/v2\/posts\/29169"}],"collection":[{"href":"https:\/\/granadacostaglobal.es\/index.php?rest_route=\/wp\/v2\/posts"}],"about":[{"href":"https:\/\/granadacostaglobal.es\/index.php?rest_route=\/wp\/v2\/types\/post"}],"author":[{"embeddable":true,"href":"https:\/\/granadacostaglobal.es\/index.php?rest_route=\/wp\/v2\/users\/3"}],"replies":[{"embeddable":true,"href":"https:\/\/granadacostaglobal.es\/index.php?rest_route=%2Fwp%2Fv2%2Fcomments&post=29169"}],"version-history":[{"count":0,"href":"https:\/\/granadacostaglobal.es\/index.php?rest_route=\/wp\/v2\/posts\/29169\/revisions"}],"wp:featuredmedia":[{"embeddable":true,"href":"https:\/\/granadacostaglobal.es\/index.php?rest_route=\/"}],"wp:attachment":[{"href":"https:\/\/granadacostaglobal.es\/index.php?rest_route=%2Fwp%2Fv2%2Fmedia&parent=29169"}],"wp:term":[{"taxonomy":"category","embeddable":true,"href":"https:\/\/granadacostaglobal.es\/index.php?rest_route=%2Fwp%2Fv2%2Fcategories&post=29169"},{"taxonomy":"post_tag","embeddable":true,"href":"https:\/\/granadacostaglobal.es\/index.php?rest_route=%2Fwp%2Fv2%2Ftags&post=29169"}],"curies":[{"name":"wp","href":"https:\/\/api.w.org\/{rel}","templated":true}]}}