{"id":29143,"date":"2021-08-14T09:36:41","date_gmt":"2021-08-14T09:36:41","guid":{"rendered":"http:\/\/granadacostanacional.es\/?p=29143"},"modified":"2021-08-14T09:36:41","modified_gmt":"2021-08-14T09:36:41","slug":"cuando-se-esta-preparado-aparece-el-maestro","status":"publish","type":"post","link":"https:\/\/granadacostaglobal.es\/?p=29143","title":{"rendered":"CUANDO SE EST\u00c1 PREPARADO APARECE EL MAESTRO"},"content":{"rendered":"<p style=\"text-align: justify;\">Es una frase que suelo escuchar a menudo, y de la que soy consciente desde hace a\u00f1os.<\/p>\n<p style=\"text-align: justify;\">\u00a0 \u00a0\u00a0\u00a0\u00a0\u00a0\u00a0\u00a0\u00a0\u00a0\u00a0\u00a0\u00a0 Sin embargo, cuando era ni\u00f1o, me preguntaba con frecuencia d\u00f3nde estaba mi maestro, aquella persona que iba a guiarme, que me prestar\u00eda claridad, visi\u00f3n, brillo. En mi entorno una persona de estas caracter\u00edsticas brillaba por su ausencia. Yo no ten\u00eda maestro o al menos eso pens\u00e9 durante muchas d\u00e9cadas.<\/p>\n<p style=\"text-align: justify;\">\u00a0 \u00a0\u00a0\u00a0\u00a0\u00a0\u00a0\u00a0\u00a0\u00a0\u00a0\u00a0\u00a0 M\u00e1s tarde, pude entender el significado de este significativo hecho. El maestro nunca me ha faltado, estuvo conmigo en todo momento, solo que disfrazado y adoptando numerosos aspectos.<\/p>\n<p style=\"text-align: justify;\">\u00a0\u00a0\u00a0\u00a0\u00a0\u00a0\u00a0\u00a0\u00a0\u00a0\u00a0\u00a0\u00a0\u00a0\u00a0 \u00a0El maestro era mi padre, ense\u00f1\u00e1ndome a resistir, a ser verdaderamente duro, tenaz, capaz de aguantar las sacudidas continuas y los varapalos con los que \u00e9l me trataba.<\/p>\n<p style=\"text-align: justify;\">\u00a0 \u00a0\u00a0\u00a0\u00a0\u00a0\u00a0\u00a0\u00a0\u00a0\u00a0\u00a0\u00a0 El maestro era mi abuela, esa santa mujer, peque\u00f1a y enjuta, que actuaba conmigo cual de si un \u00e1ngel se tratara (todav\u00eda lo hace desde el otro lado), mimando mi corta infancia, alentando mis fantas\u00edas y siendo b\u00e1lsamo en los d\u00edas en que ya casi nada esperaba.<\/p>\n<p style=\"text-align: justify;\">\u00a0\u00a0\u00a0\u00a0\u00a0\u00a0\u00a0\u00a0\u00a0\u00a0\u00a0\u00a0\u00a0\u00a0\u00a0 El maestro era mi madre, padeciendo los escarnios a que mi padre la somet\u00eda y resistiendo d\u00eda a d\u00eda en un ambiente hostil, cargando su vida de hijos, dejando morir los sue\u00f1os que nunca logr\u00f3 cumplir e intentando poner algo de ilusi\u00f3n en su vida, mientras escapaban los a\u00f1os que ya nunca habr\u00edan de repetirse.<\/p>\n<p style=\"text-align: justify;\">\u00a0\u00a0\u00a0\u00a0\u00a0\u00a0\u00a0\u00a0\u00a0\u00a0\u00a0\u00a0\u00a0\u00a0\u00a0 El maestro estaba en la escuela donde aprend\u00eda con avidez a leer, a pronunciar bien las palabras y modular la entonaci\u00f3n de las mismas. En los profesores, cada uno ofreciendo algo que despertaba mi curiosidad y encend\u00eda la l\u00e1mpara de mi entendimiento, ya fuera hacia alguna de las materias (casi siempre la religi\u00f3n, el dibujo, el lenguaje) o bien orientando mi afici\u00f3n al teatro. En los compa\u00f1eros de clase y de juegos, con los que iba creciendo paso a paso, interes\u00e1ndome por el mundo y todo lo que rodeaba el quehacer de aquel que era nuestro peque\u00f1o pueblo, con todo cuanto escond\u00eda cada personaje que marc\u00f3 y defini\u00f3 el marco en que habr\u00eda de transcurrir mis a\u00f1os primeros y mi adolescencia.<\/p>\n<p style=\"text-align: justify;\">\u00a0 \u00a0\u00a0\u00a0\u00a0\u00a0\u00a0\u00a0\u00a0\u00a0\u00a0\u00a0\u00a0 El maestro estaba dentro de m\u00ed, cantando su canci\u00f3n de vida, anunciando su presencia en el viento entre las hojas, en mi amor por la naturaleza, en la armon\u00eda que present\u00eda en las cosas sencillas, en los colores con que se revest\u00eda la tarde antes de que aparecieran las estrellas.<\/p>\n<p style=\"text-align: justify;\">\u00a0 \u00a0\u00a0\u00a0\u00a0\u00a0\u00a0\u00a0\u00a0\u00a0\u00a0\u00a0\u00a0 El maestro me habl\u00f3 siempre, se\u00f1alaba caminos entre lo invisible, prend\u00eda en mi coraz\u00f3n la magia silenciosa con sus breves destellos, e ilusionaba mi mente con el simple aleteo de blancas mariposas, el hacer cotidiano y ordenado de las hormigas. Cualquier cosa, a veces tenue e insignificante, sirvi\u00f3 en su momento m\u00e1s que las palabras y me llev\u00f3 lejos en sue\u00f1os y deseos.\u00a0 Hasta que aprend\u00ed que nada es peque\u00f1o o grande, que todo es valioso, que la importancia no est\u00e1 encerrada en el tama\u00f1o sino en las acciones, un leve gesto hizo m\u00e1s que doscientos pasos.<\/p>\n<p style=\"text-align: justify;\">Mi maestro,\u00a0 mi ser interior, la voz que siempre insinuaba,\u00a0 que advert\u00eda, pero no condicionaba, cuya puerta estaba siempre abierta al libre albedr\u00edo, para que supiera reconocerme, para que llegara un d\u00eda en que pudiera decir que me hab\u00eda hecho a m\u00ed mismo, que hab\u00eda descubierto lo mejor de m\u00ed gracias a todo lo vivido, experimentado, y que ello, escena tras escena, minuto a minuto, vivencia tras vivencia, hab\u00eda formado el hombre que soy y me hab\u00eda tra\u00eddo hasta donde en este momento me encuentro. Tengo mucho que agradecer a mi maestro. Siempre le estar\u00e9 sumamente agradecido.<\/p>\n<p>&nbsp;<\/p>\n<p style=\"text-align: right;\"><strong>Antonio Quero<\/strong><\/p>\n<p>&nbsp;<\/p>\n","protected":false},"excerpt":{"rendered":"<p>Es una frase que suelo escuchar a menudo, y de la que soy consciente desde hace a\u00f1os. \u00a0 \u00a0\u00a0\u00a0\u00a0\u00a0\u00a0\u00a0\u00a0\u00a0\u00a0\u00a0\u00a0 Sin&hellip;<\/p>\n","protected":false},"author":3,"featured_media":28380,"comment_status":"open","ping_status":"open","sticky":false,"template":"","format":"standard","meta":{"om_disable_all_campaigns":false,"_mi_skip_tracking":false,"_monsterinsights_sitenote_active":false,"_monsterinsights_sitenote_note":"","_monsterinsights_sitenote_category":0,"footnotes":""},"categories":[21,30],"tags":[],"aioseo_notices":[],"_links":{"self":[{"href":"https:\/\/granadacostaglobal.es\/index.php?rest_route=\/wp\/v2\/posts\/29143"}],"collection":[{"href":"https:\/\/granadacostaglobal.es\/index.php?rest_route=\/wp\/v2\/posts"}],"about":[{"href":"https:\/\/granadacostaglobal.es\/index.php?rest_route=\/wp\/v2\/types\/post"}],"author":[{"embeddable":true,"href":"https:\/\/granadacostaglobal.es\/index.php?rest_route=\/wp\/v2\/users\/3"}],"replies":[{"embeddable":true,"href":"https:\/\/granadacostaglobal.es\/index.php?rest_route=%2Fwp%2Fv2%2Fcomments&post=29143"}],"version-history":[{"count":0,"href":"https:\/\/granadacostaglobal.es\/index.php?rest_route=\/wp\/v2\/posts\/29143\/revisions"}],"wp:featuredmedia":[{"embeddable":true,"href":"https:\/\/granadacostaglobal.es\/index.php?rest_route=\/"}],"wp:attachment":[{"href":"https:\/\/granadacostaglobal.es\/index.php?rest_route=%2Fwp%2Fv2%2Fmedia&parent=29143"}],"wp:term":[{"taxonomy":"category","embeddable":true,"href":"https:\/\/granadacostaglobal.es\/index.php?rest_route=%2Fwp%2Fv2%2Fcategories&post=29143"},{"taxonomy":"post_tag","embeddable":true,"href":"https:\/\/granadacostaglobal.es\/index.php?rest_route=%2Fwp%2Fv2%2Ftags&post=29143"}],"curies":[{"name":"wp","href":"https:\/\/api.w.org\/{rel}","templated":true}]}}