{"id":28883,"date":"2021-07-17T12:12:36","date_gmt":"2021-07-17T12:12:36","guid":{"rendered":"http:\/\/granadacostanacional.es\/?p=28883"},"modified":"2021-07-17T12:12:36","modified_gmt":"2021-07-17T12:12:36","slug":"la-belleza-ornamental-de-la-pina-tropical","status":"publish","type":"post","link":"https:\/\/granadacostaglobal.es\/?p=28883","title":{"rendered":"LA BELLEZA ORNAMENTAL DE LA PI\u00d1A TROPICAL"},"content":{"rendered":"<p style=\"text-align: justify;\">No me cansar\u00e9 de piropear a la fruta m\u00e1s bella que nos regal\u00f3 el tr\u00f3pico y de cuya especie me enamor\u00e9 a los 18 a\u00f1os, cuando tom\u00e9 contacto con ella en un viaje a las islas Azores, concretamente a la isla de San Miguel, donde se daba vida de una manera artesanal a la que yo nominar\u00eda como la Reina de las Frutas.<\/p>\n<p style=\"text-align: justify;\">\u00a0\u00a0 En aquel para\u00edso de los volcanes moderados que se mantienen vivos y \u00fatiles al servicio del agricultor, cuyos nativos fueron capaces de \u00a0entender su mensaje\u00a0 aclimatando a la especie<em> Anan\u00e1s<\/em>, con el calor de sus suelos volc\u00e1nicos y revistiendo \u00a0de cristal el habit\u00e1culo donde ten\u00eda que nacer, \u00a0crecer, \u00a0y desarrollarse el fruto hasta alcanzar \u00a0su perfecta \u00a0maduraci\u00f3n; maduraci\u00f3n anunciada por su intensivo perfume y el \u00a0color anaranjado de su atractiva \u00a0corteza, mientras \u00a0las hojas verdes compon\u00edan su decorativa corona. (Las pi\u00f1as de hoy las cosechan verdes para que viajen por todo el mundo, y han\u00a0 perdido el maravilloso olor de aquellas de Azores, ya desaparecidas).<\/p>\n<p style=\"text-align: justify;\">\u00a0\u00a0 Conviene destacar que su jugosa pulpa de color amarillento, la componen 20 \u00f3 30 frutitos individuales enmarcados en cada una de las escamas exteriores, y nacidos inseparables gen\u00e9ticamente, para poder presentarse en los mercados como un solo fruto sobresaliente, que destaca en los expositores por encima del resto de las frutas.<\/p>\n<p style=\"text-align: justify;\"><a href=\"http:\/\/granadacostanacional.es\/wp-content\/uploads\/2021\/07\/Pinatex-9.jpg\"><img decoding=\"async\" loading=\"lazy\" class=\"aligncenter size-full wp-image-28884\" src=\"http:\/\/granadacostanacional.es\/wp-content\/uploads\/2021\/07\/Pinatex-9.jpg\" alt=\"Pinatex-9\" width=\"660\" height=\"441\" \/><\/a><\/p>\n<p style=\"text-align: justify;\">\u00a0\u00a0 Lo que yo ignoraba y no pod\u00eda suponer, \u201cque Carmen Hijosa, una joven asturiana a los 19 a\u00f1os y desde Dubl\u00edn (Irlanda) fuera capaz de pasados muchos a\u00f1os de investigaci\u00f3n, en el 2013 creara la empresa<em> \u201cAnanas Anam\u201d <\/em>que ha revolucionado el mercado textil con un tejido hecho con fibra de pi\u00f1a que es igual al cuero. Su invento lo llama <em>\u201cPi\u00f1atex\u201d<\/em> y ha quedado finalista en los European Inventor Award 2021 (premio al inventor del a\u00f1o en Europa) fallado a finales de Junio\u201d.<\/p>\n<p style=\"text-align: justify;\">\u00a0\u00a0 \u201cCarmen Hijosa manifiesta en LOC que est\u00e1 muy orgullosa de haber quedado finalista, porque es la primera vez que una empresa textil y de moda es seleccionada como candidata a estos premios&#8230;\u201d<\/p>\n<p style=\"text-align: justify;\">\u00a0\u00a0 He tenido ocasi\u00f3n de hablar con un ilustre empresario filipino erradicado en Madrid desde hace a\u00f1os, D. Ernesto Cano Salenga, y me dice \u201cque mucho tiempo atr\u00e1s, su abuelo que era agricultor ya utilizaba las hojas de las pi\u00f1as despu\u00e9s de cosechado el fruto, para elaborar una especie de fibra de cuero y hacer zapatillas y algunos vestidos en sustituci\u00f3n del cuero que era m\u00e1s duro y contaminante. Y recuerdo que los agricultores que produc\u00edan la pi\u00f1a y cosechaban el fruto, con las hojas que deb\u00edan pudrirse y tirarlas, hac\u00edan una especie de masa que convert\u00edan en fibra y ganaban un dinero adicional al fruto, vendiendo despu\u00e9s en los mercadillos los pa\u00f1os, telas y felpudos que hac\u00edan con las hojas&#8230;\u201d<\/p>\n<p style=\"text-align: justify;\"><a href=\"http:\/\/granadacostanacional.es\/wp-content\/uploads\/2021\/07\/Juli\u00e1n-y-sobrina.jpg\"><img decoding=\"async\" loading=\"lazy\" class=\"aligncenter size-full wp-image-28885\" src=\"http:\/\/granadacostanacional.es\/wp-content\/uploads\/2021\/07\/Juli\u00e1n-y-sobrina.jpg\" alt=\"Juli\u00e1n y sobrina\" width=\"480\" height=\"640\" \/><\/a><\/p>\n<p style=\"text-align: justify;\">\u00a0\u00a0 Mientras el Sr. Cano, tal vez por su mucha edad, daba poca importancia a un \u00a0tema que consideraba muy antiguo en Filipinas,\u00a0 su nieta Natalia\u00a0 que hab\u00eda pasado unas vacaciones por aquel lejano pa\u00eds,\u00a0 interrumpi\u00f3 la conversaci\u00f3n y a\u00f1adi\u00f3: \u201cPero abuelo, si las prendas confeccionadas actualmente\u00a0 con la fibra de\u00a0 hoja de pi\u00f1a son muy apreciadas all\u00ed \u00a0y est\u00e1 de moda\u00a0 el \u201cBarong tagalog\u201d (una camisa formal para el\u00a0 hombre) y vestidos de pasarela para modelos y celebraciones, as\u00ed como\u00a0 manteler\u00edas y otros elementos para la casa que son \u00a0muy valorados&#8230;\u201d<\/p>\n<p style=\"text-align: justify;\">\u00a0\u00a0 Se trata de un cuero vegetal innovador, que se hace con los residuos de las hojas de pi\u00f1a, una vez cosechado el fruto. Los artesanos filipinos lo inventaron para sustituir el cuero animal real que era muy contaminante y \u00e9ste era ecol\u00f3gico y mucho m\u00e1s econ\u00f3mico por entonces. Los residuos de la pi\u00f1a se cortan en capas y se procesan con diferentes tipos de textura. Se aprovechan las hojas de quince o diecis\u00e9is pi\u00f1as para producir un metro cuadrado de tela que la venden como textil.<\/p>\n<p style=\"text-align: justify;\">\u00a0\u00a0 Actualmente este tejido vegetal, tiene m\u00faltiples aplicaciones, y resulta m\u00e1s econ\u00f3mico que el cuero de verdad; y debido a sus propiedades antibacterianas suele utilizarse en farmacias como recursos m\u00e9dicos y quir\u00fargicos (esparadrapos, vendajes, y otras aplicaciones).<\/p>\n<p style=\"text-align: justify;\">\u00a0\u00a0 Carmen Hijosa, la propietaria de <em>Pi\u00f1atex, <\/em>estuvo un tiempo trabajando en Filipinas como consultora y se decidi\u00f3 por su producto como alternativa m\u00e1s \u00e9tica y responsable con el medio ambiente. All\u00ed descubri\u00f3 la fibra de pi\u00f1a y el trabajo que las tejedoras hac\u00edan con ella. Actualmente el desarrollo de su marca contin\u00faa en el <em>Royal College of Art de Londres,<\/em> as\u00ed como en Espa\u00f1a, investigando sin parar para conseguir el m\u00e1ximo de sus aplicaciones adicionales.<\/p>\n<p style=\"text-align: justify;\"><a href=\"http:\/\/granadacostanacional.es\/wp-content\/uploads\/2021\/07\/fibra.jpg\"><img decoding=\"async\" loading=\"lazy\" class=\"aligncenter size-full wp-image-28886\" src=\"http:\/\/granadacostanacional.es\/wp-content\/uploads\/2021\/07\/fibra.jpg\" alt=\"fibra\" width=\"660\" height=\"323\" \/><\/a><\/p>\n<p style=\"text-align: justify;\">\u00a0\u00a0 Aqu\u00ed termino una de tantas historias que tengo escritas desde hace muchos, much\u00edsimos a\u00f1os, que desde 1952 han ido transcurriendo&#8230; Pero no ha sido tarde para descubrir una nueva aplicaci\u00f3n entre las pasarelas, a una de las frutas m\u00e1s importantes del tr\u00f3pico.\u00a0 Y en aquellos tiempos tan lejanos (ahora ya no mola) la pi\u00f1a de Azores se tomaba como postre regando su pulpa con Cointreau. Resultaba deliciosa. No dejen de tomarla con tan antigua y deliciosa bebida, que repetir\u00e1n.<\/p>\n<p style=\"text-align: justify;\">\n<p style=\"text-align: right;\"><em><strong>Juli\u00e1n D\u00edaz Robledo<\/strong><\/em><\/p>\n<p style=\"text-align: justify;\">\n<p><a href=\"http:\/\/www.restaurantekatena.es\/\"><img decoding=\"async\" loading=\"lazy\" class=\"aligncenter size-full wp-image-25429\" src=\"http:\/\/granadacostanacional.es\/wp-content\/uploads\/2020\/09\/Katena.gif\" alt=\"Katena\" width=\"630\" height=\"519\" \/><\/a><\/p>\n<p><a href=\"http:\/\/granadacostanacional.es\/la-tahiba\/\"><img decoding=\"async\" loading=\"lazy\" class=\"aligncenter wp-image-25412 size-full\" src=\"http:\/\/granadacostanacional.es\/wp-content\/uploads\/2020\/09\/Merendero-e1610709626218.gif\" alt=\"Merendero\" width=\"900\" height=\"807\" \/><\/a><\/p>\n<p>&nbsp;<\/p>\n","protected":false},"excerpt":{"rendered":"<p>No me cansar\u00e9 de piropear a la fruta m\u00e1s bella que nos regal\u00f3 el tr\u00f3pico y de cuya especie me&hellip;<\/p>\n","protected":false},"author":2,"featured_media":18457,"comment_status":"open","ping_status":"open","sticky":false,"template":"","format":"standard","meta":{"om_disable_all_campaigns":false,"_mi_skip_tracking":false,"_monsterinsights_sitenote_active":false,"_monsterinsights_sitenote_note":"","_monsterinsights_sitenote_category":0,"footnotes":""},"categories":[21,30],"tags":[],"aioseo_notices":[],"_links":{"self":[{"href":"https:\/\/granadacostaglobal.es\/index.php?rest_route=\/wp\/v2\/posts\/28883"}],"collection":[{"href":"https:\/\/granadacostaglobal.es\/index.php?rest_route=\/wp\/v2\/posts"}],"about":[{"href":"https:\/\/granadacostaglobal.es\/index.php?rest_route=\/wp\/v2\/types\/post"}],"author":[{"embeddable":true,"href":"https:\/\/granadacostaglobal.es\/index.php?rest_route=\/wp\/v2\/users\/2"}],"replies":[{"embeddable":true,"href":"https:\/\/granadacostaglobal.es\/index.php?rest_route=%2Fwp%2Fv2%2Fcomments&post=28883"}],"version-history":[{"count":0,"href":"https:\/\/granadacostaglobal.es\/index.php?rest_route=\/wp\/v2\/posts\/28883\/revisions"}],"wp:featuredmedia":[{"embeddable":true,"href":"https:\/\/granadacostaglobal.es\/index.php?rest_route=\/"}],"wp:attachment":[{"href":"https:\/\/granadacostaglobal.es\/index.php?rest_route=%2Fwp%2Fv2%2Fmedia&parent=28883"}],"wp:term":[{"taxonomy":"category","embeddable":true,"href":"https:\/\/granadacostaglobal.es\/index.php?rest_route=%2Fwp%2Fv2%2Fcategories&post=28883"},{"taxonomy":"post_tag","embeddable":true,"href":"https:\/\/granadacostaglobal.es\/index.php?rest_route=%2Fwp%2Fv2%2Ftags&post=28883"}],"curies":[{"name":"wp","href":"https:\/\/api.w.org\/{rel}","templated":true}]}}