{"id":28837,"date":"2021-07-08T17:27:15","date_gmt":"2021-07-08T17:27:15","guid":{"rendered":"http:\/\/granadacostanacional.es\/?p=28837"},"modified":"2021-07-08T17:27:15","modified_gmt":"2021-07-08T17:27:15","slug":"leonardo-a-un-enamorado-del-arte-y-del-amor","status":"publish","type":"post","link":"https:\/\/granadacostaglobal.es\/?p=28837","title":{"rendered":"Leonardo A.  Un enamorado del arte y del amor."},"content":{"rendered":"<p style=\"text-align: justify;\"><a href=\"http:\/\/granadacostanacional.es\/wp-content\/uploads\/2021\/07\/66.jpg\"><img decoding=\"async\" loading=\"lazy\" class=\"alignnone size-medium wp-image-28839 alignleft\" src=\"http:\/\/granadacostanacional.es\/wp-content\/uploads\/2021\/07\/66-300x300.jpg\" alt=\"66\" width=\"300\" height=\"300\" \/><\/a>\u00a0Entrevista a Leonardo A.<\/p>\n<p style=\"text-align: justify;\">Por To\u00f1y Castillo<\/p>\n<p style=\"text-align: justify;\">Si algo le define, es ser una persona humilde a pesar de todos los logros cosechados en su vida, acercarse a \u00e9l, es acercarse a un ser humano de bellos sentimientos, con el que me fue muy f\u00e1cil poder hablar de su historia, de sus momentos y proyectos. \u00c9l es cercano, sensible, con un toque especial que le hace \u00fanico, grande.<\/p>\n<p style=\"text-align: justify;\">Su nombre Leonardo Antonio Ram\u00edrez Rodr\u00edguez, extreme\u00f1o de nacimiento y el cual, confiesa que desde muy peque\u00f1o se sinti\u00f3 atra\u00eddo por todas las manifestaciones art\u00edsticas, tanto fue as\u00ed, que con solo 13 a\u00f1os gan\u00f3 el primer premio de dibujo de su provincia con trabajos realizados a tinta china y carboncillo.<\/p>\n<p style=\"text-align: justify;\">Seguramente, esto le anim\u00f3 a seguir con esa creaci\u00f3n que le invade y con solo 14 a\u00f1os, un a\u00f1o m\u00e1s tarde, un cuento dedicado a la actriz Marisol (Pepa Flores) ganar\u00eda un primer premio, en esta modalidad, en la revista de \u00e1mbito nacional\u00a0 Duwar\u00edn.<\/p>\n<p style=\"text-align: justify;\">Nuestro polifac\u00e9tico amigo sigui\u00f3 con sus ilusiones de artista, a los 15 a\u00f1os se subir\u00eda por primera vez a un escenario, con el tema titulado &#8220;Dame felicidad&#8221; y con apenas 17 a\u00f1os, marchar\u00eda a Madrid en busca de un trabajo acorde con sus inquietudes art\u00edsticas, aptas para aquellos\/as que tienen el alma y el sentimiento cargados de emotividad.<\/p>\n<p style=\"text-align: justify;\">-Leonardo si yo te pregunto: \u00bfQu\u00e9 valoras m\u00e1s de las personas, qu\u00e9 me contestar\u00edas?<\/p>\n<p style=\"text-align: justify;\"><strong>\u00a0-Sin duda To\u00f1y, la humildad. Creo que el mayor tesoro que puede tener una persona es ser humilde.<\/strong><\/p>\n<p style=\"text-align: justify;\">-Hablemos un poco de ti, Leonardo, tienes muchos discos en el mercado&#8230; has hecho teatro, televisi\u00f3n, cine&#8230; es m\u00e1s, creo que tus \u00e9xitos ya datan de 1973 cuando grabaste el primer disco con letra y m\u00fasica tuya, si no recuerdo mal, la canci\u00f3n &#8220;No vale la pena&#8221; fue n\u00famero uno en Madrid en Los 40 principales de la Cadena SER \u00bfcierto?<\/p>\n<p style=\"text-align: justify;\"><strong>\u00a0-S\u00ed, es cierto. Tambi\u00e9n te dir\u00e9 que en 1974 apareci\u00f3 mi segundo disco en el cual, como en el primero, los dos temas estaban compuestos por m\u00ed.<\/strong><\/p>\n<p style=\"text-align: justify;\">\u00a0-S\u00ed, y uno de ellos, &#8220;En el viejo bar&#8221;, tuvo much\u00edsimo \u00e9xito.\u00a0 Pero hay una canci\u00f3n tuya y de Juan Bautista que en el a\u00f1o 1983 son\u00f3 much\u00edsimo cantada por Los Chunguitos, esa canci\u00f3n era &#8220;Por la calle abajo&#8221;.\u00a0 \u00bfQu\u00e9 \u00a0recuerdos tienes de ella?<\/p>\n<p style=\"text-align: justify;\"><strong>-Unos recuerdos preciosos, porque se hizo popular\u00edsima. Estaba inspirada en una historia que me ocurri\u00f3 en Madrid, pero mi imaginaci\u00f3n la situ\u00f3 en la calle donde nac\u00ed, en San Vicente de Alc\u00e1ntara (Badajoz). Los autores, cuando componemos, solemos mezclar realidad y fantas\u00eda. Por cierto, Los Chunguitos son los artistas que m\u00e1s temas m\u00edos han grabado, la mayor parte de ellos compuestos en colaboraci\u00f3n con el miembro del grupo Juan Salazar.<\/strong><\/p>\n<p style=\"text-align: justify;\">-Tu vertiente como compositor es admirable, has realizado trabajos para grandes artistas, no tendr\u00edamos p\u00e1ginas en el Peri\u00f3dico Granada Costa para nombrarlos a todos y todas, pero perm\u00edteme que cite a algunos\/as que han cantado tus composiciones: Manolo Escobar, Lola Flores, Sara Montiel, Mar\u00eda Jim\u00e9nez, Rosa Morena, Ana Reverte, Raffaella Carr\u00e0, Los Marisme\u00f1os, Rumba Tres, El Arrebato&#8230; Pero cuando le\u00ed tu biograf\u00eda Leonardo, me extra\u00f1\u00f3 que empezaste a hacerte popular componiendo y cantando temas dedicados al f\u00fatbol \u00bfes correcto?<\/p>\n<p style=\"text-align: justify;\"><strong>-Totalmente. En 1999 me contrataron en un programa de televisi\u00f3n muy conocido dedicado al deporte y a ra\u00edz de mis apariciones en el mismo la gente empez\u00f3 a reconocerme por la calle. Despu\u00e9s, con temas tambi\u00e9n festivos como \u201cEl baile del pa\u00f1uelo\u201d, me convert\u00ed en uno de los personajes m\u00e1s populares de la peque\u00f1a pantalla, siendo imitados mis gestos y mi forma de bailar por multitud de humoristas y por el p\u00fablico en general<\/strong>.<\/p>\n<p style=\"text-align: justify;\"><a href=\"http:\/\/granadacostanacional.es\/wp-content\/uploads\/2021\/07\/67.jpg\"><img decoding=\"async\" loading=\"lazy\" class=\"alignnone size-medium wp-image-28840 alignleft\" src=\"http:\/\/granadacostanacional.es\/wp-content\/uploads\/2021\/07\/67-300x300.jpg\" alt=\"67\" width=\"300\" height=\"300\" \/><\/a>\u00a0-Considero que tu faceta de poeta y de compositor son las que perduran a trav\u00e9s del tempo, siendo consciente del gran peso de la suma de todas las dem\u00e1s.<\/p>\n<p style=\"text-align: justify;\"><strong>-Esas dos facetas, junto con las de cantante y rapsoda, son las que m\u00e1s me atraen.<\/strong><\/p>\n<p style=\"text-align: justify;\">-Te definen tus conocidos &#8220;como una buena persona que generas buenas vibraciones&#8221; y quiz\u00e1s una de tus cualidades es darte a los dem\u00e1s. \u00bfEs importante el ser buena gente?<\/p>\n<p style=\"text-align: justify;\"><strong>-\u00a1Por encima de todo!<\/strong><\/p>\n<p style=\"text-align: justify;\">-Has trabajado en cine, teatro y televisi\u00f3n&#8230; directos&#8230; \u00bfEn cu\u00e1l de estos medios te sientes m\u00e1s c\u00f3modo?<\/p>\n<p style=\"text-align: justify;\"><strong>-En televisi\u00f3n, aunque en los dem\u00e1s tambi\u00e9n me gusta trabajar.<\/strong><\/p>\n<p style=\"text-align: justify;\">-A ti te han encasillado en temas \u00a0populares o populistas \u00bfPero realmente son los temas que m\u00e1s te gustan?<\/p>\n<p style=\"text-align: justify;\"><strong>-No, yo soy un rom\u00e1ntico empedernido y los estilos musicales\u00a0 que m\u00e1s me gustan son la balada, el tango, la ranchera y la copla. Estoy muy contento de que a ra\u00edz de la aparici\u00f3n en 2014 de mi disco \u201cA Jos\u00e9 Alfredo Jim\u00e9nez\u201d me llamaran \u201cEl rey espa\u00f1ol de las rancheras\u201d.<\/strong><\/p>\n<p style=\"text-align: justify;\">Pero esto no qued\u00f3 con la edici\u00f3n de este disco ya que un a\u00f1o m\u00e1s tarde aparece un nuevo trabajo tuyo, &#8220;Siempre joven&#8221;, con los 10 temas de \u201cA Jos\u00e9 Alfredo Jim\u00e9nez\u201d y 16 canciones m\u00e1s de los estilos que te apasiona cantar, los cuales interpretas de manera magistral, as\u00ed pues, felicidades de coraz\u00f3n.<\/p>\n<p style=\"text-align: justify;\">La ma\u00f1ana iba transcurriendo en un tono afable, c\u00e1lido&#8230; habl\u00e1bamos de m\u00fasica, poes\u00eda y de cualquier tema que nos apetec\u00eda, pues el ambiente incitaba a conversaci\u00f3n&#8230;<\/p>\n<p style=\"text-align: justify;\"><a href=\"http:\/\/granadacostanacional.es\/wp-content\/uploads\/2021\/07\/65.jpg\"><img decoding=\"async\" loading=\"lazy\" class=\"alignnone size-medium wp-image-28838 alignleft\" src=\"http:\/\/granadacostanacional.es\/wp-content\/uploads\/2021\/07\/65-300x300.jpg\" alt=\"65\" width=\"300\" height=\"300\" \/><\/a>-Leonardo me gustar\u00eda hacer referencia al escritor. T\u00fa est\u00e1s considerado un gran rapsoda y adem\u00e1s eres un gran poeta. \u00a1Por cierto, muy reconocido!<\/p>\n<p style=\"text-align: justify;\">-Mi libro \u201cPoemas y Canciones&#8221;, en el cual hay 26 poemas y 26 letras de canciones, as\u00ed como mis discos \u201cPoetas de Badajoz\u201d y \u201cB\u00e9cquer y yo\u201d, me dieron ese reconocimiento.<\/p>\n<p style=\"text-align: justify;\">-Dicen que nadie es profeta en su tierra, pero a ti tu tierra te quiere. En el 2017 recibiste desde la &#8220;Asociaci\u00f3n Cultural Badajoz Contigo&#8221; el reconocimiento al Mejor Compositor Pacense, en un homenaje en el cual participaron 20 artistas de toda la provincia interpretando canciones emblem\u00e1ticas tuyas \u00a1eso no puede decirlo todo el mundo!<\/p>\n<p style=\"text-align: justify;\"><strong>-\u00a1As\u00ed es!, me siento muy unido a mi tierra y eso hace que el sentimiento sea mutuo. Las ra\u00edces y el quererlas te hace persona.<\/strong><\/p>\n<p style=\"text-align: justify;\">\u00a0-Pero seguimos con la poes\u00eda. En el a\u00f1o\u00a0 2019 aparece tu disco &#8220;Errante&#8221;,\u00a0 compuesto por una selecci\u00f3n de tus mejores poemas y canciones. Por lo tanto, Leonardo, considero que esa ventana que tienes de creatividad tanto en poes\u00eda, m\u00fasica, teatro, cine, televisi\u00f3n&#8230;. te hace no ser solo un artista polifac\u00e9tico sino universal y maestro en el arte de la creaci\u00f3n y la interpretaci\u00f3n.\u00a0 Mientras estudiaba tu biograf\u00eda me he quedado fascinada por tu gran capacidad art\u00edstica, pero sobre todo, por la parte humana que has ido desarrollando a trav\u00e9s de tu profesi\u00f3n.<\/p>\n<p style=\"text-align: justify;\">Vamos a hablar ahora del presente, creo que tu amistad con el gran compositor Francisco Jim\u00e9nez se remonta al a\u00f1o 1999, si no estoy mal informada os conocisteis en el bello pueblo\u00a0 de Monda, M\u00e1laga,\u00a0 que era el lugar de nacimiento de la madre de \u00a0\u00a0Imperio Argentina. (Actriz, cantante y bailarina).<\/p>\n<p style=\"text-align: justify;\"><strong>\u00a0-De ella To\u00f1y he de decir que era una de las personas que m\u00e1s me han impactado por su cercan\u00eda.<\/strong><\/p>\n<p style=\"text-align: justify;\">&#8211; \u00bfValoras mucho la proximidad de las personas?<\/p>\n<p style=\"text-align: justify;\"><strong>&#8211; S\u00ed, porque la cercan\u00eda puede hacer grandes a los seres humanos. Tengo muy buenos recuerdos de Imperio Argentina, entre ellos los del d\u00eda que le hicieron un homenaje en Monda (el d\u00eda que conoc\u00ed a Francisco Jim\u00e9nez) y cuando estaba yo en el escenario interpretando el tema que hab\u00eda compuesto dedicado a ella \u201cC\u00e1ntame un tango, Malena\u201d, se levant\u00f3 de su silla y se puso a bailar conmigo y a tararear el estribillo. Fue precioso.<\/strong><\/p>\n<p style=\"text-align: justify;\"><a href=\"http:\/\/granadacostanacional.es\/wp-content\/uploads\/2021\/07\/126354891_3302901203172285_4149002192422222809_n.jpg\"><img decoding=\"async\" loading=\"lazy\" class=\"size-medium wp-image-28841 alignleft\" src=\"http:\/\/granadacostanacional.es\/wp-content\/uploads\/2021\/07\/126354891_3302901203172285_4149002192422222809_n-300x263.jpg\" alt=\"126354891_3302901203172285_4149002192422222809_n\" width=\"300\" height=\"263\" \/><\/a>\u00a0-\u00a1S\u00ed&#8230; Precioso&#8230;! Volvamos al compositor Francisco Jim\u00e9nez, al cual admiro mucho. Hab\u00e9is sacado un disco que se titula &#8220;Leonardo A. canta a Francisco Jim\u00e9nez&#8221;, en \u00e9l hay 10 canciones con letra de Francisco Jim\u00e9nez y la m\u00fasica est\u00e1 compuesta por ti (5 temas),\u00a0 Pedro Gordillo (4) y Rafael Rabay (1). T\u00fa interpretas en solitario ocho de estos temas y uno a d\u00fao con Mar\u00eda Jes\u00fas y su acorde\u00f3n, que va de artista invitada. Pepe N\u00fa\u00f1ez El Lore\u00f1o tambi\u00e9n va de artista invitado interpretando un tema.<\/p>\n<p style=\"text-align: justify;\">\u00a0En el disco la copla adquiere gran importancia, como no pod\u00eda ser de otra manera -Francisco Jim\u00e9nez, como es bien sabido, es uno de los grandes artistas de copla, un gran amante de la cultura y \u00faltimamente ha regalado el monumento a la copla a su pueblo C\u00e1jar,\u00a0 donde es muy querido y admirado-.\u00a0 Es fant\u00e1stico que dos grandes artistas, como\u00a0 t\u00fa Leonardo y \u00e9l, hag\u00e1is trabajos\u00a0 en com\u00fan porque eso engrandece la cultura de este pa\u00eds.<\/p>\n<p style=\"text-align: justify;\">Leonardo \u00bfcreo que hay una canci\u00f3n que te gusta mucho a ti y me gusta mucho a m\u00ed,\u00a0 yo siempre he sido una enamorada de Carlos Cano?<\/p>\n<p style=\"text-align: justify;\"><strong>-\u00bfMe hablas To\u00f1y de Mar\u00eda la portuguesa?<\/strong><\/p>\n<p style=\"text-align: justify;\">-\u00a1Por supuesto que te hablo de Mar\u00eda la portuguesa!<\/p>\n<p style=\"text-align: justify;\">\u00a0En ese momento se par\u00f3 el tiempo, Leonardo explicaba la historia que hizo que esa canci\u00f3n estuviera cargada de emociones y de sentimientos, Leonardo cuando habla genera \u00a0una sensaci\u00f3n de serenidad, de calma y sabidur\u00eda\u00a0 en todo momento.<\/p>\n<p style=\"text-align: justify;\">-Te hiciste famoso con el nombre art\u00edstico Leonardo Dant\u00e9s y ahora te anuncias como Leonardo A. \u00bfCu\u00e1l es la raz\u00f3n?<\/p>\n<p style=\"text-align: justify;\"><strong>-El apellido Dant\u00e9s viene del protagonista de la novela de Alejandro Dumas \u201cEl Conde de Montecristo\u201d, Edmundo Dant\u00e9s. Esa novela me impact\u00f3 en mi adolescencia, pero al releer algunos p\u00e1rrafos, muchos a\u00f1os despu\u00e9s, vi que ya no ten\u00eda el mismo significado para m\u00ed y decid\u00ed cambiar lo de Dant\u00e9s por la inicial de mi segundo nombre, Antonio. Y para que el p\u00fablico se vaya acostumbrando a mi nuevo nombre art\u00edstico he compuesto y grabado un tema titulado \u201cLeonardo A., Leonardo A.\u201d, de estilo moderno pero sin perder el romanticismo que me caracteriza.<\/strong><\/p>\n<p style=\"text-align: justify;\">Llevamos rato y rato&#8230;. hablando y la charla continuar\u00eda&#8230;. pero Leonardo ha de marchar, le esperan en otra ciudad donde tiene programas de televisi\u00f3n y entrevistas.<\/p>\n<p style=\"text-align: justify;\">\u00a0Me apena la despedida porque ha sido una ma\u00f1ana entra\u00f1able, segu\u00edamos hablando del cari\u00f1o que le tiene a la canci\u00f3n \u201cEn el viejo bar&#8221; o c\u00f3mo le gusta cantar esa \u201cMar\u00eda la portuguesa&#8221; pero el tiempo se nos termina,\u00a0 as\u00ed,\u00a0 que no le voy a decir adi\u00f3s, sino hasta otra ma\u00f1ana\u00a0 donde poder seguir hablando de poes\u00eda&#8230; m\u00fasica y vida.<\/p>\n<p style=\"text-align: justify;\">Y deseo terminar esta entra\u00f1able entrevista como empec\u00e9:<\/p>\n<p style=\"text-align: justify;\">Si algo te define\u00a0 Leonardo A. es que eres un enamorado del arte y del amor.<\/p>\n<p>&nbsp;<\/p>\n<p style=\"text-align: right;\"><a href=\"http:\/\/granadacostanacional.es\/wp-content\/uploads\/2021\/01\/Playa-San-Cristobal.png\"><img decoding=\"async\" loading=\"lazy\" class=\"aligncenter size-large wp-image-26941\" src=\"http:\/\/granadacostanacional.es\/wp-content\/uploads\/2021\/01\/Playa-San-Cristobal-1024x687.png\" alt=\"Playa San Cristobal\" width=\"1024\" height=\"687\" \/><\/a><\/p>\n<p style=\"text-align: right;\"><a href=\"http:\/\/redoficial.citroen.es\/motril\"><img decoding=\"async\" loading=\"lazy\" class=\"aligncenter size-large wp-image-25899\" src=\"http:\/\/granadacostanacional.es\/wp-content\/uploads\/2020\/10\/anuncio-limer-1024x620.jpg\" alt=\"anuncio limer\" width=\"1024\" height=\"620\" \/><\/a><\/p>\n","protected":false},"excerpt":{"rendered":"<p>\u00a0Entrevista a Leonardo A. Por To\u00f1y Castillo Si algo le define, es ser una persona humilde a pesar de todos&hellip;<\/p>\n","protected":false},"author":4,"featured_media":28842,"comment_status":"open","ping_status":"open","sticky":false,"template":"","format":"standard","meta":{"om_disable_all_campaigns":false,"_mi_skip_tracking":false,"_monsterinsights_sitenote_active":false,"_monsterinsights_sitenote_note":"","_monsterinsights_sitenote_category":0,"footnotes":""},"categories":[21,27,46,22,33,19,30],"tags":[],"aioseo_notices":[],"_links":{"self":[{"href":"https:\/\/granadacostaglobal.es\/index.php?rest_route=\/wp\/v2\/posts\/28837"}],"collection":[{"href":"https:\/\/granadacostaglobal.es\/index.php?rest_route=\/wp\/v2\/posts"}],"about":[{"href":"https:\/\/granadacostaglobal.es\/index.php?rest_route=\/wp\/v2\/types\/post"}],"author":[{"embeddable":true,"href":"https:\/\/granadacostaglobal.es\/index.php?rest_route=\/wp\/v2\/users\/4"}],"replies":[{"embeddable":true,"href":"https:\/\/granadacostaglobal.es\/index.php?rest_route=%2Fwp%2Fv2%2Fcomments&post=28837"}],"version-history":[{"count":0,"href":"https:\/\/granadacostaglobal.es\/index.php?rest_route=\/wp\/v2\/posts\/28837\/revisions"}],"wp:featuredmedia":[{"embeddable":true,"href":"https:\/\/granadacostaglobal.es\/index.php?rest_route=\/"}],"wp:attachment":[{"href":"https:\/\/granadacostaglobal.es\/index.php?rest_route=%2Fwp%2Fv2%2Fmedia&parent=28837"}],"wp:term":[{"taxonomy":"category","embeddable":true,"href":"https:\/\/granadacostaglobal.es\/index.php?rest_route=%2Fwp%2Fv2%2Fcategories&post=28837"},{"taxonomy":"post_tag","embeddable":true,"href":"https:\/\/granadacostaglobal.es\/index.php?rest_route=%2Fwp%2Fv2%2Ftags&post=28837"}],"curies":[{"name":"wp","href":"https:\/\/api.w.org\/{rel}","templated":true}]}}