{"id":28817,"date":"2021-07-06T08:36:46","date_gmt":"2021-07-06T08:36:46","guid":{"rendered":"http:\/\/granadacostanacional.es\/?p=28817"},"modified":"2021-07-06T08:36:46","modified_gmt":"2021-07-06T08:36:46","slug":"reflexion-sobre-la-direccion-y-desafeccion-en-nuestra-sociedad","status":"publish","type":"post","link":"https:\/\/granadacostaglobal.es\/?p=28817","title":{"rendered":"Reflexi\u00f3n sobre la direcci\u00f3n y desafecci\u00f3n en nuestra sociedad"},"content":{"rendered":"<p style=\"text-align: justify;\">El aumento y subida de impuestos, la falta de confrontaci\u00f3n sindical junto con los rebrotes de violencia y del Covid entre la poblaci\u00f3n m\u00e1s joven toman el pulso al calor del verano y el inicio del rebote de la econom\u00eda espa\u00f1ola, que se preve\u00eda para los meses del verano, est\u00e1 siendo evidente. La irresponsabilidad de algunos pol\u00edticos en la gesti\u00f3n de sus objetivos como transformaci\u00f3n b\u00e1sica, justa y pac\u00edfica de la humanidad, y el comportamiento violento inhumano de algunos ciudadanos nos impide vivir en un mundo sano; y los valores de la crisis adormece un esp\u00edritu que, hastiado de falta de ilusiones, parece que s\u00f3lo es recogido por los que apuestan por un modo de sentirse en la sociedad (hablo de los artistas en general). Pero cuando estemos la mayor\u00eda inmunizados y la euforia \u201cdel hacer lo que no se pod\u00eda\u201d se contenga, habr\u00e1 que prepararse para evitar la crisis de la deuda en todos los sentidos. Pues la cura de la ansiedad o falta de expectativas en una sociedad dolida son datos preocupantes si no se trabaja en la direcci\u00f3n de comprometerse con los m\u00e1s vulnerables.<\/p>\n<p style=\"text-align: justify;\">Si se sopesan las deficiencias en el bienestar o carencias de sentimientos ante nuestra familia y sin escr\u00fapulos ante el dolor, y el cuasi silencio de esta \u00faltima partida no te queda m\u00e1s remedio que como m\u00ednimo sentirte incr\u00e9dulo ante una cultura del postureo y de la apat\u00eda. El gobierno tiene una tarea m\u00e1s que ardua para disminuir el d\u00e9ficit de alegr\u00eda antes que Bruselas empiece a recuperar su pol\u00edtica de austeridad y exigir cumplir compromisos como siempre a la ciudadan\u00eda y no a sus representantes. De ah\u00ed que el fortalecimiento del sector p\u00fablico y de la cr\u00edtica, y compromiso social no sea tarea f\u00e1cil cuando la pol\u00edtica se aleja cada d\u00eda m\u00e1s del sentir de pueblo y su entusiasmo en un despotismo que acrecienta su desafecci\u00f3n.<\/p>\n<p style=\"text-align: right;\"><strong>Francisco Velasco Rey<\/strong><\/p>\n<p style=\"text-align: justify;\"><a href=\"http:\/\/www.molvizar.es\/\"><img decoding=\"async\" loading=\"lazy\" class=\"aligncenter wp-image-25392 size-medium\" src=\"http:\/\/granadacostanacional.es\/wp-content\/uploads\/2020\/09\/Molv\u00edzar-web-300x247.gif\" alt=\"Molv\u00edzar web\" width=\"300\" height=\"247\" \/><\/a><\/p>\n<p style=\"text-align: justify;\"><strong><a href=\"http:\/\/www.frutasfajardo.com\/\"><img decoding=\"async\" loading=\"lazy\" class=\"aligncenter size-full wp-image-25928\" src=\"http:\/\/granadacostanacional.es\/wp-content\/uploads\/2020\/11\/Frutas-Fajardo-1.gif\" alt=\"Frutas Fajardo\" width=\"590\" height=\"425\" \/><\/a><\/strong><\/p>\n","protected":false},"excerpt":{"rendered":"<p>El aumento y subida de impuestos, la falta de confrontaci\u00f3n sindical junto con los rebrotes de violencia y del Covid&hellip;<\/p>\n","protected":false},"author":3,"featured_media":0,"comment_status":"open","ping_status":"open","sticky":false,"template":"","format":"standard","meta":{"om_disable_all_campaigns":false,"_mi_skip_tracking":false,"_monsterinsights_sitenote_active":false,"_monsterinsights_sitenote_note":"","_monsterinsights_sitenote_category":0,"footnotes":""},"categories":[21],"tags":[],"aioseo_notices":[],"_links":{"self":[{"href":"https:\/\/granadacostaglobal.es\/index.php?rest_route=\/wp\/v2\/posts\/28817"}],"collection":[{"href":"https:\/\/granadacostaglobal.es\/index.php?rest_route=\/wp\/v2\/posts"}],"about":[{"href":"https:\/\/granadacostaglobal.es\/index.php?rest_route=\/wp\/v2\/types\/post"}],"author":[{"embeddable":true,"href":"https:\/\/granadacostaglobal.es\/index.php?rest_route=\/wp\/v2\/users\/3"}],"replies":[{"embeddable":true,"href":"https:\/\/granadacostaglobal.es\/index.php?rest_route=%2Fwp%2Fv2%2Fcomments&post=28817"}],"version-history":[{"count":0,"href":"https:\/\/granadacostaglobal.es\/index.php?rest_route=\/wp\/v2\/posts\/28817\/revisions"}],"wp:attachment":[{"href":"https:\/\/granadacostaglobal.es\/index.php?rest_route=%2Fwp%2Fv2%2Fmedia&parent=28817"}],"wp:term":[{"taxonomy":"category","embeddable":true,"href":"https:\/\/granadacostaglobal.es\/index.php?rest_route=%2Fwp%2Fv2%2Fcategories&post=28817"},{"taxonomy":"post_tag","embeddable":true,"href":"https:\/\/granadacostaglobal.es\/index.php?rest_route=%2Fwp%2Fv2%2Ftags&post=28817"}],"curies":[{"name":"wp","href":"https:\/\/api.w.org\/{rel}","templated":true}]}}