{"id":28777,"date":"2021-06-30T15:28:56","date_gmt":"2021-06-30T15:28:56","guid":{"rendered":"http:\/\/granadacostanacional.es\/?p=28777"},"modified":"2021-06-30T15:28:56","modified_gmt":"2021-06-30T15:28:56","slug":"presentacion-de-la-escritora-y-poeta-dolors-lopez-lopez","status":"publish","type":"post","link":"https:\/\/granadacostaglobal.es\/?p=28777","title":{"rendered":"PRESENTACI\u00d3N DE LA ESCRITORA Y POETA DOLORS L\u00d3PEZ L\u00d3PEZ"},"content":{"rendered":"<p>Desde el Proyecto Global de Cultura Granada Costa, tenemos el inmenso placer de presentar a nuestra nueva amiga y compa\u00f1era, Do\u00f1a Dolors L\u00f3pez L\u00f3pez, a trav\u00e9s del tambi\u00e9n compa\u00f1ero D. Alberto Gim\u00e9nez Prieto.<\/p>\n<p style=\"text-align: justify;\">Cuando es preguntada por su biograf\u00eda, responde con el siguiente enigma:<\/p>\n<p style=\"text-align: justify;\"><strong><em>\u201cDel absurdo de la vida, nazco, entre la poes\u00eda que embellece el horizonte y la tristeza de no saber sosegar mi alma inquieta. Siempre en blanco y negro retrato mis tormentos, 52 a\u00f1os de intentos en arrugas y dorados inciertos.<\/em><\/strong><\/p>\n<p style=\"text-align: justify;\"><strong><em>Sencillamente, una mujer cualquiera.\u201d<\/em><\/strong><\/p>\n<p style=\"text-align: justify;\">Esta gran escritora y poeta se une desde hoy mismo a la gran familia del Proyecto, y como muestra de su saber hacer a continuaci\u00f3n os dejamos con unos de sus art\u00edculos y un poema.<\/p>\n<h2 style=\"text-align: justify;\"><strong>ART\u00cdCULO<\/strong><\/h2>\n<h2 style=\"text-align: center;\"><strong>La cortina<\/strong><\/h2>\n<p style=\"text-align: justify;\">La cortina finge ser las rejas de su prisi\u00f3n, perpet\u00faa e inquisitiva. La perspicacia de la tela vela recogida en el suelo, fr\u00edo e impasible de argucias trasnochadas por mejores tiempos, su figura se desdibuja cuando el vidrio de la ventana le devuelve su color desva\u00eddo y ro\u00eddo por la incandescencia del sol, arrogante de vida y a\u00f1os. Ella, mujer de tez grave y aristas cortantes, desnuda de prisas y quehaceres, vestida de temores y desechos, se atrinchera bajo la custodia de la muselina, engalanada de armas por disimular tanta soledad a la vez que amortaja todas las ausencias irreverentes fugadas de sus versos y conspiraciones. La blancura de su piel, ajada de tristezas y canciones dormidas en los poros enmascarados de puntos y apartes, se confunde con la luz apagada y opaca de la cortina que ya no es m\u00e1s nadie que ella misma. Tras ella, en el amparo de su voluptuosa sutileza incorporada al aire que se evapora por las cuatro paredes y un techo de rancias lecciones, Ella, no se aparta del \u00e1ngulo muerto de cualquier mirada indiscreta que pueda hurgar la discreci\u00f3n de sus movimientos, tan insignificantes que ni huellas dejan. Desde su posici\u00f3n reiterada a cada vuelta de reloj analiza con la tabla rasa de desconocer todo lo que olvid\u00f3 cuando dej\u00f3 de encontrarse. Anota en su cuaderno de tapa de piel negra, enlutado de poemas recurrentes y muertos de sue\u00f1os que se fueron para nunca m\u00e1s volver, los detalles de cada uno que pasa por all\u00ed, bajo su ventana de vidrios enlodados, tramposos con su presencia y su dolor. Disecciona contenidos de farsa y dramas de telenovela, tragedias griegas y comed\u00edas espa\u00f1olas, reinas del absurdo y pa\u00eds de pandereta. Descompone sentidos y significados de gestos resignados a amaneceres que bostezan duermevelas a media historia. Interpreta mohines secos de desavenencias y muecas despistadas de la vida corriente. Observa los pies largos de \u00abrunners\u00bb de \u00faltima generaci\u00f3n y zapatos hartos de caminar futuros imposibles de sobrevivir. Escribe los t\u00e9rminos de conversaciones ensordecidas por los ruidos de motores n\u00f3madas y aventuras s\u00fabitas en la imaginaci\u00f3n. Profundiza en las sonrisas insinuadas de amores sobrevenidos y en aquellas enga\u00f1adas por el desamor repentino. En las manos quebradas de fregar suelos y esfuerzos, y las de dedos largos, de u\u00f1as esmeradas en colores de tendencia, que tocan cualquiera de las teclas al alcance de pecados y alg\u00fan milagro.<\/p>\n<p style=\"text-align: justify;\">Ensaya lo que pudo ser y nunca fue en borradores que se acumulan en lo clandestino de una papelera.<\/p>\n<p style=\"text-align: justify;\">Una brisa templada de coincidencias y cargada de causas ociosas, ans\u00eda aferrarse a la sutileza de la cortina para alzar sus faldas y sorprender a aquella intrusa, reh\u00e9n de ella misma y, aclarar si es un personaje m\u00e1s.<\/p>\n<h2 style=\"text-align: justify;\"><strong>POEMA<\/strong><\/h2>\n<h2 style=\"text-align: center;\"><strong>Sobre los hombros<\/strong><\/h2>\n<p style=\"text-align: left; padding-left: 120px;\">Sobre los hombros, el bien de no tener reproches<\/p>\n<p style=\"text-align: left; padding-left: 120px;\">ni agravios en los bolsillos de mi vestido<\/p>\n<p style=\"text-align: left; padding-left: 120px;\">Con flores de muchas primaveras en un cielo,<\/p>\n<p style=\"text-align: left; padding-left: 120px;\">con gestos y colores,<\/p>\n<p style=\"text-align: left; padding-left: 120px;\">cuando me besa cada ma\u00f1ana para ser<\/p>\n<p style=\"text-align: left; padding-left: 120px;\">aquella, la que un d\u00eda fui, inocente y ni\u00f1a<\/p>\n<p style=\"text-align: left; padding-left: 120px;\">Sobre los hombros, el mal de tirar la primera piedra<\/p>\n<p style=\"text-align: left; padding-left: 120px;\">y apuntar al objetivo desenfocado de un alma,<\/p>\n<p style=\"text-align: left; padding-left: 120px;\">\u00a0\u00a0\u00a0\u00a0\u00a0\u00a0\u00a0\u00a0\u00a0\u00a0\u00a0\u00a0\u00a0 \u2014desnuda\u2014,<\/p>\n<p style=\"text-align: left; padding-left: 120px;\">de conceptos y normas, de moral y tradiciones<\/p>\n<p style=\"text-align: left; padding-left: 120px;\">Desajustada entre la fe de creer qui\u00e9n es<\/p>\n<p style=\"text-align: left; padding-left: 120px;\">y la desavenencia de sostener(se) en la \u00abverdad\u00bb del dogma<\/p>\n<p style=\"text-align: left; padding-left: 120px;\">Sobre los hombros, la tragedia de sonre\u00edr con la boca chica<\/p>\n<p style=\"text-align: left; padding-left: 120px;\">si los dientes muerden el triste reloj, colgado de mis huesos,<\/p>\n<p style=\"text-align: left; padding-left: 120px;\">y el engranaje de funcionar, a destiempo<\/p>\n<p style=\"text-align: left; padding-left: 120px;\">y salvaje por la amazonia del coraz\u00f3n<\/p>\n<p style=\"text-align: left; padding-left: 120px;\">Mientras, el aguacero anega todos mis escombros,<\/p>\n<p style=\"text-align: left; padding-left: 120px;\">mis pedazos, mis rotos\u2026,<\/p>\n<p style=\"text-align: left; padding-left: 120px;\">los descosidos sin hilo ni aguja ni dedo que los enjambre<\/p>\n<p style=\"text-align: left; padding-left: 120px;\">Sobre los hombros, el silencio que grita,<\/p>\n<p style=\"text-align: left; padding-left: 120px;\">\u00a0\u00a0\u00a0\u00a0\u00a0\u00a0\u00a0\u00a0\u00a0\u00a0\u00a0\u00a0\u00a0\u00a0\u00a0\u00a0\u00a0\u00a0\u00a0 \u2014libertad\u2014<\/p>\n<p style=\"text-align: left; padding-left: 120px;\">Sin voz ni tono con la distancia en las cuerdas vocales<\/p>\n<p style=\"text-align: left; padding-left: 120px;\">Flojas y sin medida de tanto callar, opresiones y conciencia<\/p>\n<p style=\"text-align: left; padding-left: 120px;\">cuando apago la luz y bajo la persiana<\/p>\n<p style=\"text-align: left; padding-left: 120px;\">Endebles, de caer en el desenga\u00f1o de un pasado que extra\u00f1o<\/p>\n<p style=\"text-align: left; padding-left: 120px;\">y su porvenir, equivocado con la cuenta atr\u00e1s<\/p>\n<p style=\"text-align: left; padding-left: 120px;\">Sobre los hombros, la soledad y sus penas,<\/p>\n<p style=\"text-align: left; padding-left: 120px;\">las que no se explican por no quebrantar la vanidad<\/p>\n<p style=\"text-align: left; padding-left: 120px;\">Herida de muerte y a coraz\u00f3n abierto desangra<\/p>\n<p style=\"text-align: left; padding-left: 120px;\">crueldad en la habitaci\u00f3n, alardea grandezas y guerras<\/p>\n<p style=\"text-align: left; padding-left: 120px;\">Entierra complejos enredados en ausencias y dolor<\/p>\n<p style=\"text-align: left; padding-left: 120px;\">bajo el lienzo, embravecido de tumultos y rumores,<\/p>\n<p style=\"text-align: left; padding-left: 120px;\">de s\u00e1banas arrugadas, anudadas, sin magia<\/p>\n<p style=\"text-align: left; padding-left: 120px;\">Sobre los hombros, la vida y sus ma\u00f1anas<\/p>\n<p style=\"text-align: left; padding-left: 120px;\">enlatadas de peligros subversivos y,<\/p>\n<p style=\"text-align: left; padding-left: 120px;\">con recuerdos pendidos del brazo del olvido<\/p>\n<p style=\"text-align: left; padding-left: 120px;\">Mientras, abofetea la memoria y su melancol\u00eda,<\/p>\n<p style=\"text-align: left; padding-left: 120px;\">helada de no besar sus labios, c\u00e1lidos<\/p>\n<p style=\"text-align: left; padding-left: 120px;\">en aquel verano que vivimos entre soles y palabras<\/p>\n<p style=\"text-align: left; padding-left: 120px;\">Sobre los hombros, la muerte con velo de encaje<\/p>\n<p style=\"text-align: left; padding-left: 120px;\">sobre un rostro sin luz cuando mira al espejo,<\/p>\n<p style=\"text-align: left; padding-left: 120px;\">\u00a0\u00a0\u00a0\u00a0\u00a0\u00a0\u00a0\u00a0\u00a0\u00a0\u00a0\u00a0\u00a0\u00a0\u00a0\u00a0\u00a0\u00a0\u00a0 \u2014su reflejo\u2014<\/p>\n<p style=\"text-align: left; padding-left: 120px;\">Espera revivir todos los muertos, la corrupci\u00f3n del cuerpo,<\/p>\n<p style=\"text-align: left; padding-left: 120px;\">y sus infiernos, los desvar\u00edos sin final, los ojos sin destino<\/p>\n<p style=\"text-align: left; padding-left: 120px;\">en el cementerio de l\u00e1pidas sin edad ni epitafios<\/p>\n<p style=\"text-align: left; padding-left: 120px;\">que describan la verdad del adi\u00f3s y la espesura de la nada<\/p>\n<p style=\"text-align: left; padding-left: 120px;\">Sobre los hombros,<\/p>\n<p style=\"text-align: left; padding-left: 120px;\">el ayer y el hoy,<\/p>\n<p style=\"text-align: left; padding-left: 120px;\">el antes y el despu\u00e9s,<\/p>\n<p style=\"text-align: left; padding-left: 120px;\">el quiz\u00e1s y el no lo s\u00e9,<\/p>\n<p style=\"text-align: left; padding-left: 120px;\">el contigo y el sin m\u00ed\u2026<\/p>\n<p style=\"text-align: left; padding-left: 120px;\"><a href=\"http:\/\/granadacostanacional.es\/meson-baena\/\"><img decoding=\"async\" loading=\"lazy\" class=\"aligncenter size-full wp-image-25874\" src=\"http:\/\/granadacostanacional.es\/wp-content\/uploads\/2020\/10\/baena.gif\" alt=\"baena\" width=\"696\" height=\"567\" \/><\/a><\/p>\n","protected":false},"excerpt":{"rendered":"<p>Desde el Proyecto Global de Cultura Granada Costa, tenemos el inmenso placer de presentar a nuestra nueva amiga y compa\u00f1era,&hellip;<\/p>\n","protected":false},"author":3,"featured_media":28770,"comment_status":"open","ping_status":"open","sticky":false,"template":"","format":"standard","meta":{"om_disable_all_campaigns":false,"_mi_skip_tracking":false,"_monsterinsights_sitenote_active":false,"_monsterinsights_sitenote_note":"","_monsterinsights_sitenote_category":0,"footnotes":""},"categories":[21],"tags":[],"aioseo_notices":[],"_links":{"self":[{"href":"https:\/\/granadacostaglobal.es\/index.php?rest_route=\/wp\/v2\/posts\/28777"}],"collection":[{"href":"https:\/\/granadacostaglobal.es\/index.php?rest_route=\/wp\/v2\/posts"}],"about":[{"href":"https:\/\/granadacostaglobal.es\/index.php?rest_route=\/wp\/v2\/types\/post"}],"author":[{"embeddable":true,"href":"https:\/\/granadacostaglobal.es\/index.php?rest_route=\/wp\/v2\/users\/3"}],"replies":[{"embeddable":true,"href":"https:\/\/granadacostaglobal.es\/index.php?rest_route=%2Fwp%2Fv2%2Fcomments&post=28777"}],"version-history":[{"count":0,"href":"https:\/\/granadacostaglobal.es\/index.php?rest_route=\/wp\/v2\/posts\/28777\/revisions"}],"wp:featuredmedia":[{"embeddable":true,"href":"https:\/\/granadacostaglobal.es\/index.php?rest_route=\/"}],"wp:attachment":[{"href":"https:\/\/granadacostaglobal.es\/index.php?rest_route=%2Fwp%2Fv2%2Fmedia&parent=28777"}],"wp:term":[{"taxonomy":"category","embeddable":true,"href":"https:\/\/granadacostaglobal.es\/index.php?rest_route=%2Fwp%2Fv2%2Fcategories&post=28777"},{"taxonomy":"post_tag","embeddable":true,"href":"https:\/\/granadacostaglobal.es\/index.php?rest_route=%2Fwp%2Fv2%2Ftags&post=28777"}],"curies":[{"name":"wp","href":"https:\/\/api.w.org\/{rel}","templated":true}]}}