{"id":28592,"date":"2021-06-17T10:55:07","date_gmt":"2021-06-17T10:55:07","guid":{"rendered":"http:\/\/granadacostanacional.es\/?p=28592"},"modified":"2021-06-17T10:55:07","modified_gmt":"2021-06-17T10:55:07","slug":"entrevista-a-maria-perez-perez","status":"publish","type":"post","link":"https:\/\/granadacostaglobal.es\/?p=28592","title":{"rendered":"ENTREVISTA A MAR\u00cdA P\u00c9REZ P\u00c9REZ"},"content":{"rendered":"<p style=\"text-align: justify;\">Nuestra querida amiga y vecina Mar\u00eda es uno de los ejemplos y referente de lo que es el trabajo para la recuperaci\u00f3n y puesta en valor de todos aquellos usos y costumbres que caracterizaron el \u00e1mbito rural de nuestro municipio Hu\u00e9rcal-Overa y m\u00e1s all\u00e1 , porque su labor se ha ido extendiendo paulatinamente por comarcas lim\u00edtrofes e incluso por provincias que tienen la suerte de participar de una serie de tradiciones similares en temas como atuendos, bailes, canciones, objetos cotidianos, artesan\u00eda\u2026<\/p>\n<p style=\"text-align: justify;\">Por ello vamos a conocer por boca de ella misma su particular historia.<\/p>\n<p style=\"text-align: justify;\"><strong>1.- Mar\u00eda. \u00bfCu\u00e1ndo descubres esas inquietudes que te han llevado a ser un referente entre quienes te conocemos y seguimos tu trayectoria?<\/strong><\/p>\n<p style=\"text-align: justify;\">Ya desde ni\u00f1a me fijaba en mis abuelos cuando tej\u00edan el esparto. Y en mi padre y t\u00edos, (siempre hombres, en Hu\u00e9rcal-Overa). Me gustaba ver como \u201cde la nada\u201d hac\u00edan aparecer tantas vasijas y utensilios distintos. Para recoger los higos, amarrar los haces de cereales, le\u00f1a o ca\u00f1as\u2026 barreores del horno, etc.<\/p>\n<p style=\"text-align: justify;\"><strong>2.- \u00bfQu\u00e9 te ha impulsado a llevar a cabo esa labor de divulgaci\u00f3n de los usos y costumbres ancestrales?<\/strong><\/p>\n<p style=\"text-align: justify;\">Estando en la escuela de adultos, nos llevaron a todos los alumnos a una exposici\u00f3n que se hizo en Moj\u00e1car de cosas que hab\u00edamos restaurado. Yo llevaba uno de los rulos del \u201ccilindro\u201d (utilizado en la trilla.) Se interesaron muchos ni\u00f1os y adultos en saber qu\u00e9 era aquello. Entonces me sorprendi\u00f3 que no se conociese. Y pens\u00e9 que quer\u00eda dar a conocer todas estas cosas de anta\u00f1o, para que no se olvidase y permaneciera en la memoria de la gente.<\/p>\n<p style=\"text-align: justify;\"><b>3.- Hablemos de la pleita y\/o esparto. \u00bfQui\u00e9n\u00a0te ense\u00f1a esa magn\u00edfica habilidad para trabajar esta antiqu\u00edsima fibra?<\/b><\/p>\n<p style=\"text-align: justify;\">El que m\u00e1s me ense\u00f1\u00f3 fue el hermano de mi abuelo. Pero tambi\u00e9n aprend\u00ed de uno de mis hermanos. Y posteriormente de todo el que ten\u00eda alguna t\u00e9cnica para ense\u00f1ar.<\/p>\n<p style=\"text-align: justify;\"><strong>4.- \u00bfCu\u00e1ntos artesanos conoces que se dediquen a realizar objetos de estas caracter\u00edsticas?<\/strong><\/p>\n<p style=\"text-align: justify;\">Conocemos algunos de Murcia, y varios de Almer\u00eda, uno de Granada. Y conoc\u00ed uno extraordinario, el mejor, en Alicante, por desgracia fallecido hace varios a\u00f1os.<\/p>\n<p style=\"text-align: justify;\"><strong>5.- Hasta lo que yo conozco de ti, no haces el objeto para venderlo, \u00bfQu\u00e9 haces, pues, con todas las piezas que tienes?<\/strong><\/p>\n<p style=\"text-align: justify;\">Acumularlas en mi cortijo. Algunas las he regalado.<\/p>\n<p style=\"text-align: justify;\"><a href=\"http:\/\/granadacostanacional.es\/wp-content\/uploads\/2021\/06\/WhatsApp-Image-2021-06-17-at-12.48.01.jpeg\"><img decoding=\"async\" loading=\"lazy\" class=\"aligncenter size-large wp-image-28623\" src=\"http:\/\/granadacostanacional.es\/wp-content\/uploads\/2021\/06\/WhatsApp-Image-2021-06-17-at-12.48.01-768x1024.jpeg\" alt=\"WhatsApp Image 2021-06-17 at 12.48.01\" width=\"768\" height=\"1024\" \/><\/a><\/p>\n<p style=\"text-align: justify;\"><strong>6.- Mar\u00eda, la labor que haces es encomiable. \u00bfhas recibido alg\u00fan tipo de reconocimiento de alg\u00fan organismo oficial? <\/strong><\/p>\n<p style=\"text-align: justify;\">S\u00ed, en el a\u00f1o 2016, en Terque, Almer\u00eda, estando participando como muchos a\u00f1os anteriores, en la XIV Jornada de Recuperaci\u00f3n de Oficios Antiguos, que all\u00ed celebra todos los Octubres de cada a\u00f1o el Ayuntamiento y Museo de Terque. Me hizo entrega del galard\u00f3n la Delegada del Gobierno de la Junta de Andaluc\u00eda.<\/p>\n<p style=\"text-align: justify;\"><strong>7.- \u00bfCu\u00e1l es tu sue\u00f1o para todas esas obras que tienes?<\/strong><\/p>\n<p style=\"text-align: justify;\">Por supuesto, que fueran a parar a un museo en Hu\u00e9rcal-Overa. Pero por desgracia, no existe ahora mismo. Aunque tanto el Alcalde actual y la anterior Alcaldesa me hab\u00edan prometido su instauraci\u00f3n, en cuanto fuera posible.<\/p>\n<p style=\"text-align: justify;\"><strong>8.- \u00bfCrees que se podr\u00eda hacer una escuela en el municipio para ense\u00f1ar a los j\u00f3venes esta forma artesanal de usar la atocha o esparto?<\/strong><\/p>\n<p style=\"text-align: justify;\">Estoy convencida de que de que ser\u00eda un acontecimiento para toda la poblaci\u00f3n escolar y tambi\u00e9n dentro del colectivo de desempleados.<\/p>\n<p style=\"text-align: justify;\"><strong>9.- \u00bfC\u00f3mo percibes el tema del esparto en la actualidad?<\/strong><\/p>\n<p style=\"text-align: justify;\">Parece que est\u00e1 resurgiendo en muchos sitios como decoraci\u00f3n, complementos de vestir como bolsos y zapatos. Esteras para las entradas de las viviendas, cestos para le\u00f1a o frutas, salvamanteles. Maceteros. Etc.<\/p>\n<p style=\"text-align: justify;\"><strong>10.- Me gustar\u00eda que contaras alguna an\u00e9cdota curiosa que te haya podido suceder a lo largo de todos estos a\u00f1os que creas que es digna de ser tenida en cuenta y conocida por quienes lean esta entrevista.<\/strong><\/p>\n<p style=\"text-align: justify;\">En unas Jornadas realizadas con alumnos del I.E.S. \u201cCura Valera\u201d hace unos a\u00f1os, unos alumnos se interesaron tanto que dijeron que estar\u00edan dispuestos a cambiar los m\u00f3viles por el esparto.<\/p>\n<p style=\"text-align: justify;\">Otra muy graciosa me sucedi\u00f3 en el I.E.S de Garrucha, pueblo de pescadores. Los alumnos me preguntaron abiertamente, y algunos profesores, \u201ca escondidas de sus alumnos\u201d que los peces \u201cse escapar\u00edan por los agujeros tan grandes de la red que hab\u00eda tejido\u201d. Se refer\u00edan a un harpil que llev\u00e9, el cual no se usa para pescar, sino para llevar la paja desde la era donde se realiza la trilla hasta la \u201cpajera\u201d.<\/p>\n<p style=\"text-align: justify;\"><strong>11.- Y ahora, te cedo la palabra para que, a modo de resumen, valores lo positivo y negativo de tu experiencia.<\/strong><\/p>\n<p style=\"text-align: justify;\">Lo m\u00e1s positivo es que donde quiera que he participado en alg\u00fan acto de divulgaci\u00f3n, la gente se ha interesado mucho. Incluso acudieron en una Jornada de artesan\u00eda celebrada en Ser\u00f3n, la cual se anunci\u00f3 por\u00a0 Internet, personas deseosas de aprender, del otro extremo de la provincia de Almer\u00eda.<\/p>\n<p style=\"text-align: justify;\">Lo m\u00e1s negativo, la falta de inter\u00e9s suficiente de los pol\u00edticos y gobernantes por llevar a cabo la puesta en funcionamiento de un Museo Etnogr\u00e1fico y Talleres en Hu\u00e9rcal-Overa. Aunque el ministro de Cultura Jos\u00e9 Guirao, que asisti\u00f3 a un evento en Ser\u00f3n, hizo alg\u00fan tipo de reconocimiento a la Artesan\u00eda del Esparto.<\/p>\n<p style=\"text-align: right;\">\n<p style=\"text-align: right;\"><strong>Entrevista por Ana Mart\u00ednez Parra<\/strong><\/p>\n<p style=\"text-align: right;\">\n<h3 style=\"text-align: center;\"><strong>REPORTAJE FOTOGR\u00c1FICO<\/strong><\/h3>\n<p style=\"text-align: center;\"><a href=\"http:\/\/granadacostanacional.es\/wp-content\/uploads\/2021\/06\/WhatsApp-Image-2021-06-17-at-12.45.42-1.jpeg\"><img decoding=\"async\" loading=\"lazy\" class=\"aligncenter size-large wp-image-28595\" src=\"http:\/\/granadacostanacional.es\/wp-content\/uploads\/2021\/06\/WhatsApp-Image-2021-06-17-at-12.45.42-1-1024x760.jpeg\" alt=\"WhatsApp Image 2021-06-17 at 12.45.42 (1)\" width=\"1024\" height=\"760\" \/><\/a><\/p>\n<p style=\"text-align: center;\">\n<p style=\"text-align: center;\"><a href=\"http:\/\/granadacostanacional.es\/wp-content\/uploads\/2021\/06\/WhatsApp-Image-2021-06-17-at-12.45.42-2.jpeg\"><img decoding=\"async\" loading=\"lazy\" class=\"aligncenter size-large wp-image-28596\" src=\"http:\/\/granadacostanacional.es\/wp-content\/uploads\/2021\/06\/WhatsApp-Image-2021-06-17-at-12.45.42-2-1024x760.jpeg\" alt=\"WhatsApp Image 2021-06-17 at 12.45.42 (2)\" width=\"1024\" height=\"760\" \/><\/a><\/p>\n<p style=\"text-align: center;\">\n<p style=\"text-align: center;\"><a href=\"http:\/\/granadacostanacional.es\/wp-content\/uploads\/2021\/06\/WhatsApp-Image-2021-06-17-at-12.45.42-3.jpeg\"><img decoding=\"async\" loading=\"lazy\" class=\"aligncenter size-large wp-image-28597\" src=\"http:\/\/granadacostanacional.es\/wp-content\/uploads\/2021\/06\/WhatsApp-Image-2021-06-17-at-12.45.42-3-1024x760.jpeg\" alt=\"WhatsApp Image 2021-06-17 at 12.45.42 (3)\" width=\"1024\" height=\"760\" \/><\/a><\/p>\n<p style=\"text-align: center;\">\n<p style=\"text-align: center;\"><a href=\"http:\/\/granadacostanacional.es\/wp-content\/uploads\/2021\/06\/WhatsApp-Image-2021-06-17-at-12.45.42-4.jpeg\"><img decoding=\"async\" loading=\"lazy\" class=\"aligncenter size-large wp-image-28598\" src=\"http:\/\/granadacostanacional.es\/wp-content\/uploads\/2021\/06\/WhatsApp-Image-2021-06-17-at-12.45.42-4-1024x760.jpeg\" alt=\"WhatsApp Image 2021-06-17 at 12.45.42 (4)\" width=\"1024\" height=\"760\" \/><\/a><\/p>\n<p style=\"text-align: center;\">\n<p style=\"text-align: center;\"><a href=\"http:\/\/granadacostanacional.es\/wp-content\/uploads\/2021\/06\/WhatsApp-Image-2021-06-17-at-12.45.42-5.jpeg\"><img decoding=\"async\" loading=\"lazy\" class=\"aligncenter size-large wp-image-28599\" src=\"http:\/\/granadacostanacional.es\/wp-content\/uploads\/2021\/06\/WhatsApp-Image-2021-06-17-at-12.45.42-5-1024x760.jpeg\" alt=\"WhatsApp Image 2021-06-17 at 12.45.42 (5)\" width=\"1024\" height=\"760\" \/><\/a><\/p>\n<p style=\"text-align: center;\">\n<p style=\"text-align: center;\"><a href=\"http:\/\/granadacostanacional.es\/wp-content\/uploads\/2021\/06\/WhatsApp-Image-2021-06-17-at-12.45.42-6.jpeg\"><img decoding=\"async\" loading=\"lazy\" class=\"aligncenter size-large wp-image-28600\" src=\"http:\/\/granadacostanacional.es\/wp-content\/uploads\/2021\/06\/WhatsApp-Image-2021-06-17-at-12.45.42-6-1024x760.jpeg\" alt=\"WhatsApp Image 2021-06-17 at 12.45.42 (6)\" width=\"1024\" height=\"760\" \/><\/a><\/p>\n<p style=\"text-align: center;\">\n<p style=\"text-align: center;\"><a href=\"http:\/\/granadacostanacional.es\/wp-content\/uploads\/2021\/06\/WhatsApp-Image-2021-06-17-at-12.45.42.jpeg\"><img decoding=\"async\" loading=\"lazy\" class=\"aligncenter size-large wp-image-28601\" src=\"http:\/\/granadacostanacional.es\/wp-content\/uploads\/2021\/06\/WhatsApp-Image-2021-06-17-at-12.45.42-1024x760.jpeg\" alt=\"WhatsApp Image 2021-06-17 at 12.45.42\" width=\"1024\" height=\"760\" \/><\/a><\/p>\n<p style=\"text-align: center;\">\n<p style=\"text-align: center;\"><a href=\"http:\/\/granadacostanacional.es\/wp-content\/uploads\/2021\/06\/WhatsApp-Image-2021-06-17-at-12.45.43-1.jpeg\"><img decoding=\"async\" loading=\"lazy\" class=\"aligncenter size-large wp-image-28602\" src=\"http:\/\/granadacostanacional.es\/wp-content\/uploads\/2021\/06\/WhatsApp-Image-2021-06-17-at-12.45.43-1-1024x760.jpeg\" alt=\"WhatsApp Image 2021-06-17 at 12.45.43 (1)\" width=\"1024\" height=\"760\" \/><\/a><\/p>\n<p style=\"text-align: center;\">\n<p style=\"text-align: center;\"><a href=\"http:\/\/granadacostanacional.es\/wp-content\/uploads\/2021\/06\/WhatsApp-Image-2021-06-17-at-12.45.43-2.jpeg\"><img decoding=\"async\" loading=\"lazy\" class=\"aligncenter size-large wp-image-28603\" src=\"http:\/\/granadacostanacional.es\/wp-content\/uploads\/2021\/06\/WhatsApp-Image-2021-06-17-at-12.45.43-2-1024x760.jpeg\" alt=\"WhatsApp Image 2021-06-17 at 12.45.43 (2)\" width=\"1024\" height=\"760\" \/><\/a><\/p>\n<p style=\"text-align: center;\">\n<p style=\"text-align: center;\"><a href=\"http:\/\/granadacostanacional.es\/wp-content\/uploads\/2021\/06\/WhatsApp-Image-2021-06-17-at-12.45.43-3.jpeg\"><img decoding=\"async\" loading=\"lazy\" class=\"aligncenter size-large wp-image-28604\" src=\"http:\/\/granadacostanacional.es\/wp-content\/uploads\/2021\/06\/WhatsApp-Image-2021-06-17-at-12.45.43-3-1024x760.jpeg\" alt=\"WhatsApp Image 2021-06-17 at 12.45.43 (3)\" width=\"1024\" height=\"760\" \/><\/a><\/p>\n<p style=\"text-align: center;\">\n<p style=\"text-align: center;\"><a href=\"http:\/\/granadacostanacional.es\/wp-content\/uploads\/2021\/06\/WhatsApp-Image-2021-06-17-at-12.45.43-4.jpeg\"><img decoding=\"async\" loading=\"lazy\" class=\"aligncenter size-large wp-image-28605\" src=\"http:\/\/granadacostanacional.es\/wp-content\/uploads\/2021\/06\/WhatsApp-Image-2021-06-17-at-12.45.43-4-1024x760.jpeg\" alt=\"WhatsApp Image 2021-06-17 at 12.45.43 (4)\" width=\"1024\" height=\"760\" \/><\/a><\/p>\n<p style=\"text-align: center;\">\n<p style=\"text-align: center;\"><a href=\"http:\/\/granadacostanacional.es\/wp-content\/uploads\/2021\/06\/WhatsApp-Image-2021-06-17-at-12.45.43-5.jpeg\"><img decoding=\"async\" loading=\"lazy\" class=\"aligncenter size-large wp-image-28606\" src=\"http:\/\/granadacostanacional.es\/wp-content\/uploads\/2021\/06\/WhatsApp-Image-2021-06-17-at-12.45.43-5-1024x760.jpeg\" alt=\"WhatsApp Image 2021-06-17 at 12.45.43 (5)\" width=\"1024\" height=\"760\" \/><\/a><\/p>\n<p style=\"text-align: center;\">\n<p style=\"text-align: center;\"><a href=\"http:\/\/granadacostanacional.es\/wp-content\/uploads\/2021\/06\/WhatsApp-Image-2021-06-17-at-12.45.44-1.jpeg\"><img decoding=\"async\" loading=\"lazy\" class=\"aligncenter size-large wp-image-28607\" src=\"http:\/\/granadacostanacional.es\/wp-content\/uploads\/2021\/06\/WhatsApp-Image-2021-06-17-at-12.45.44-1-1024x760.jpeg\" alt=\"WhatsApp Image 2021-06-17 at 12.45.44 (1)\" width=\"1024\" height=\"760\" \/><\/a><\/p>\n<p style=\"text-align: center;\">\n<p style=\"text-align: center;\"><a href=\"http:\/\/granadacostanacional.es\/wp-content\/uploads\/2021\/06\/WhatsApp-Image-2021-06-17-at-12.45.44-2.jpeg\"><img decoding=\"async\" loading=\"lazy\" class=\"aligncenter size-large wp-image-28608\" src=\"http:\/\/granadacostanacional.es\/wp-content\/uploads\/2021\/06\/WhatsApp-Image-2021-06-17-at-12.45.44-2-1024x760.jpeg\" alt=\"WhatsApp Image 2021-06-17 at 12.45.44 (2)\" width=\"1024\" height=\"760\" \/><\/a><\/p>\n<p style=\"text-align: center;\">\n<p style=\"text-align: center;\"><a href=\"http:\/\/granadacostanacional.es\/wp-content\/uploads\/2021\/06\/WhatsApp-Image-2021-06-17-at-12.45.44-3.jpeg\"><img decoding=\"async\" loading=\"lazy\" class=\"aligncenter size-large wp-image-28609\" src=\"http:\/\/granadacostanacional.es\/wp-content\/uploads\/2021\/06\/WhatsApp-Image-2021-06-17-at-12.45.44-3-1024x760.jpeg\" alt=\"WhatsApp Image 2021-06-17 at 12.45.44 (3)\" width=\"1024\" height=\"760\" \/><\/a><\/p>\n<p style=\"text-align: center;\">\n<p style=\"text-align: center;\"><a href=\"http:\/\/granadacostanacional.es\/wp-content\/uploads\/2021\/06\/WhatsApp-Image-2021-06-17-at-12.45.44-4.jpeg\"><img decoding=\"async\" loading=\"lazy\" class=\"aligncenter size-large wp-image-28610\" src=\"http:\/\/granadacostanacional.es\/wp-content\/uploads\/2021\/06\/WhatsApp-Image-2021-06-17-at-12.45.44-4-1024x760.jpeg\" alt=\"WhatsApp Image 2021-06-17 at 12.45.44 (4)\" width=\"1024\" height=\"760\" \/><\/a><\/p>\n<p style=\"text-align: center;\">\n<p style=\"text-align: center;\"><a href=\"http:\/\/granadacostanacional.es\/wp-content\/uploads\/2021\/06\/WhatsApp-Image-2021-06-17-at-12.45.44-5.jpeg\"><img decoding=\"async\" loading=\"lazy\" class=\"aligncenter size-large wp-image-28611\" src=\"http:\/\/granadacostanacional.es\/wp-content\/uploads\/2021\/06\/WhatsApp-Image-2021-06-17-at-12.45.44-5-1024x760.jpeg\" alt=\"WhatsApp Image 2021-06-17 at 12.45.44 (5)\" width=\"1024\" height=\"760\" \/><\/a><\/p>\n<p style=\"text-align: center;\">\n<p style=\"text-align: center;\"><a href=\"http:\/\/granadacostanacional.es\/wp-content\/uploads\/2021\/06\/WhatsApp-Image-2021-06-17-at-12.45.44.jpeg\"><img decoding=\"async\" loading=\"lazy\" class=\"aligncenter size-large wp-image-28612\" src=\"http:\/\/granadacostanacional.es\/wp-content\/uploads\/2021\/06\/WhatsApp-Image-2021-06-17-at-12.45.44-760x1024.jpeg\" alt=\"WhatsApp Image 2021-06-17 at 12.45.44\" width=\"760\" height=\"1024\" \/><\/a><\/p>\n<p style=\"text-align: center;\">\n<p style=\"text-align: center;\"><a href=\"http:\/\/granadacostanacional.es\/wp-content\/uploads\/2021\/06\/WhatsApp-Image-2021-06-17-at-12.45.45-1.jpeg\"><img decoding=\"async\" loading=\"lazy\" class=\"aligncenter size-large wp-image-28613\" src=\"http:\/\/granadacostanacional.es\/wp-content\/uploads\/2021\/06\/WhatsApp-Image-2021-06-17-at-12.45.45-1-1024x760.jpeg\" alt=\"WhatsApp Image 2021-06-17 at 12.45.45 (1)\" width=\"1024\" height=\"760\" \/><\/a><\/p>\n<p style=\"text-align: center;\">\n<p style=\"text-align: center;\"><a href=\"http:\/\/granadacostanacional.es\/wp-content\/uploads\/2021\/06\/WhatsApp-Image-2021-06-17-at-12.45.45-2.jpeg\"><img decoding=\"async\" loading=\"lazy\" class=\"aligncenter size-large wp-image-28614\" src=\"http:\/\/granadacostanacional.es\/wp-content\/uploads\/2021\/06\/WhatsApp-Image-2021-06-17-at-12.45.45-2-1024x760.jpeg\" alt=\"WhatsApp Image 2021-06-17 at 12.45.45 (2)\" width=\"1024\" height=\"760\" \/><\/a><\/p>\n<p style=\"text-align: center;\">\n<p style=\"text-align: center;\"><a href=\"http:\/\/granadacostanacional.es\/wp-content\/uploads\/2021\/06\/WhatsApp-Image-2021-06-17-at-12.45.45-3.jpeg\"><img decoding=\"async\" loading=\"lazy\" class=\"aligncenter size-large wp-image-28615\" src=\"http:\/\/granadacostanacional.es\/wp-content\/uploads\/2021\/06\/WhatsApp-Image-2021-06-17-at-12.45.45-3-760x1024.jpeg\" alt=\"WhatsApp Image 2021-06-17 at 12.45.45 (3)\" width=\"760\" height=\"1024\" \/><\/a><\/p>\n<p style=\"text-align: center;\">\n<p style=\"text-align: center;\"><a href=\"http:\/\/granadacostanacional.es\/wp-content\/uploads\/2021\/06\/WhatsApp-Image-2021-06-17-at-12.45.45-4.jpeg\"><img decoding=\"async\" loading=\"lazy\" class=\"aligncenter size-large wp-image-28616\" src=\"http:\/\/granadacostanacional.es\/wp-content\/uploads\/2021\/06\/WhatsApp-Image-2021-06-17-at-12.45.45-4-1024x760.jpeg\" alt=\"WhatsApp Image 2021-06-17 at 12.45.45 (4)\" width=\"1024\" height=\"760\" \/><\/a><\/p>\n<p style=\"text-align: center;\">\n<p style=\"text-align: center;\"><a href=\"http:\/\/granadacostanacional.es\/wp-content\/uploads\/2021\/06\/WhatsApp-Image-2021-06-17-at-12.45.45-5.jpeg\"><img decoding=\"async\" loading=\"lazy\" class=\"aligncenter size-large wp-image-28617\" src=\"http:\/\/granadacostanacional.es\/wp-content\/uploads\/2021\/06\/WhatsApp-Image-2021-06-17-at-12.45.45-5-1024x760.jpeg\" alt=\"WhatsApp Image 2021-06-17 at 12.45.45 (5)\" width=\"1024\" height=\"760\" \/><\/a><\/p>\n<p style=\"text-align: center;\">\n<p style=\"text-align: center;\"><a href=\"http:\/\/granadacostanacional.es\/wp-content\/uploads\/2021\/06\/WhatsApp-Image-2021-06-17-at-12.45.45-6.jpeg\"><img decoding=\"async\" loading=\"lazy\" class=\"aligncenter size-large wp-image-28618\" src=\"http:\/\/granadacostanacional.es\/wp-content\/uploads\/2021\/06\/WhatsApp-Image-2021-06-17-at-12.45.45-6-760x1024.jpeg\" alt=\"WhatsApp Image 2021-06-17 at 12.45.45 (6)\" width=\"760\" height=\"1024\" \/><\/a><\/p>\n<p style=\"text-align: center;\">\n<p style=\"text-align: center;\"><a href=\"http:\/\/granadacostanacional.es\/wp-content\/uploads\/2021\/06\/WhatsApp-Image-2021-06-17-at-12.45.45-7.jpeg\"><img decoding=\"async\" loading=\"lazy\" class=\"aligncenter size-large wp-image-28619\" src=\"http:\/\/granadacostanacional.es\/wp-content\/uploads\/2021\/06\/WhatsApp-Image-2021-06-17-at-12.45.45-7-1024x760.jpeg\" alt=\"WhatsApp Image 2021-06-17 at 12.45.45 (7)\" width=\"1024\" height=\"760\" \/><\/a><\/p>\n<p style=\"text-align: center;\">\n<p style=\"text-align: center;\"><a href=\"http:\/\/granadacostanacional.es\/wp-content\/uploads\/2021\/06\/WhatsApp-Image-2021-06-17-at-12.45.45.jpeg\"><img decoding=\"async\" loading=\"lazy\" class=\"aligncenter size-large wp-image-28620\" src=\"http:\/\/granadacostanacional.es\/wp-content\/uploads\/2021\/06\/WhatsApp-Image-2021-06-17-at-12.45.45-1024x760.jpeg\" alt=\"WhatsApp Image 2021-06-17 at 12.45.45\" width=\"1024\" height=\"760\" \/><\/a><\/p>\n<p style=\"text-align: center;\">\n<p style=\"text-align: center;\"><a href=\"http:\/\/granadacostanacional.es\/wp-content\/uploads\/2021\/06\/WhatsApp-Image-2021-06-17-at-12.45.46.jpeg\"><img decoding=\"async\" loading=\"lazy\" class=\"aligncenter size-large wp-image-28621\" src=\"http:\/\/granadacostanacional.es\/wp-content\/uploads\/2021\/06\/WhatsApp-Image-2021-06-17-at-12.45.46-760x1024.jpeg\" alt=\"WhatsApp Image 2021-06-17 at 12.45.46\" width=\"760\" height=\"1024\" \/><\/a><\/p>\n<p style=\"text-align: center;\">\n<p style=\"text-align: center;\"><a href=\"http:\/\/granadacostanacional.es\/wp-content\/uploads\/2021\/06\/WhatsApp-Image-2021-06-17-at-12.45.43-6.jpeg\"><img decoding=\"async\" loading=\"lazy\" class=\"aligncenter size-large wp-image-28622\" src=\"http:\/\/granadacostanacional.es\/wp-content\/uploads\/2021\/06\/WhatsApp-Image-2021-06-17-at-12.45.43-6-1024x760.jpeg\" alt=\"WhatsApp Image 2021-06-17 at 12.45.43\" width=\"1024\" height=\"760\" \/><\/a><\/p>\n<p style=\"text-align: center;\">\n<p style=\"text-align: center;\">\n<p>&nbsp;<\/p>\n","protected":false},"excerpt":{"rendered":"<p>Nuestra querida amiga y vecina Mar\u00eda es uno de los ejemplos y referente de lo que es el trabajo para&hellip;<\/p>\n","protected":false},"author":3,"featured_media":28593,"comment_status":"open","ping_status":"open","sticky":false,"template":"","format":"standard","meta":{"om_disable_all_campaigns":false,"_mi_skip_tracking":false,"_monsterinsights_sitenote_active":false,"_monsterinsights_sitenote_note":"","_monsterinsights_sitenote_category":0,"footnotes":""},"categories":[21],"tags":[],"aioseo_notices":[],"_links":{"self":[{"href":"https:\/\/granadacostaglobal.es\/index.php?rest_route=\/wp\/v2\/posts\/28592"}],"collection":[{"href":"https:\/\/granadacostaglobal.es\/index.php?rest_route=\/wp\/v2\/posts"}],"about":[{"href":"https:\/\/granadacostaglobal.es\/index.php?rest_route=\/wp\/v2\/types\/post"}],"author":[{"embeddable":true,"href":"https:\/\/granadacostaglobal.es\/index.php?rest_route=\/wp\/v2\/users\/3"}],"replies":[{"embeddable":true,"href":"https:\/\/granadacostaglobal.es\/index.php?rest_route=%2Fwp%2Fv2%2Fcomments&post=28592"}],"version-history":[{"count":0,"href":"https:\/\/granadacostaglobal.es\/index.php?rest_route=\/wp\/v2\/posts\/28592\/revisions"}],"wp:featuredmedia":[{"embeddable":true,"href":"https:\/\/granadacostaglobal.es\/index.php?rest_route=\/"}],"wp:attachment":[{"href":"https:\/\/granadacostaglobal.es\/index.php?rest_route=%2Fwp%2Fv2%2Fmedia&parent=28592"}],"wp:term":[{"taxonomy":"category","embeddable":true,"href":"https:\/\/granadacostaglobal.es\/index.php?rest_route=%2Fwp%2Fv2%2Fcategories&post=28592"},{"taxonomy":"post_tag","embeddable":true,"href":"https:\/\/granadacostaglobal.es\/index.php?rest_route=%2Fwp%2Fv2%2Ftags&post=28592"}],"curies":[{"name":"wp","href":"https:\/\/api.w.org\/{rel}","templated":true}]}}