{"id":28481,"date":"2021-06-08T11:52:42","date_gmt":"2021-06-08T11:52:42","guid":{"rendered":"http:\/\/granadacostanacional.es\/?p=28481"},"modified":"2021-06-08T11:52:42","modified_gmt":"2021-06-08T11:52:42","slug":"a-toda-costa-dia-mundial-de-los-oceanos","status":"publish","type":"post","link":"https:\/\/granadacostaglobal.es\/?p=28481","title":{"rendered":"A TODA COSTA \u2013 D\u00eda Mundial de los Oc\u00e9anos"},"content":{"rendered":"<h2 style=\"margin: 14pt 0cm; text-align: center;\"><span style=\"font-size: 18pt;\">La \u201calerta roja\u201d hace tiempo que se encendi\u00f3<\/span><\/h2>\n<p style=\"margin: 14.0pt 0cm 14.0pt 0cm;\">Este debatido y nada corregido problema regresa cada 8 de junio desde el a\u00f1o 1994, cuando se celebra este &lt;&lt;d\u00eda&gt;&gt;, que entr\u00f3 en vigor en la Convenci\u00f3n de las Naciones Unidas a partir de una iniciativa canadiense.<\/p>\n<p style=\"margin: 14.0pt 0cm 14.0pt 0cm;\">Los oc\u00e9anos cubren dos terceras partes de la superficie de la Tierra, y a trav\u00e9s de sus interacciones con la atm\u00f3sfera, litosfera y la biosfera, juegan un papel relevante en la conformaci\u00f3n de las condiciones que hacen posible las distintas formas de vida del planeta. Adem\u00e1s de servir como h\u00e1bitat de una vast\u00edsima colecci\u00f3n de plantas marinas y animales, los oc\u00e9anos proporcionan alimento, energ\u00eda y m\u00faltiples recursos a los seres humanos.<\/p>\n<p style=\"margin: 14.0pt 0cm 14.0pt 0cm;\">Es un deber de todos, trabajar por la limpieza y conservaci\u00f3n del mar, a pesar de que en ocasiones las ganas se te quiten, al ver los desastres tan inmensos y de dif\u00edcil reparaci\u00f3n que acontecen\u2026, pero\u2026no queda otra.<\/p>\n<p style=\"margin: 14.0pt 0cm 14.0pt 0cm;\"><a href=\"http:\/\/granadacostanacional.es\/wp-content\/uploads\/2021\/06\/sumarinista.jpg\"><img decoding=\"async\" loading=\"lazy\" class=\"aligncenter size-large wp-image-28482\" src=\"http:\/\/granadacostanacional.es\/wp-content\/uploads\/2021\/06\/sumarinista-1024x912.jpg\" alt=\"sumarinista\" width=\"1024\" height=\"912\" \/><\/a><\/p>\n<p style=\"margin: 14.0pt 0cm 14.0pt 0cm;\">Hay que seguir luchando y aportar nuestra peque\u00f1a contribuci\u00f3n para que, sumadas a las de otros muchos, podamos recomponer la negligencia de algunos inconscientes que juegan con la naturaleza.<\/p>\n<p style=\"margin: 14.0pt 0cm 14.0pt 0cm;\">Actualmente se producen m\u00e1s agresiones hacia los fondos marinos, que en la tierra incendios, solo que estos atentados parecen menores al no verlos con la evidencia y crueldad que nos muestra el fuego.<\/p>\n<p style=\"margin: 14pt 0cm; text-align: right;\"><strong>Francisco Ponce Carrasco<\/strong><\/p>\n<p><a href=\"https:\/\/www.valenzuela.es\/\"><img decoding=\"async\" loading=\"lazy\" class=\"aligncenter wp-image-26234 size-medium\" src=\"http:\/\/granadacostanacional.es\/wp-content\/uploads\/2020\/11\/Valenzuela-300x247.gif\" alt=\"Valenzuela\" width=\"300\" height=\"247\" \/><\/a><\/p>\n<p style=\"text-align: justify;\"><a href=\"http:\/\/granadacostanacional.es\/wp-content\/uploads\/2021\/03\/MRW.jpg\"><img decoding=\"async\" loading=\"lazy\" class=\"aligncenter size-large wp-image-27531\" src=\"http:\/\/granadacostanacional.es\/wp-content\/uploads\/2021\/03\/MRW-1024x302.jpg\" alt=\"MRW\" width=\"1024\" height=\"302\" \/><\/a><\/p>\n","protected":false},"excerpt":{"rendered":"<p>La \u201calerta roja\u201d hace tiempo que se encendi\u00f3 Este debatido y nada corregido problema regresa cada 8 de junio desde&hellip;<\/p>\n","protected":false},"author":3,"featured_media":24452,"comment_status":"open","ping_status":"open","sticky":false,"template":"","format":"standard","meta":{"om_disable_all_campaigns":false,"_mi_skip_tracking":false,"_monsterinsights_sitenote_active":false,"_monsterinsights_sitenote_note":"","_monsterinsights_sitenote_category":0,"footnotes":""},"categories":[21],"tags":[],"aioseo_notices":[],"_links":{"self":[{"href":"https:\/\/granadacostaglobal.es\/index.php?rest_route=\/wp\/v2\/posts\/28481"}],"collection":[{"href":"https:\/\/granadacostaglobal.es\/index.php?rest_route=\/wp\/v2\/posts"}],"about":[{"href":"https:\/\/granadacostaglobal.es\/index.php?rest_route=\/wp\/v2\/types\/post"}],"author":[{"embeddable":true,"href":"https:\/\/granadacostaglobal.es\/index.php?rest_route=\/wp\/v2\/users\/3"}],"replies":[{"embeddable":true,"href":"https:\/\/granadacostaglobal.es\/index.php?rest_route=%2Fwp%2Fv2%2Fcomments&post=28481"}],"version-history":[{"count":0,"href":"https:\/\/granadacostaglobal.es\/index.php?rest_route=\/wp\/v2\/posts\/28481\/revisions"}],"wp:featuredmedia":[{"embeddable":true,"href":"https:\/\/granadacostaglobal.es\/index.php?rest_route=\/"}],"wp:attachment":[{"href":"https:\/\/granadacostaglobal.es\/index.php?rest_route=%2Fwp%2Fv2%2Fmedia&parent=28481"}],"wp:term":[{"taxonomy":"category","embeddable":true,"href":"https:\/\/granadacostaglobal.es\/index.php?rest_route=%2Fwp%2Fv2%2Fcategories&post=28481"},{"taxonomy":"post_tag","embeddable":true,"href":"https:\/\/granadacostaglobal.es\/index.php?rest_route=%2Fwp%2Fv2%2Ftags&post=28481"}],"curies":[{"name":"wp","href":"https:\/\/api.w.org\/{rel}","templated":true}]}}