{"id":28457,"date":"2021-06-03T07:42:32","date_gmt":"2021-06-03T07:42:32","guid":{"rendered":"http:\/\/granadacostanacional.es\/?p=28457"},"modified":"2021-06-03T07:42:32","modified_gmt":"2021-06-03T07:42:32","slug":"arjipov","status":"publish","type":"post","link":"https:\/\/granadacostaglobal.es\/?p=28457","title":{"rendered":"ARJ\u00cdPOV"},"content":{"rendered":"<p style=\"text-align: justify;\">De vez en cuando me percato de que estoy vivo. De que sigo aqu\u00ed. \u00a1Oh, grata sorpresa!<\/p>\n<p style=\"text-align: justify;\">No parece una cuesti\u00f3n balad\u00ed, aunque solo sea por el pareado, sino posiblemente la m\u00e1s importante de todas: no en balde el fin del mundo se produce cuando uno muere (dejemos de lado por ahora la parad\u00f3jica posibilidad de que cuando este art\u00edculo fuera le\u00eddo por un hipot\u00e9tico lector la situaci\u00f3n hubiera cambiado y yo ya no me contara entre los ocho mil millones de seres humanos que abarrotan la Tierra. \u00a1Toco madera! Y sin embargo continuar\u00eda dando guerra en su mente. Se trata de uno de los superpoderes de la lectura: permite que el pasado se torne presente).<\/p>\n<p style=\"text-align: justify;\">Es durante esos momentos de iluminaci\u00f3n, en los que soy consciente del milagro que significa estar vivo, cuando, a pesar de los recurrentes sinsabores, decepciones y\u00a0 dificultades, me siento agradecido con el mundo. No es m\u00e1s feliz quien m\u00e1s tiene sino quien menos necesita.<\/p>\n<p style=\"text-align: justify;\">Pero el sentido de este art\u00edculo no pretende ser metaf\u00edsico.<\/p>\n<p style=\"text-align: justify;\">En realidad mi intenci\u00f3n es m\u00e1s terrenal. Al reparar en qu\u00e9 bello es vivir (\u00a1gran pel\u00edcula!) me pregunto c\u00f3mo es semejante circunstancia posible. Y lo es en primer lugar por la existencia previa de millones de personas cuyos actos han posibilitado \u2014de forma inconsciente, supongo\u2014 que yo pueda estar aqu\u00ed sentado redactando estas palabras. Pero tambi\u00e9n gracias a la intervenci\u00f3n puntual de individuos an\u00f3nimos, solitarios y a veces heroicos que modificaron el rumbo de la historia humana para llevarla a buen puerto.<\/p>\n<p style=\"text-align: justify;\">\u00a0\u00a0\u00a0\u00a0\u00a0\u00a0\u00a0\u00a0\u00a0\u00a0\u00a0 Por ello hoy quiero glosar la figura de Vasili Arj\u00edpov, un oficial de la marina sovi\u00e9tica que casi con total seguridad es el responsable de que todav\u00eda nos encontremos aqu\u00ed al impedir el estallido de la Tercera Guerra Mundial (y el holocausto nuclear subsiguiente) durante la crisis de los misiles de Cuba. Ya advert\u00eda Einstein que la Cuarta Guerra Mundial ser\u00eda con piedras.<\/p>\n<p style=\"text-align: justify;\">\u00a0\u00a0\u00a0\u00a0\u00a0\u00a0\u00a0\u00a0\u00a0\u00a0\u00a0 Arj\u00edpov era el segundo al mando de un submarino nuclear que fue cercado por las fuerzas navales de los Estados Unidos y sometido a un ataque con cargas de profundidad que ten\u00eda el objetivo de hacerle emerger para identificarse.<\/p>\n<p style=\"text-align: justify;\">\u00a0\u00a0\u00a0\u00a0\u00a0\u00a0\u00a0\u00a0\u00a0\u00a0\u00a0 Sucede que las cargas de profundidad produjeron un fallo el\u00e9ctrico en el submarino, que qued\u00f3 incomunicado. El capit\u00e1n pens\u00f3 que la guerra hab\u00eda estallado, as\u00ed como el oficial pol\u00edtico a bordo. Ambos manifestaron de forma vehemente sus intenciones de utilizar el armamento nuclear disponible en la nave contra el enemigo como respuesta.<\/p>\n<p style=\"text-align: justify;\">\u00a0\u00a0\u00a0\u00a0\u00a0\u00a0\u00a0\u00a0\u00a0\u00a0\u00a0 Pero\u2026<\/p>\n<p style=\"text-align: justify;\">\u00a0\u00a0\u00a0\u00a0\u00a0\u00a0\u00a0\u00a0\u00a0\u00a0\u00a0 Las normas indicaban que deb\u00edan contar con el benepl\u00e1cito del segundo de a bordo, Arj\u00edpov, para que el lanzamiento se produjera. Capit\u00e1n, oficial pol\u00edtico y segundo al mando deb\u00edan llegar a un acuerdo.<\/p>\n<p style=\"text-align: justify;\">\u00a0\u00a0\u00a0\u00a0\u00a0\u00a0\u00a0\u00a0\u00a0\u00a0\u00a0 Y este se neg\u00f3, convenciendo finalmente al capit\u00e1n de la nave para emerger y esperar \u00f3rdenes del Kremlin.<\/p>\n<p style=\"text-align: justify;\">\u00a0\u00a0\u00a0\u00a0\u00a0\u00a0\u00a0\u00a0\u00a0\u00a0\u00a0 \u00bfSe imaginan qu\u00e9 presiones tuvo que soportar Arj\u00edpov? Mucho mayores que las del casco del propio submarino. Pero fue capaz de resistirlas.<\/p>\n<p style=\"text-align: justify;\">\u00a0\u00a0\u00a0\u00a0\u00a0\u00a0\u00a0\u00a0\u00a0\u00a0\u00a0 Si la expresi\u00f3n \u201csostener el peso del mundo sobre los hombros\u201d tiene alg\u00fan sentido, Arj\u00edpov debi\u00f3 ser muy consciente del mismo en esos instantes cruciales.<\/p>\n<p style=\"text-align: justify;\">\u00a0\u00a0\u00a0\u00a0\u00a0\u00a0\u00a0\u00a0\u00a0\u00a0\u00a0 Un hombre solo con su conciencia y sus convicciones, que supo aparcar el odio y la obediencia ciega, decidi\u00f3 el destino del planeta. Y seguramente nos salv\u00f3 a todos.<\/p>\n<p style=\"text-align: justify;\">\u00a0\u00a0\u00a0\u00a0\u00a0\u00a0\u00a0\u00a0\u00a0\u00a0\u00a0 \u00bfQu\u00e9 educaci\u00f3n tuvo Arj\u00edpov? \u00bfQu\u00e9 le ense\u00f1aron sus padres? \u00bfQu\u00e9 aprendi\u00f3 de la sociedad en la que vivi\u00f3? \u00bfQu\u00e9 amores experiment\u00f3? \u00bfA qu\u00e9 materias dedic\u00f3 tiempo de estudio? \u00bfQu\u00e9 cosas le apasionaron? \u00bfQu\u00e9 filosof\u00eda de la vida profesaba? Porque todo ello en su conjunto contribuy\u00f3 a que tomara la mejor decisi\u00f3n posible en las peores condiciones pensables. Y acert\u00f3.<\/p>\n<p style=\"text-align: justify;\">\u00a0\u00a0\u00a0\u00a0\u00a0\u00a0\u00a0\u00a0\u00a0\u00a0\u00a0 En este mundo irreversiblemente globalizado, con los pros y contras que tal circunstancia conlleva, la acci\u00f3n de un \u00fanico individuo puede acabar siendo trascendental. As\u00ed que las decisiones de todos, en todo momento, importan. Lo que puede parecer trivial en la vida de una persona puede convertirse en decisivo para el mundo entero. Por eso todo lo que hagamos para mejorar la educaci\u00f3n y las condiciones de vida de nuestras hijas e hijos resulta fundamental.<\/p>\n<p style=\"text-align: justify;\">\u00a0\u00a0\u00a0\u00a0\u00a0\u00a0\u00a0\u00a0\u00a0\u00a0\u00a0 \u00a1Qui\u00e9n sabe si alguno de ellos se encontrar\u00e1 alguna vez en una tesitura semejante a la de Arj\u00edpov!<\/p>\n<p style=\"text-align: right;\"><em><strong>Javier Serra<\/strong><\/em><\/p>\n<p style=\"text-align: right;\"><a href=\"http:\/\/granadacostanacional.es\/wp-content\/uploads\/2021\/01\/Playa-San-Cristobal.png\"><img decoding=\"async\" loading=\"lazy\" class=\"aligncenter size-large wp-image-26941\" src=\"http:\/\/granadacostanacional.es\/wp-content\/uploads\/2021\/01\/Playa-San-Cristobal-1024x687.png\" alt=\"Playa San Cristobal\" width=\"1024\" height=\"687\" \/><\/a><\/p>\n<p style=\"text-align: right;\"><a href=\"http:\/\/redoficial.citroen.es\/motril\"><img decoding=\"async\" loading=\"lazy\" class=\"aligncenter size-large wp-image-25899\" src=\"http:\/\/granadacostanacional.es\/wp-content\/uploads\/2020\/10\/anuncio-limer-1024x620.jpg\" alt=\"anuncio limer\" width=\"1024\" height=\"620\" \/><\/a><\/p>\n","protected":false},"excerpt":{"rendered":"<p>De vez en cuando me percato de que estoy vivo. De que sigo aqu\u00ed. \u00a1Oh, grata sorpresa! No parece una&hellip;<\/p>\n","protected":false},"author":2,"featured_media":27434,"comment_status":"open","ping_status":"open","sticky":false,"template":"","format":"standard","meta":{"om_disable_all_campaigns":false,"_mi_skip_tracking":false,"_monsterinsights_sitenote_active":false,"_monsterinsights_sitenote_note":"","_monsterinsights_sitenote_category":0,"footnotes":""},"categories":[21,30],"tags":[],"aioseo_notices":[],"_links":{"self":[{"href":"https:\/\/granadacostaglobal.es\/index.php?rest_route=\/wp\/v2\/posts\/28457"}],"collection":[{"href":"https:\/\/granadacostaglobal.es\/index.php?rest_route=\/wp\/v2\/posts"}],"about":[{"href":"https:\/\/granadacostaglobal.es\/index.php?rest_route=\/wp\/v2\/types\/post"}],"author":[{"embeddable":true,"href":"https:\/\/granadacostaglobal.es\/index.php?rest_route=\/wp\/v2\/users\/2"}],"replies":[{"embeddable":true,"href":"https:\/\/granadacostaglobal.es\/index.php?rest_route=%2Fwp%2Fv2%2Fcomments&post=28457"}],"version-history":[{"count":0,"href":"https:\/\/granadacostaglobal.es\/index.php?rest_route=\/wp\/v2\/posts\/28457\/revisions"}],"wp:featuredmedia":[{"embeddable":true,"href":"https:\/\/granadacostaglobal.es\/index.php?rest_route=\/"}],"wp:attachment":[{"href":"https:\/\/granadacostaglobal.es\/index.php?rest_route=%2Fwp%2Fv2%2Fmedia&parent=28457"}],"wp:term":[{"taxonomy":"category","embeddable":true,"href":"https:\/\/granadacostaglobal.es\/index.php?rest_route=%2Fwp%2Fv2%2Fcategories&post=28457"},{"taxonomy":"post_tag","embeddable":true,"href":"https:\/\/granadacostaglobal.es\/index.php?rest_route=%2Fwp%2Fv2%2Ftags&post=28457"}],"curies":[{"name":"wp","href":"https:\/\/api.w.org\/{rel}","templated":true}]}}