{"id":28344,"date":"2021-05-23T08:48:23","date_gmt":"2021-05-23T08:48:23","guid":{"rendered":"http:\/\/granadacostanacional.es\/?p=28344"},"modified":"2021-05-23T08:48:23","modified_gmt":"2021-05-23T08:48:23","slug":"sugerencias-para-la-espana-vaciada","status":"publish","type":"post","link":"https:\/\/granadacostaglobal.es\/?p=28344","title":{"rendered":"SUGERENCIAS PARA LA ESPA\u00d1A VACIADA"},"content":{"rendered":"<p style=\"text-align: justify;\">\u00a0\u00a0\u00a0\u00a0 No recuerdo quien dijo esto: \u201cHay personas que a primera vista\u00a0 parecen idiotas; hablan e inmediatamente desaparece toda duda\u201d. Alguna ventaja deb\u00eda tener la televisi\u00f3n, y me estoy refiriendo al conocimiento de las personas que asisten a las tertulias que casi siempre son las mismas y, opinan, discuten, incluso se insultan manteniendo su tesis, sea el tema que sea, pues por lo visto su preparaci\u00f3n, estudios, informaci\u00f3n, su inteligencia entran en la genialidad.<\/p>\n<p style=\"text-align: justify;\">\u00a0\u00a0\u00a0\u00a0 En todas las tertulias y en casi todos los medios el tema candente de ahora se refiere a la invasi\u00f3n de africanos en Ceuta.\u00a0 Da pena y verg\u00fcenza esas tertulias donde cualquier persona (algunas muy j\u00f3venes) opinen sobre tema tan complejo como este de la defensa nacional. Para opinar acertadamente se necesita aparte de conocimientos, es decir, expertos en la materia a tratar, una informaci\u00f3n que no est\u00e1 al alcance de los ciudadanos: convenios, negociaciones, alianzas, relaciones internacionales y un sinf\u00edn de cosas que entran en la pol\u00edtica exterior. Naturalmente que en este caso todos los que opinan son admiradores del gobierno S\u00e1nchez, as\u00ed como tambi\u00e9n los medios.<\/p>\n<p style=\"text-align: justify;\">\u00a0\u00a0 En la \u00faltima tertulia a uno de sus tertulianos se le ocurri\u00f3 decir la racha de mala suerte que ha tenido el Sr.\u00a0 Presidente del Gobierno: hace un a\u00f1o la pandemia del coronavirus y ahora la \u2026 \u201ccrisis\u201d de los inmigrantes cuando deber\u00eda haber dicho \u201cinvasi\u00f3n\u201d que es la realidad. Naturalmente que no sabr\u00e1 distinguir una cosa de la otra: <strong>CRISIS O INVASI\u00d3N.\u00a0 <\/strong>Otro de los tertulianos (tertuliana) apunt\u00f3 que el Sr. S\u00e1nchez lo resolver\u00eda r\u00e1pida y eficazmente lo mismo que hizo con el coronavirus. O sea, que llevamos ya dos a\u00f1os y con la llamada 4\u00aa ola, con millones de contagiados y m\u00e1s de 150.000 muertos (lo de las vacunas lo dejamos para otra ocasi\u00f3n), y a esto le llamaba buena gesti\u00f3n. El Sr. S\u00e1nchez y su gobierno donde ha demostrado diligencia y eficacia ha sido en su lucha contra los muertos que, efectivamente, ha salido\u00a0\u00a0 victorioso.\u00a0 Ahora unos cuantos moritos le han humillado y con \u00e9l a toda Espa\u00f1a. As\u00ed corre en las \u201credes\u201d: el toro con los cuernos cortados y el presidente con los pantalones bajados. Un presidente arrogante, duro y exigente y d\u00e9bil y comprensivo con los que nos invaden.<\/p>\n<p style=\"text-align: justify;\">\u00a0Podr\u00edamos continuar en este terreno y con estos \u201csabios\u201d tertulianos, pero yo pregunto: \u00bfEsta mala suerte de la pandemia y la invasi\u00f3n de los inmigrantes es del Sr. S\u00e1nchez, o es de los espa\u00f1oles y de Espa\u00f1a? Y muy especialmente los que viven en Ceuta lo est\u00e1n sufriendo en sus carnes, en sus negocios, en su libertad, en todas sus actividades de una vida normal. Los pecados y los vicios de los dirigentes de cualquier pa\u00eds y de cualquier ideolog\u00eda lo pagan los ciudadanos y el pa\u00eds como es este caso.<\/p>\n<p style=\"text-align: justify;\">\u00a0\u00a0 Ampar\u00e1ndome en eso que todos esgrimen ahora\u00a0 de \u201clibertad de expresi\u00f3n\u201d, pues apunto que con la capacidad del Ministro del Interior y el de la \u00bfMinistra\/ Ministro?\u00a0 de Exteriores que tienen\u00a0 una responsabilidad especial, dif\u00edcil veo \u00a0la soluci\u00f3n eficaz; el Sr. Presidente pues\u2026ya lo ha demostrado\u2026 su gran iniciativa y eficacia en darle soluci\u00f3n a los problemas que se van presentando. Para ser exacto yo dir\u00eda que es un experto en crearlos.<\/p>\n<p style=\"text-align: justify;\">Esta invasi\u00f3n de africanos se debe exclusivamente a la nefasta gesti\u00f3n del gobierno en todos los aspectos, pues \u00a0Espa\u00f1a que en otros tiempos fue respetada, considerada por el mundo entero, en la actualidad no cuenta, se le ha perdido por completo el respeto y todo debido a sus dirigentes. <strong>Espa\u00f1a ya no es UNA, ni GRANDE, ni LIBRE, es el hazmerre\u00edr del mundo.<\/strong><\/p>\n<p style=\"text-align: justify;\">\u00a0\u00a0 En mi caso, ya con muchos a\u00f1os, pienso que si cualquier jovencito se cree con derecho a opinar p\u00fablicamente en temas que desconoce, me creo yo por mi edad y experiencia, sugerir que a todos estos inmigrantes con papeles o sin papeles, sean negros, moros o hispanoamericanos, en vez de meterlos en hoteles como ha ocurrido en Canarias y ahora en Ceuta, y a todos esos menores de 18 a\u00f1os que llaman \u201cmenas\u201d que ni trabajan ni estudian y van metiendo miedo y robando entre la poblaci\u00f3n decente, mi sugerencia es que se los llevaran a esos pueblos que est\u00e1n abandonados (la Espa\u00f1a vaciada) que seg\u00fan los estudios realizados son 3000 pueblos, as\u00ed se\u00a0 resolver\u00edan muchos problemas a la vez.<\/p>\n<p style=\"text-align: justify;\">\u00a0Hay antecedentes a este respecto, sin remontarnos a los tiempos de los Reyes Cat\u00f3licos con la repoblaci\u00f3n despu\u00e9s de a\u00f1o 1492 \u00a0que parecen muy lejano, los tenemos\u00a0 en el siglo XVIII ya lo hizo el rey Carlos III que coloniz\u00f3 Sierra Morena llevando labradores a\u00a0 cultivar campos nuevos y fundando pueblos, y ah\u00ed est\u00e1n, valgan de ejemplo La Carolina y santa Elena (Ja\u00e9n).<\/p>\n<p style=\"text-align: justify;\">\u00a0\u00a0 \u00a0\u00a0\u00a0\u00a0\u00a0\u00a0Posteriormente, en el siglo XX, en 1939 se cre\u00f3 el Instituto\u00a0 Nacional de Colonizaci\u00f3n dependiente del Ministerio de Agricultura, para recuperar el patrimonio rural en Andaluc\u00eda, Extremadura y Castilla La Mancha, donde se crearon m\u00e1s de 300 pueblos; y millones de hect\u00e1reas se pusieron en regad\u00edo y en producci\u00f3n.<\/p>\n<p style=\"text-align: justify;\">Si queremos ser grandes y libres es necesario tener la hacienda saneada y de camino repasar la lectura de El Quijote y GRABARNOS esta frase que desde siempre fue la Historia de Espa\u00f1a<strong>: \u201cNO PELEO POR LA HACIENDA, QUE PELEO POR LA HONRA.<\/strong><\/p>\n<p style=\"text-align: right;\"><strong>\u00a0 <\/strong><\/p>\n<p style=\"text-align: right;\">JOS\u00c9 ANTONIO BUSTOS<\/p>\n<p style=\"text-align: right;\">Almu\u00f1ecar a 21\u00a0\u00a0 de mayo de 2021<\/p>\n","protected":false},"excerpt":{"rendered":"<p>\u00a0\u00a0\u00a0\u00a0 No recuerdo quien dijo esto: \u201cHay personas que a primera vista\u00a0 parecen idiotas; hablan e inmediatamente desaparece toda duda\u201d.&hellip;<\/p>\n","protected":false},"author":3,"featured_media":16054,"comment_status":"open","ping_status":"open","sticky":false,"template":"","format":"standard","meta":{"om_disable_all_campaigns":false,"_mi_skip_tracking":false,"_monsterinsights_sitenote_active":false,"_monsterinsights_sitenote_note":"","_monsterinsights_sitenote_category":0,"footnotes":""},"categories":[21],"tags":[],"aioseo_notices":[],"_links":{"self":[{"href":"https:\/\/granadacostaglobal.es\/index.php?rest_route=\/wp\/v2\/posts\/28344"}],"collection":[{"href":"https:\/\/granadacostaglobal.es\/index.php?rest_route=\/wp\/v2\/posts"}],"about":[{"href":"https:\/\/granadacostaglobal.es\/index.php?rest_route=\/wp\/v2\/types\/post"}],"author":[{"embeddable":true,"href":"https:\/\/granadacostaglobal.es\/index.php?rest_route=\/wp\/v2\/users\/3"}],"replies":[{"embeddable":true,"href":"https:\/\/granadacostaglobal.es\/index.php?rest_route=%2Fwp%2Fv2%2Fcomments&post=28344"}],"version-history":[{"count":0,"href":"https:\/\/granadacostaglobal.es\/index.php?rest_route=\/wp\/v2\/posts\/28344\/revisions"}],"wp:featuredmedia":[{"embeddable":true,"href":"https:\/\/granadacostaglobal.es\/index.php?rest_route=\/"}],"wp:attachment":[{"href":"https:\/\/granadacostaglobal.es\/index.php?rest_route=%2Fwp%2Fv2%2Fmedia&parent=28344"}],"wp:term":[{"taxonomy":"category","embeddable":true,"href":"https:\/\/granadacostaglobal.es\/index.php?rest_route=%2Fwp%2Fv2%2Fcategories&post=28344"},{"taxonomy":"post_tag","embeddable":true,"href":"https:\/\/granadacostaglobal.es\/index.php?rest_route=%2Fwp%2Fv2%2Ftags&post=28344"}],"curies":[{"name":"wp","href":"https:\/\/api.w.org\/{rel}","templated":true}]}}