{"id":28276,"date":"2021-05-13T08:21:57","date_gmt":"2021-05-13T08:21:57","guid":{"rendered":"http:\/\/granadacostanacional.es\/?p=28276"},"modified":"2021-05-13T08:21:57","modified_gmt":"2021-05-13T08:21:57","slug":"isabel-de-madrid","status":"publish","type":"post","link":"https:\/\/granadacostaglobal.es\/?p=28276","title":{"rendered":"ISABEL  DE  MADRID"},"content":{"rendered":"<p style=\"text-align: justify;\">El d\u00eda 5 de mayo de 2021 surge un nuevo amanecer en Madrid. Despu\u00e9s de una tensa campa\u00f1a electoral crispada, sucia y de muy bajo nivel, hay un ambiente calmo de expectativa y tambi\u00e9n de sorpresa por los resultados de las elecciones. Una vez m\u00e1s queda de manifiesto la inutilidad de las encuestas innecesarias y costosas. El cielo de Madrid vuelve a ser azul, s\u00edmbolo de la paz. Por otro lado resalta el verde, s\u00edmbolo de la esperanza por una primavera generosa \u00a0en lluvias y por la permanencia de un partido pol\u00edtico que ostenta ese color. En Madrid renace la esperanza al ser derrotada en las urnas la amenaza comunista portadora del virus de la destrucci\u00f3n, la miseria y la muerte de la libertad. Ha quedado demostrado que el cielo, al menos el de Madrid, no se gana por asalto como quer\u00eda el Sr. Iglesias. Esta izquierda de ahora han sido vencidas por personas de buena voluntad, con sentido com\u00fan, informadas y que no se dejan\u00a0 enga\u00f1ar por las mentiras de ese nuevo Frente Popular comunista que predica una cosa y hace lo contrario, o como las urracas que en un sitio dan los gritos y en otro ponen los huevos. Ideolog\u00edas trasnochadas en vez de ideas s\u00f3lo para ciegos y tontos. El Sr. Iglesias y su pandilla promet\u00edan pan y justicia social\u00a0 apoy\u00e1ndose en los pobres, milagros. Efectivamente, se producen milagros para ellos. El Vicepresidente del Gobierno, para su mujer un ministerio de la Nada con un gasto de 500 millones de euros, de un pisito en Vallecas a un palacio en la zona residencial entre los ricos. Y sus votantes no lo ven y tampoco saben los miles de euros que ingresan mensualmente estos \u201cpobres\u201d.\u00a0 Mientras tanto Espa\u00f1a entera se empobrece, se endeuda, engrosan las listas del paro, la industria, el comercio\u2026 desaparecen. Y el Presidente del Gobierno, Sr. S\u00e1nchez con su Vicepresidente Sr. Iglesias por fin han logrado su objetivo: crear una pol\u00edtica limosnera y humillante para Espa\u00f1a y los espa\u00f1oles. Para este gobierno la creaci\u00f3n de empleo parece ser ut\u00f3pico. La pol\u00edtica limosnera crea dependencia y obediencia pues de lo contrario no comen. \u00c9ste es el ideal comunista en el que ya casi estamos.<\/p>\n<p style=\"text-align: justify;\">\u00a0\u00a0\u00a0\u00a0\u00a0\u00a0\u00a0\u00a0 Afortunadamente, al menos en Madrid, se le ha puesto freno a la carcoma comunista quit\u00e1ndole las caretas al Presidente S\u00e1nchez y a su colega Sr. Iglesias. En Madrid seguir\u00e1n saliendo las procesiones religiosas, no aumentar\u00e1n los impuestos, habr\u00e1 libertad, prosperidad econ\u00f3mica y buena gesti\u00f3n sanitaria.<\/p>\n<p style=\"text-align: justify;\">A la vista de este gran acontecimiento, porque lo es, se hace necesaria una reflexi\u00f3n en profundidad sobre el c\u00f3mo y por qu\u00e9 han ganado el PP y VOX estas elecciones madrile\u00f1as teniendo en contra todo el aparato del Gobierno Central: dinero, medios de comunicaci\u00f3n, publicidad mentirosa y chabacana y el favor de las encuestas.\u00a0 Entonces \u00bfhan votado\u00a0 los madrile\u00f1os a los partidos, a las personas que lo encabezaban y los dirig\u00edan o en contra del PSOE (Sr. S\u00e1nchez) y todos los dem\u00e1s partidos comunistas, exterroristas, separatistas?\u00a0 Creo que en esta ocasi\u00f3n juzgando con imparcialidad y algunas informaciones\u00a0 tienen cierta coincidencia y verdad estos tres factores. Pero no hay duda de que el factor principal al que han votado los madrile\u00f1os ha sido a su persona, a su Presidente ISABEL D\u00cdAZ AYUSO con su equipo de gobierno que en t\u00e9rminos generales ha gestionado la pandemia, la educaci\u00f3n, las libertades, etc. mejor que el Gobierno Central y otras Autonom\u00edas pese a las muchas prohibiciones, zancadillas, amenazas y obst\u00e1culos de toda \u00edndole puestos a su gesti\u00f3n.<\/p>\n<p style=\"text-align: justify;\">\u00a0\u00a0\u00a0\u00a0\u00a0\u00a0\u00a0\u00a0 En su \u201cEspa\u00f1a Invertebrada\u201d dice Ortega: \u201cLa acci\u00f3n p\u00fablica-pol\u00edtica, intelectual y educativa \u2013 es seg\u00fan su nombre indica, de tal car\u00e1cter que el individuo por s\u00ed solo, cualquiera que sea su grado de genialidad, no puede ejercerla eficazmente. Un hombre (tambi\u00e9n mujer) no es nunca eficaz por sus cualidades individuales sino por la energ\u00eda social que la masa \u00a0ha depositado en \u00e9l (ella)\u201d.<\/p>\n<p style=\"text-align: justify;\">\u00a0\u00a0 Eso es precisamente lo que la se\u00f1ora D\u00edaz Ayuso ha sido capaz de recoger, esa \u201cenerg\u00eda social\u201d de los madrile\u00f1os, su entusiasmo y su fe. Ignoro si ella tiene\u00a0 grandes talentos personales, pero en una evaluaci\u00f3n comparativa con otros y, especialmente, con los dem\u00e1s aspirantes, sin ninguna duda resalta. Ella se ha rodeado de un equipo de personas eficientes con resultados eficaces en contra de la obstaculizaciones del Gobierno Central y de los otros partidos que descargaban sobre ella sus odios, sus estupideces, sus envidias y sus vilezas.<\/p>\n<p style=\"text-align: justify;\">\u00a0Ante los hechos hay dos cualidades que nadie puede negar a la se\u00f1ora Ayuso que son esenciales para un cargo p\u00fablico: <strong>INICIATIVA y ACCI\u00d3N<\/strong>.\u00a0 Por tanto, para Isabel y su equipo la gloria y no para otros que intentar\u00e1n apropiarse de esta victoria. Por supuesto que tambi\u00e9n lo es para su partido, c\u00f3mo no.<\/p>\n<p style=\"text-align: justify;\">\u00a0\u00a0\u00a0\u00a0\u00a0\u00a0\u00a0\u00a0 Desde mi punto de vista, por su valent\u00eda y \u00e9xito la comparar\u00eda con otras mujeres espa\u00f1olas que demostraron coraje como las hero\u00ednas Mar\u00eda Pita que en el siglo XVI libr\u00f3 a La Coru\u00f1a de los ingleses, y a Agustina de Arag\u00f3n que libr\u00f3 a principios del XIX a la ciudad de Zaragoza de los franceses. Isabel esta vez nos ha librado del comunismo ruso y el de todos esos pa\u00edses donde no existe la libertad y tampoco el pan. As\u00ed que retomando la consigna del poeta griego P\u00edndaro le decimos a Isabel Ayuso: <strong>\u201cs\u00e9 t\u00fa misma<\/strong>\u201d. Enhorabuena.<\/p>\n<p style=\"text-align: justify;\"><strong><u>NOTA\u00a0 <\/u><\/strong>Cuando estaba ya escrito este art\u00edculo me informan de que el Sr. Gabilondo ha sido ingresado en un hospital de Madrid, y ha sido la se\u00f1ora Ayuso la primera en ir a visitarlo. Esto demuestra\u00a0 tener nobleza y elegancia.<\/p>\n<p style=\"text-align: justify;\"><a href=\"http:\/\/redoficial.citroen.es\/motril\"><img decoding=\"async\" loading=\"lazy\" class=\"aligncenter size-large wp-image-25899\" src=\"http:\/\/granadacostanacional.es\/wp-content\/uploads\/2020\/10\/anuncio-limer-1024x620.jpg\" alt=\"anuncio limer\" width=\"1024\" height=\"620\" \/><\/a><\/p>\n<p style=\"text-align: right;\"><a href=\"http:\/\/granadacostanacional.es\/meson-baena\/\"><img decoding=\"async\" loading=\"lazy\" class=\"aligncenter size-full wp-image-25874\" src=\"http:\/\/granadacostanacional.es\/wp-content\/uploads\/2020\/10\/baena.gif\" alt=\"baena\" width=\"696\" height=\"567\" \/><\/a><\/p>\n<p style=\"text-align: right;\"><a href=\"http:\/\/www.restaurantekatena.es\/\"><img decoding=\"async\" loading=\"lazy\" class=\"aligncenter size-full wp-image-25429\" src=\"http:\/\/granadacostanacional.es\/wp-content\/uploads\/2020\/09\/Katena.gif\" alt=\"Katena\" width=\"630\" height=\"519\" \/><\/a><\/p>\n<p style=\"text-align: justify;\">\n","protected":false},"excerpt":{"rendered":"<p>El d\u00eda 5 de mayo de 2021 surge un nuevo amanecer en Madrid. Despu\u00e9s de una tensa campa\u00f1a electoral crispada,&hellip;<\/p>\n","protected":false},"author":2,"featured_media":16054,"comment_status":"open","ping_status":"open","sticky":false,"template":"","format":"standard","meta":{"om_disable_all_campaigns":false,"_mi_skip_tracking":false,"_monsterinsights_sitenote_active":false,"_monsterinsights_sitenote_note":"","_monsterinsights_sitenote_category":0,"footnotes":""},"categories":[21,30],"tags":[],"aioseo_notices":[],"_links":{"self":[{"href":"https:\/\/granadacostaglobal.es\/index.php?rest_route=\/wp\/v2\/posts\/28276"}],"collection":[{"href":"https:\/\/granadacostaglobal.es\/index.php?rest_route=\/wp\/v2\/posts"}],"about":[{"href":"https:\/\/granadacostaglobal.es\/index.php?rest_route=\/wp\/v2\/types\/post"}],"author":[{"embeddable":true,"href":"https:\/\/granadacostaglobal.es\/index.php?rest_route=\/wp\/v2\/users\/2"}],"replies":[{"embeddable":true,"href":"https:\/\/granadacostaglobal.es\/index.php?rest_route=%2Fwp%2Fv2%2Fcomments&post=28276"}],"version-history":[{"count":0,"href":"https:\/\/granadacostaglobal.es\/index.php?rest_route=\/wp\/v2\/posts\/28276\/revisions"}],"wp:featuredmedia":[{"embeddable":true,"href":"https:\/\/granadacostaglobal.es\/index.php?rest_route=\/"}],"wp:attachment":[{"href":"https:\/\/granadacostaglobal.es\/index.php?rest_route=%2Fwp%2Fv2%2Fmedia&parent=28276"}],"wp:term":[{"taxonomy":"category","embeddable":true,"href":"https:\/\/granadacostaglobal.es\/index.php?rest_route=%2Fwp%2Fv2%2Fcategories&post=28276"},{"taxonomy":"post_tag","embeddable":true,"href":"https:\/\/granadacostaglobal.es\/index.php?rest_route=%2Fwp%2Fv2%2Ftags&post=28276"}],"curies":[{"name":"wp","href":"https:\/\/api.w.org\/{rel}","templated":true}]}}