{"id":2821,"date":"2015-10-30T16:15:18","date_gmt":"2015-10-30T16:15:18","guid":{"rendered":"http:\/\/granadacosta.es\/?p=2821"},"modified":"2015-10-30T16:15:18","modified_gmt":"2015-10-30T16:15:18","slug":"cuando-se-pare-el-viento","status":"publish","type":"post","link":"https:\/\/granadacostaglobal.es\/?p=2821","title":{"rendered":"Cuando se pare el Viento"},"content":{"rendered":"<p><a href=\"http:\/\/granadacosta.es\/wp-content\/uploads\/2015\/05\/cuando-se-pare-el-viento.jpg\"><img decoding=\"async\" loading=\"lazy\" class=\"alignnone size-medium wp-image-1426\" src=\"http:\/\/granadacosta.es\/wp-content\/uploads\/2015\/05\/cuando-se-pare-el-viento-205x300.jpg\" alt=\"cuando se pare el viento\" width=\"205\" height=\"300\" \/><\/a>\u00a0Marcelino Arellano Alabarces<\/p>\n<p>&nbsp;<\/p>\n<p>Sinopsis:<\/p>\n<p>El poeta de \u00cdtrabo, director de la estupenda revista &#8220;Arboleda&#8221;, vuelve a sorprendernos. Con los poetas sucede lo que aun esta por ver en otro hombres: se despieretan con \u00e1nimo de cambiar el mundo aunque s\u00f3lo sea atrav\u00e9s de una s\u00edlaba. Y a veces van y lo logran: cuando suben a la parte mas alta sin importarles el cansancio, el paisaje les hace comprender los imperfectos que son, y la imperfecci\u00f3n es la principal herramienta del poeta. En este nuevo libro de Marcelino ArellanoAlabarces, el poeta existe incluso m\u00e1s de lo que un hombre perfecto supondr\u00eda.<\/p>\n<p>El estilo de Viento de Oto\u00f1o es, como nos tiene acostumbrados, claramente comunicativo, no solo recurre a unos ritmos muy marcados por medio de lan\u00e1fora a la focalizaci\u00f3n de ideas, sino que lo narrativo se va expandiendo como el olor de los reci\u00e9n casados, y cuando quieres darte cuenta est\u00e1s inmerso en la mirada optimistadel autor, en un coloquialismo con incursiones al dialogo&#8230;<\/p>\n<p style=\"text-align: right;\">Aar\u00f3n Garc\u00eda Pe\u00f1a<\/p>\n<p style=\"text-align: right;\">Fragmento del comentario al libro &#8221; viento de oto\u00f1o&#8221;<\/p>\n<p style=\"text-align: right;\">Mirador, n\u00ba 16 Madrid.<\/p>\n<p style=\"text-align: left;\">Datos T\u00e9cnicos:<\/p>\n<p style=\"text-align: left;\">\u00a0&#8211; Medidas: 14,5 x 21 cm<\/p>\n<p style=\"text-align: left;\">\u00a0&#8211; P\u00e1ginas: 96<\/p>\n<p style=\"text-align: left;\">1\u00aa Edici\u00f3n: a\u00f1o 2010<\/p>\n<p style=\"text-align: left;\">I.S.B.N. :978-84-92504-10-7<\/p>\n<p style=\"text-align: left;\">Dep\u00f3sito legal: GR 19-2010<\/p>\n","protected":false},"excerpt":{"rendered":"<p>\u00a0Marcelino Arellano Alabarces &nbsp; Sinopsis: El poeta de \u00cdtrabo, director de la estupenda revista &#8220;Arboleda&#8221;, vuelve a sorprendernos. Con los&hellip;<\/p>\n","protected":false},"author":2,"featured_media":1426,"comment_status":"open","ping_status":"open","sticky":false,"template":"","format":"standard","meta":{"om_disable_all_campaigns":false,"_mi_skip_tracking":false,"_monsterinsights_sitenote_active":false,"_monsterinsights_sitenote_note":"","_monsterinsights_sitenote_category":0,"footnotes":""},"categories":[28],"tags":[],"aioseo_notices":[],"_links":{"self":[{"href":"https:\/\/granadacostaglobal.es\/index.php?rest_route=\/wp\/v2\/posts\/2821"}],"collection":[{"href":"https:\/\/granadacostaglobal.es\/index.php?rest_route=\/wp\/v2\/posts"}],"about":[{"href":"https:\/\/granadacostaglobal.es\/index.php?rest_route=\/wp\/v2\/types\/post"}],"author":[{"embeddable":true,"href":"https:\/\/granadacostaglobal.es\/index.php?rest_route=\/wp\/v2\/users\/2"}],"replies":[{"embeddable":true,"href":"https:\/\/granadacostaglobal.es\/index.php?rest_route=%2Fwp%2Fv2%2Fcomments&post=2821"}],"version-history":[{"count":0,"href":"https:\/\/granadacostaglobal.es\/index.php?rest_route=\/wp\/v2\/posts\/2821\/revisions"}],"wp:featuredmedia":[{"embeddable":true,"href":"https:\/\/granadacostaglobal.es\/index.php?rest_route=\/"}],"wp:attachment":[{"href":"https:\/\/granadacostaglobal.es\/index.php?rest_route=%2Fwp%2Fv2%2Fmedia&parent=2821"}],"wp:term":[{"taxonomy":"category","embeddable":true,"href":"https:\/\/granadacostaglobal.es\/index.php?rest_route=%2Fwp%2Fv2%2Fcategories&post=2821"},{"taxonomy":"post_tag","embeddable":true,"href":"https:\/\/granadacostaglobal.es\/index.php?rest_route=%2Fwp%2Fv2%2Ftags&post=2821"}],"curies":[{"name":"wp","href":"https:\/\/api.w.org\/{rel}","templated":true}]}}