{"id":2816,"date":"2015-10-30T15:49:53","date_gmt":"2015-10-30T15:49:53","guid":{"rendered":"http:\/\/granadacosta.es\/?p=2816"},"modified":"2015-10-30T15:49:53","modified_gmt":"2015-10-30T15:49:53","slug":"basta-ya-de-violencia-contra-la-mujer","status":"publish","type":"post","link":"https:\/\/granadacostaglobal.es\/?p=2816","title":{"rendered":"\u00a1BASTA YA DE VIOLENCIA CONTRA LA MUJER!"},"content":{"rendered":"<p>La violencia contra las mujeres es probablemente la violaci\u00f3n de los derechos humanos m\u00e1s habitual y que afecta a un mayor n\u00famero de personas.<\/p>\n<p>Millones de mujeres y ni\u00f1as en el mundo son v\u00edctimas de violencia por raz\u00f3n de su sexo. En la familia y en la comunidad, en tiempos de guerra y de paz, la violencia contra las mujeres es, adem\u00e1s de la m\u00e1s extendida, la violaci\u00f3n de derechos humanos m\u00e1s oculta e impune.<\/p>\n<p>La violencia contra las mujeres est\u00e1 presente en todas las sociedades del mundo, sea cual sea su sistema pol\u00edtico o econ\u00f3mico. No sabe de culturas, clases sociales ni etnias. Este esc\u00e1ndalo cotidiano se manifiesta de diferentes maneras y tiene lugar en m\u00faltiples espacios, pero tiene una ra\u00edz \u00fanica: la discriminaci\u00f3n universal que sufren las mujeres por el mero hecho de serlo.<\/p>\n<p>En todo el mundo, las mujeres se han organizado para poner al descubierto y combatir la violencia de g\u00e9nero. Estos grupos de mujeres organizadas han logrado modificaciones en leyes, pol\u00edticas y costumbres. Sin embargo, a pesar de estos importantes avances, en algunas zonas del mundo a\u00fan existen leyes y pol\u00edticas abiertamente discriminatorias, y en la pr\u00e1ctica totalidad del planeta la discriminaci\u00f3n \u201cde hecho\u201d sigue siendo una realidad.<\/p>\n<p>La legislaci\u00f3n internacional responsabiliza a los Estados de las violaciones de derechos humanos cometidas tanto por agentes estatales como por particulares. Esta responsabilidad incluye prevenir, investigar y sancionar la violencia, as\u00ed como reparar a las v\u00edctimas.<\/p>\n<p>A pesar de estar tan extendida, la violencia de g\u00e9nero no es \u201cnatural\u201d ni \u201cinevitable\u201d: es una expresi\u00f3n de normas y valores hist\u00f3ricos y culturales concretos. La violencia contra las mujeres tiene su origen en la discriminaci\u00f3n, que niega la igualdad de trato y oportunidades entre hombres y mujeres en muchos aspectos de la vida y que, a la vez, sirve para reforzarla, impidiendo que las mujeres ejerzan sus derechos y libertades.<\/p>\n<p>El control de la socializaci\u00f3n de las mujeres, de su sexualidad y de su vida reproductiva son mecanismos a trav\u00e9s de los cuales los hombres perpet\u00faan esta situaci\u00f3n del dominio y la discriminaci\u00f3n.<\/p>\n<p>El factor \u201cg\u00e9nero\u201d se a\u00f1ade a menudo a otros factores, como la etnia, la clase social, la nacionalidad, la orientaci\u00f3n sexual o la edad, y determina que ciertos colectivos de mujeres sean m\u00e1s vulnerables a la violencia y tengan peor protegidos sus derechos humanos.<\/p>\n<p>La violencia contra las mujeres es la violaci\u00f3n de los derechos humanos m\u00e1s extendida de nuestro tiempo. Las estad\u00edsticas muestran que se trata de una tragedia de dimensiones mundiales, que evidencia que en ning\u00fan rinc\u00f3n del planeta los derechos humanos de las mujeres son garantizados.<\/p>\n<p>Se calcula que una de cada tres mujeres en el mundo es golpeada, obligada a mantener relaciones sexuales o sometida a alg\u00fan otro tipo de abusos a lo largo de su vida. Seg\u00fan informes de la Organizaci\u00f3n Mundial de la Salud, el 70 % de las mujeres que son v\u00edctimas de asesinato mueren a manos de su compa\u00f1ero.<\/p>\n<p>Estos datos son s\u00f3lo la \u201cpunta del iceberg\u201d, pues s\u00f3lo se conoce y se registra una peque\u00f1a parte de los abusos producidos, ya que las v\u00edctimas no informan de ello muy a menudo por verg\u00fcenza o porque temen que la reacci\u00f3n sea de escepticismo, de incredulidad o de m\u00e1s violencia. La invisibilidad de la violencia contra las mujeres permite que los gobiernos, las comunidades y los particulares hagan caso omiso de sus responsabilidades.<\/p>\n<p>&nbsp;<\/p>\n<p style=\"text-align: right;\"><em><strong>Carlos Ben\u00edtez Villodres<\/strong><\/em><\/p>\n","protected":false},"excerpt":{"rendered":"<p>La violencia contra las mujeres es probablemente la violaci\u00f3n de los derechos humanos m\u00e1s habitual y que afecta a un&hellip;<\/p>\n","protected":false},"author":2,"featured_media":929,"comment_status":"open","ping_status":"open","sticky":false,"template":"","format":"standard","meta":{"om_disable_all_campaigns":false,"_mi_skip_tracking":false,"_monsterinsights_sitenote_active":false,"_monsterinsights_sitenote_note":"","_monsterinsights_sitenote_category":0,"footnotes":""},"categories":[21],"tags":[],"aioseo_notices":[],"_links":{"self":[{"href":"https:\/\/granadacostaglobal.es\/index.php?rest_route=\/wp\/v2\/posts\/2816"}],"collection":[{"href":"https:\/\/granadacostaglobal.es\/index.php?rest_route=\/wp\/v2\/posts"}],"about":[{"href":"https:\/\/granadacostaglobal.es\/index.php?rest_route=\/wp\/v2\/types\/post"}],"author":[{"embeddable":true,"href":"https:\/\/granadacostaglobal.es\/index.php?rest_route=\/wp\/v2\/users\/2"}],"replies":[{"embeddable":true,"href":"https:\/\/granadacostaglobal.es\/index.php?rest_route=%2Fwp%2Fv2%2Fcomments&post=2816"}],"version-history":[{"count":0,"href":"https:\/\/granadacostaglobal.es\/index.php?rest_route=\/wp\/v2\/posts\/2816\/revisions"}],"wp:featuredmedia":[{"embeddable":true,"href":"https:\/\/granadacostaglobal.es\/index.php?rest_route=\/"}],"wp:attachment":[{"href":"https:\/\/granadacostaglobal.es\/index.php?rest_route=%2Fwp%2Fv2%2Fmedia&parent=2816"}],"wp:term":[{"taxonomy":"category","embeddable":true,"href":"https:\/\/granadacostaglobal.es\/index.php?rest_route=%2Fwp%2Fv2%2Fcategories&post=2816"},{"taxonomy":"post_tag","embeddable":true,"href":"https:\/\/granadacostaglobal.es\/index.php?rest_route=%2Fwp%2Fv2%2Ftags&post=2816"}],"curies":[{"name":"wp","href":"https:\/\/api.w.org\/{rel}","templated":true}]}}