{"id":28157,"date":"2021-05-04T07:56:25","date_gmt":"2021-05-04T07:56:25","guid":{"rendered":"http:\/\/granadacostanacional.es\/?p=28157"},"modified":"2021-05-04T07:56:25","modified_gmt":"2021-05-04T07:56:25","slug":"por-que-no-tenemos-derecho-al-fruto-del-pais-en-el-que-vivimos","status":"publish","type":"post","link":"https:\/\/granadacostaglobal.es\/?p=28157","title":{"rendered":"\u00bfPOR QU\u00c9 NO TENEMOS DERECHO AL FRUTO DEL PA\u00cdS EN EL QUE VIVIMOS?"},"content":{"rendered":"<p style=\"text-align: justify;\"><a href=\"http:\/\/granadacostanacional.es\/wp-content\/uploads\/2021\/05\/FOTO-1-2.jpg\"><img decoding=\"async\" loading=\"lazy\" class=\"aligncenter size-large wp-image-28158\" src=\"http:\/\/granadacostanacional.es\/wp-content\/uploads\/2021\/05\/FOTO-1-2-1024x689.jpg\" alt=\"FOTO 1 (2)\" width=\"1024\" height=\"689\" \/><\/a><\/p>\n<p style=\"text-align: justify;\">\u00a0\u00a0\u00a0\u00a0\u00a0\u00a0\u00a0\u00a0\u00a0\u00a0\u00a0 La palabra de Dios nos compara con un \u00e1rbol. Un buen \u00e1rbol no nace en cualquier lugar, no da frutos de cualquier manera. Para producir buenos frutos, un \u00e1rbol debe estar bien regado y firme en tierra buena. Quien vive en el pa\u00eds del \u00e1rbol tiene derecho a comprar su fruto, no creo que sea justo que vayamos a comprar sin que importe qu\u00e9 producto sea. Un buen \u00e1rbol prospera en todo en la vida y hace que aquellos que est\u00e1n bajo tambi\u00e9n prosperen. Quien se alimenta de la palabra de Dios siempre da buenos frutos. Viviendo en un pa\u00eds tan soleado los grandes negocios compran parte de los productos en el extranjero. Por eso, al comprar las frutas y las verduras parecen frescas, en realidad son frescas por el fr\u00edo del frigor\u00edfico, pero si no las comes en una semana van directas a la basura. Esto sucede porque estos frutos son recogidos cuando todav\u00eda est\u00e1n verdes y maduran con tanta rapidez que se pudren r\u00e1pido. Adem\u00e1s, no tienen gusto. Con las verduras pasa lo mismo, cuando vas a comprarlas est\u00e1n verdes y bonitas y, durante la semana, vas al frigor\u00edfico contenta a coger la verdura porque te apetece hacer una receta y lo que te encuentras es que parte de estas frutas y verduras est\u00e1n podridas.<\/p>\n<p style=\"text-align: justify;\">\u00a0\u00a0\u00a0\u00a0\u00a0\u00a0\u00a0\u00a0\u00a0\u00a0\u00a0 De manera similar, todo buen \u00e1rbol da buenos frutos y todo \u00e1rbol malo da frutos malos. Un buen \u00e1rbol no puede dar malos frutos, ni un \u00e1rbol malo dar buenos frutos. Todo \u00e1rbol que no da buenos frutos se corta y se echa al fuego. \u00a1Entonces, por sus frutos los reconocer\u00e1s! Si los vendieran en sus respectivos pa\u00edses, podr\u00edamos disfrutarlos, pero no es as\u00ed. Y si vas a un comercio o a otro podr\u00e1s ver que proceden de lugares diferentes pero son de la misma calidad, esto es as\u00ed porque no se compran los productos en el mismo pa\u00eds que se producen. Cada \u00e1rbol es reconocido por sus frutos. Nadie coge higos del pino ni uvas de las malas hierbas. El hombre bueno toma las cosas buenas del buen tesoro que hay en su coraz\u00f3n, y el hombre malo toma las cosas malas de lo malo que hay en su coraz\u00f3n. Yo vine a vivir al pa\u00eds del sol, \u00bfpor qu\u00e9 no comemos buenas naranjas dulces? Tanta buena fruta que va al extranjero y nosotros nos comemos la verde madurada a la fuerza que cuando la sacas del frigor\u00edfico y la dejas un d\u00eda fuera se pudre. Creo que la compran fuera del pa\u00eds porque es m\u00e1s barata. Y, por este motivo, se crean las huelgas donde vemos cantidades enormes de frutas tiradas por las carreteras. Yo vine a vivir a un pa\u00eds con sol para comer buenas frutas y buenas verduras y para estar cerca del puerto donde veo los barcos y para comer buen pescado.<\/p>\n<p style=\"text-align: justify;\">\u00a0\u00a0\u00a0\u00a0\u00a0\u00a0\u00a0\u00a0\u00a0\u00a0\u00a0 Me ha ocurrido en dos ocasiones que he comprado productos con fecha correcta y estaban en mal estado, una de las veces fue con nata para cocinar, cuando abr\u00ed el producto ten\u00eda moho y su fecha de caducidad era hasta un mes m\u00e1s, as\u00ed que tuve que tirarla. Yo fui jefa de cocina y siempre me han gustado los productos de calidad. Es triste cuando llega la temporada de las fresas, melones o sand\u00edas y saben a agua, parecen pl\u00e1stico. Es una pena que sea extra\u00f1o comer buena fruta con el sol tan rico que hay en este pa\u00eds. Cuando voy a comprar pierdo mi tiempo leyendo las etiquetas para saber de d\u00f3nde vienen los productos. Adem\u00e1s, muchos supermercados cambian los productos habitualmente porque compran lo que les sale m\u00e1s barato. Entiendo que tienen que mirar por su negocio y su econom\u00eda, pero no intenten tapar los ojos al pobre.<\/p>\n<p style=\"text-align: justify;\"><a href=\"http:\/\/granadacostanacional.es\/wp-content\/uploads\/2021\/05\/FOTO-2-2.jpg\"><img decoding=\"async\" loading=\"lazy\" class=\"aligncenter wp-image-28159\" src=\"http:\/\/granadacostanacional.es\/wp-content\/uploads\/2021\/05\/FOTO-2-2.jpg\" alt=\"FOTO 2 (2)\" width=\"300\" height=\"200\" \/><\/a><\/p>\n<p style=\"text-align: justify;\">\u00a0\u00a0\u00a0\u00a0\u00a0\u00a0\u00a0\u00a0\u00a0\u00a0\u00a0 Mi coraz\u00f3n est\u00e1 lleno de pena. Qu\u00e9 feliz es aquel que no sigue el consejo de los imp\u00edos, no imita la conducta de los pecadores, ni se sienta en la rueda de los burladores. Al contrario, tu satisfacci\u00f3n est\u00e1 en la ley del Se\u00f1or y en esa ley medita d\u00eda y noche. Es como un \u00e1rbol plantado junto a corrientes de agua: Da fruto en el momento adecuado y sus hojas no se marchitan. \u00a1Todo lo que hace prospera! El que tiene o\u00eddos escucha lo que el Esp\u00edritu dice a las iglesias, \u201cle dar\u00e9 al ganador el derecho a comer del \u00e1rbol de la vida que est\u00e1 en el para\u00edso de Dios. Todos los \u00e1rboles del campo sabr\u00e1n que yo, el Se\u00f1or, hago que el \u00e1rbol alto caiga y hago crecer bien alto el \u00e1rbol bajo. Seco el \u00e1rbol verde y hago florecer el \u00e1rbol seco\u201d. Yo habl\u00e9 al Se\u00f1or y lo har\u00e9. Entonces Dios dijo: &#8220;Cubre la tierra con vegetaci\u00f3n, plantas que dan semillas y \u00e1rboles cuyos frutos producen semillas seg\u00fan su especie\u201d. Y as\u00ed fue. Entonces, el se\u00f1or, hizo nacer todo tipo de \u00e1rboles agradables a la vista y buenos para el alimento y, en medio del jard\u00edn, estaba el \u00e1rbol de la vida y el \u00e1rbol del conocimiento del bien y del mal. Dios se llev\u00f3 a varios amigos m\u00edos, otros siguen aqu\u00ed, Dios se lleva a mis amigos a pares a veces con diferencia de d\u00edas o meses. Yo tambi\u00e9n me ir\u00e9, pero fruta no dar\u00e9 porque no estoy plantada en la tierra ni en ella ser\u00e9 enterrada.<\/p>\n<p style=\"text-align: justify;\">\u00a0\u00a0\u00a0\u00a0\u00a0\u00a0\u00a0\u00a0\u00a0\u00a0\u00a0 Hay mucha fruta y verdura de tantos tipos, hasta ex\u00f3tica, este pa\u00eds en el que vivo es un r\u00edo de vitaminas, no entiendo que no lo vendan aqu\u00ed. Somo comemos productos cogidos verdes para que se conserven en los frigor\u00edficos, adoro que en el norte de Portugal los labradores que recolectan sus frutos se van al d\u00eda siguiente a venderlos al mercado, donde todo es de calidad: uvas, fresas, etc. Cuando iba de vacaciones disfrutaba mucho. Adem\u00e1s, es la cultura en la que nac\u00ed y crec\u00ed, nunca olvido que cuando ten\u00eda 15 a\u00f1os iba a vendimiar y cargaba cestos de 20 kg con uvas y sub\u00eda la escalera para meterlas dentro del lagar para, despu\u00e9s, pisar la uva con los pies. Menos mal que los ten\u00edamos lavados, algunos dudo que se los lavaran. Dicen que cuando el vino hierve saca las impurezas fuera.<\/p>\n<p style=\"text-align: justify;\">\u00a0\u00a0\u00a0\u00a0\u00a0\u00a0\u00a0\u00a0\u00a0\u00a0\u00a0 Es triste que ahora tengamos que comprar cosas del extranjero, los comercios deben comprar el producto espa\u00f1ol con el bueno sol que hay aqu\u00ed, por otro lado, no deben vender este producto de tanta calidad al extranjero. Porque con ese sistema lo que acaba sucediendo es que en otros pa\u00edses hacen lo mismo y recogen sus frutos verdes y cuando llegan a su destino no valen nada. Cuando viv\u00eda en Francia intentaba comprar los productos de Francia y aqu\u00ed igual, aqu\u00ed los productos de calidad son diferentes a los que hay en Francia, porque cada pa\u00eds tiene sus cualidades y calidades: chirimoyas, aguacates, naranjas, etc. Ahora no vale nada, incluso las gallinas, gallos y conejos son de mala calidad, cuando yo trabajaba en el campo eran mejores. Ahora cuando compro la fruta y es bonita y cuando la abres lo sabes lo que te vas a encontrar, como pasa con las nueces, \u00a1su interior es un secreto! Quiz\u00e1 sea porque ahora ya no puedo comer muchas cosas debido a mi enfermedad que se lleva consigo mi pelo, dientes y todo. Pero eso no quita que siga gust\u00e1ndome ver productos buenos y bonitos, como flores de jard\u00edn preciosas.<\/p>\n<p style=\"text-align: justify;\"><a href=\"http:\/\/granadacostanacional.es\/wp-content\/uploads\/2021\/05\/FOTO-3-2-1.jpg\"><img decoding=\"async\" loading=\"lazy\" class=\"aligncenter wp-image-28160\" src=\"http:\/\/granadacostanacional.es\/wp-content\/uploads\/2021\/05\/FOTO-3-2-1.jpg\" alt=\"FOTO 3 (2) (1)\" width=\"300\" height=\"338\" \/><\/a><\/p>\n<p style=\"text-align: justify;\">\u00a0\u00a0\u00a0\u00a0\u00a0\u00a0\u00a0\u00a0\u00a0\u00a0\u00a0 El Se\u00f1or mand\u00f3 al hombre: Coma libremente de cualquier \u00e1rbol del huerto, pero no coma del \u00e1rbol del conocimiento del bien y del mal, porque el d\u00eda que lo coma, morir\u00e1. Despu\u00e9s de expulsar al hombre, coloc\u00f3 querubines y una espada de fuego que se movi\u00f3 hacia el este del jard\u00edn del Ed\u00e9n, guardando el camino hacia el \u00e1rbol de la vida. Dios, deme bellos productos para mi salud y para mi vida, para que pueda estar alegre en el final de mis d\u00edas, pues querr\u00eda re\u00edr y estar feliz aunque no pueda hacer mucho. Pido sol y calor en el coraz\u00f3n, que pronto vendr\u00e1 el verano y que pueda ir a comprar frutas dulces plantadas con amor, ya que entre la primavera y el verano hay mucho donde elegir: cerezas, n\u00edsperos, fresas, melocotones, etc. No compren fuera, ayudemos a nuestro pa\u00eds que est\u00e1 mal, no dejen las ganancias fuera, porque tanta juventud hay para trabajar y no encuentran trabajo. Espero, de todo coraz\u00f3n, que este virus se vaya y nos deje ser libres. Por suerte hay quienes pueden trabajar sus huertas y jardines, pero muchos ni casa tienen donde vivir. Se\u00f1or, protege al mundo.<\/p>\n<p>&nbsp;<\/p>\n<p style=\"text-align: right;\"><strong>FRANCELINA ROBIN<\/strong><\/p>\n<p style=\"text-align: right;\"><a href=\"http:\/\/www.molvizar.es\/\"><img decoding=\"async\" loading=\"lazy\" class=\"aligncenter wp-image-25392 size-medium\" src=\"http:\/\/granadacostanacional.es\/wp-content\/uploads\/2020\/09\/Molv\u00edzar-web-300x247.gif\" alt=\"Molv\u00edzar web\" width=\"300\" height=\"247\" \/><\/a><\/p>\n<p>&nbsp;<\/p>\n<p style=\"text-align: center;\"><strong>TRISTE QUIEN SUFRE Y QUIEN LLORA<\/strong><\/p>\n<p style=\"text-align: center;\">Solo querr\u00eda dar a quien necesita<\/p>\n<p style=\"text-align: center;\">Porque vi miserias en mi vida.<\/p>\n<p style=\"text-align: center;\">Dar, a todo el que llora en Sion,<\/p>\n<p style=\"text-align: center;\">una hermosa corona en lugar de cenizas,<\/p>\n<p style=\"text-align: center;\">El aceite de la alegr\u00eda en lugar del llanto<\/p>\n<p style=\"text-align: center;\">y un manto de alabanza para ti, Se\u00f1or,<\/p>\n<p style=\"text-align: center;\">en lugar de un esp\u00edritu deprimido.<\/p>\n<p style=\"text-align: center;\">Ellos ser\u00e1n llamados e ir\u00e1n conmigo.<\/p>\n<p style=\"text-align: center;\">\u00c1rboles, los robles de la justicia,<\/p>\n<p style=\"text-align: center;\">los orden\u00f3 plantar el Se\u00f1or<\/p>\n<p style=\"text-align: center;\">para la manifestaci\u00f3n de su gloria.<\/p>\n<p style=\"text-align: center;\">Dios, mi salvador, perdona al pecador.<\/p>\n<p style=\"text-align: center;\">Para que el \u00e1rbol crezca, le tiene que dar<\/p>\n<p style=\"text-align: center;\">al menos esperanza y agua para vivir,<\/p>\n<p style=\"text-align: center;\">si lo cortan, vuelve a brotar, y frutos dar\u00e1,<\/p>\n<p style=\"text-align: center;\">y sus brotes vendr\u00e1n con frutas.<\/p>\n<p style=\"text-align: center;\">Al d\u00eda siguiente, cuando estaban<\/p>\n<p style=\"text-align: center;\">saliendo de Betania, Jes\u00fas tuvo hambre.<\/p>\n<p style=\"text-align: center;\">No ve\u00eda nada alrededor y vio un huerto<\/p>\n<p style=\"text-align: center;\">y, a lo lejos, una higuera con hojas.<\/p>\n<p style=\"text-align: center;\">Fue a ver si lo encontraba<\/p>\n<p style=\"text-align: center;\">pero Jes\u00fas quer\u00eda comer y no ve\u00eda fruto,<\/p>\n<p style=\"text-align: center;\">se acerc\u00f3, pero no encontr\u00f3 nada,<\/p>\n<p style=\"text-align: center;\">porque no era la temporada,<\/p>\n<p style=\"text-align: center;\">No ten\u00eda hojas porque no<\/p>\n<p style=\"text-align: center;\">era el tiempo de los higos. Entonces dijo:<\/p>\n<p style=\"text-align: center;\">Que nadie m\u00e1s coma de su fruto.<\/p>\n<p style=\"text-align: center;\">Y sus disc\u00edpulos le oyeron decir eso,<\/p>\n<p style=\"text-align: center;\">como yo cuando mor\u00eda de hambre<\/p>\n<p style=\"text-align: center;\">y cuando llegaba, a veces, me pegaban<\/p>\n<p style=\"text-align: center;\">y ahora que puedo comprar no como,<\/p>\n<p style=\"text-align: center;\">\u00a1Qu\u00e9 triste es la vida!<\/p>\n<p style=\"text-align: center;\">Cuando ve\u00eda un fruto que no pod\u00eda tocar<\/p>\n<p style=\"text-align: center;\">porque estaba prohibido, la ni\u00f1ita morena y \u00e1gil,<\/p>\n<p style=\"text-align: center;\">el sol que da el fruto, ella cosecha el trigo<\/p>\n<p style=\"text-align: center;\">y teje las algas, con tu cuerpo alegre<\/p>\n<p style=\"text-align: center;\">y tu boca que tiene sonrisa de agua.<\/p>\n<p style=\"text-align: center;\">El sol, Se\u00f1or, es negro y me pone ansiosa<\/p>\n<p style=\"text-align: center;\">y te envuelve en las hierbas mojadas,<\/p>\n<p style=\"text-align: center;\">y mi coraz\u00f3n oscuro te busca, sin embargo.<\/p>\n<p style=\"text-align: right;\"><strong>FRANCELINA ROBIN<\/strong><\/p>\n<p style=\"text-align: right;\"><strong><a href=\"http:\/\/www.frutasfajardo.com\/\"><img decoding=\"async\" loading=\"lazy\" class=\"aligncenter size-full wp-image-25928\" src=\"http:\/\/granadacostanacional.es\/wp-content\/uploads\/2020\/11\/Frutas-Fajardo-1.gif\" alt=\"Frutas Fajardo\" width=\"590\" height=\"425\" \/><\/a><\/strong><\/p>\n","protected":false},"excerpt":{"rendered":"<p>\u00a0\u00a0\u00a0\u00a0\u00a0\u00a0\u00a0\u00a0\u00a0\u00a0\u00a0 La palabra de Dios nos compara con un \u00e1rbol. Un buen \u00e1rbol no nace en cualquier lugar, no da&hellip;<\/p>\n","protected":false},"author":3,"featured_media":19434,"comment_status":"open","ping_status":"open","sticky":false,"template":"","format":"standard","meta":{"om_disable_all_campaigns":false,"_mi_skip_tracking":false,"_monsterinsights_sitenote_active":false,"_monsterinsights_sitenote_note":"","_monsterinsights_sitenote_category":0,"footnotes":""},"categories":[30],"tags":[],"aioseo_notices":[],"_links":{"self":[{"href":"https:\/\/granadacostaglobal.es\/index.php?rest_route=\/wp\/v2\/posts\/28157"}],"collection":[{"href":"https:\/\/granadacostaglobal.es\/index.php?rest_route=\/wp\/v2\/posts"}],"about":[{"href":"https:\/\/granadacostaglobal.es\/index.php?rest_route=\/wp\/v2\/types\/post"}],"author":[{"embeddable":true,"href":"https:\/\/granadacostaglobal.es\/index.php?rest_route=\/wp\/v2\/users\/3"}],"replies":[{"embeddable":true,"href":"https:\/\/granadacostaglobal.es\/index.php?rest_route=%2Fwp%2Fv2%2Fcomments&post=28157"}],"version-history":[{"count":0,"href":"https:\/\/granadacostaglobal.es\/index.php?rest_route=\/wp\/v2\/posts\/28157\/revisions"}],"wp:featuredmedia":[{"embeddable":true,"href":"https:\/\/granadacostaglobal.es\/index.php?rest_route=\/"}],"wp:attachment":[{"href":"https:\/\/granadacostaglobal.es\/index.php?rest_route=%2Fwp%2Fv2%2Fmedia&parent=28157"}],"wp:term":[{"taxonomy":"category","embeddable":true,"href":"https:\/\/granadacostaglobal.es\/index.php?rest_route=%2Fwp%2Fv2%2Fcategories&post=28157"},{"taxonomy":"post_tag","embeddable":true,"href":"https:\/\/granadacostaglobal.es\/index.php?rest_route=%2Fwp%2Fv2%2Ftags&post=28157"}],"curies":[{"name":"wp","href":"https:\/\/api.w.org\/{rel}","templated":true}]}}