{"id":28130,"date":"2021-04-30T08:20:42","date_gmt":"2021-04-30T08:20:42","guid":{"rendered":"http:\/\/granadacostanacional.es\/?p=28130"},"modified":"2021-04-30T08:20:42","modified_gmt":"2021-04-30T08:20:42","slug":"celebrar-la-vida-con-amigos-nos-construye-plenamente-salta-argentina","status":"publish","type":"post","link":"https:\/\/granadacostaglobal.es\/?p=28130","title":{"rendered":"Celebrar la vida con amigos nos construye plenamente. Salta-Argentina"},"content":{"rendered":"<p style=\"text-align: justify;\"><a href=\"http:\/\/granadacostanacional.es\/wp-content\/uploads\/2021\/04\/46629f5e-2aab-461d-8c79-f778522e43b3.jpg\"><img decoding=\"async\" loading=\"lazy\" class=\"alignnone size-medium wp-image-28132 alignleft\" src=\"http:\/\/granadacostanacional.es\/wp-content\/uploads\/2021\/04\/46629f5e-2aab-461d-8c79-f778522e43b3-269x300.jpg\" alt=\"46629f5e-2aab-461d-8c79-f778522e43b3\" width=\"269\" height=\"300\" \/><\/a>\u00a0Esta historia empieza a desarrollarse en las ganas, propuestas y decisiones que surgen a partir de un marco legal habilitante para brindar un servicio educativo en hospitales y domicilios a j\u00f3venes o adolescentes que se encuentren en situaci\u00f3n de enfermedad.<\/p>\n<p style=\"text-align: justify;\">En la provincia de Salta, al norte de Argentina, el 23 de abril de 2013 empieza a funcionar el Instituto Especial N\u00ba 7215 de atenci\u00f3n Domiciliaria y Hospitalaria para el nivel secundario.<\/p>\n<p style=\"text-align: justify;\">Empezar a dar los primeros pasos tuvo la real complejidad que tiene todo lo nuevo, lo que se proyecta y tambi\u00e9n la fuerza entusiasta de un equipo docente que sue\u00f1a y act\u00faa.<\/p>\n<p style=\"text-align: justify;\">En educaci\u00f3n es necesario construir desde un modelo pedag\u00f3gico y decidimos que sea un modelo que celebre la Vida, propiciando un abordaje comprensivo e interdisciplinario, de formaci\u00f3n permanente pero por sobretodo que aprendamos cada d\u00eda m\u00e1s a ense\u00f1ar en los nuevos escenarios.<\/p>\n<p style=\"text-align: justify;\">Cada nuevo paso en la tarea profesional docente se hace mirando hacia adelante, con una profunda vocaci\u00f3n de futuro y asumiendo el presente como una gran oportunidad de concretar diariamente la misi\u00f3n institucional.<\/p>\n<p style=\"text-align: justify;\">Nos replanteamos permanente la propia formaci\u00f3n de base,\u00a0 el conocimiento, la ense\u00f1anza y la pr\u00e1ctica\u00a0 profesional\u00a0 en este\u00a0 contexto\u00a0 espec\u00edfico de la Modalidad Domiciliaria y Hospitalaria;\u00a0 posibilitando\u00a0 el cuestionamiento cotidiano y que esto nos permita a cada uno reconocer-se, leer-se , replantear-se.<\/p>\n<p style=\"text-align: justify;\"><a href=\"http:\/\/granadacostanacional.es\/wp-content\/uploads\/2021\/04\/f704cbfe-15d9-4da3-8088-e2041f02a2fd.jpg\"><img decoding=\"async\" loading=\"lazy\" class=\"alignnone size-medium wp-image-28135 alignleft\" src=\"http:\/\/granadacostanacional.es\/wp-content\/uploads\/2021\/04\/f704cbfe-15d9-4da3-8088-e2041f02a2fd-139x300.jpg\" alt=\"f704cbfe-15d9-4da3-8088-e2041f02a2fd\" width=\"139\" height=\"300\" \/><\/a>La pr\u00e1ctica docente requiere este momento espec\u00edfico y determinado de reflexi\u00f3n sobre los procesos implicados, ya que se construyen v\u00ednculos pedag\u00f3gicos que priorizan la calidad humana; teniendo en cuenta lo que se siente y lo que le sucede al estudiante.<\/p>\n<p style=\"text-align: justify;\">La educaci\u00f3n sigue siendo ese motor que nos anima a seguir creciendo y madurando como personas, es una herramienta del presente y nos ayuda a proyectarnos, a mirarnos en un ma\u00f1ana, es decir, a so\u00f1ar sin l\u00edmites. Educaci\u00f3n a lo largo de la Vida es la consigna.<\/p>\n<p style=\"text-align: justify;\">Por nuestras venas corre sangre con deseos de infinito por eso seguimos buscando, aprendiendo, preguntando\u2026<\/p>\n<p style=\"text-align: justify;\">Los v\u00ednculos pedag\u00f3gicos re-crean nuestro ser cotidianamente y como en un coro social surgen melod\u00edas esperanzadoras y animadas de los decires, de los gestos, a veces silencios, y de las manifestaciones juveniles que nos interpelan en nuestro rol docente<\/p>\n<p style=\"text-align: justify;\"><a href=\"http:\/\/granadacostanacional.es\/wp-content\/uploads\/2021\/04\/6b329f53-ac28-4099-a77c-1af97e87b31b.jpg\"><img decoding=\"async\" loading=\"lazy\" class=\"alignnone size-medium wp-image-28134 alignleft\" src=\"http:\/\/granadacostanacional.es\/wp-content\/uploads\/2021\/04\/6b329f53-ac28-4099-a77c-1af97e87b31b-225x300.jpg\" alt=\"6b329f53-ac28-4099-a77c-1af97e87b31b\" width=\"225\" height=\"300\" \/><\/a>Somos el <strong>I. E. 7215<\/strong> y estamos <strong><u>cumpliendo 8 a\u00f1os<\/u><\/strong> de tarea escolar, celebramos y agradecemos profundamente que la Vida nos regal\u00f3 Maestros Profesionales de la Educaci\u00f3n Hospitalaria y que d\u00eda a d\u00eda iluminan nuestro transitar.<\/p>\n<p style=\"text-align: justify;\">Muchas Gracias querida Doctora To\u00f1y Castillo por ense\u00f1arnos, por ayudarnos a construir y por formar parte de nuestra instituci\u00f3n de esta manera tan generosa.<\/p>\n<p style=\"text-align: justify;\">Nos llena de orgullo felicitar y celebrar el Aula Hospitalaria de Lleida que est\u00e1 cumpliendo 20 a\u00f1os de una extraordinaria labor de educaci\u00f3n humanizada y plena.<\/p>\n<p>Y tambi\u00e9n hacer extensiva la salutaci\u00f3n, felicitaciones y agradecimiento al Proyecto Nacional de Cultura GRANADA COSTA por permitirnos estar presente en su maravillosa Primera Pir\u00e1mide Cultural.<a href=\"http:\/\/granadacostanacional.es\/wp-content\/uploads\/2021\/04\/4405e11d-9f17-45d4-a8ca-c480c73b90a9.jpg\"><img decoding=\"async\" loading=\"lazy\" class=\"size-medium wp-image-28133 alignleft\" src=\"http:\/\/granadacostanacional.es\/wp-content\/uploads\/2021\/04\/4405e11d-9f17-45d4-a8ca-c480c73b90a9-300x169.jpg\" alt=\"4405e11d-9f17-45d4-a8ca-c480c73b90a9\" width=\"300\" height=\"169\" \/><\/a><\/p>\n<p>Un abrazo fraterno de todo el equipo docente del Instituto Especial N \u00ba 7215<\/p>\n<p>SALTA &#8211; ARGENTINA<\/p>\n<p>&nbsp;<\/p>\n<p>&nbsp;<\/p>\n<p>&nbsp;<\/p>\n<p style=\"text-align: right;\"><a href=\"http:\/\/granadacostanacional.es\/meson-baena\/\"><img decoding=\"async\" loading=\"lazy\" class=\"aligncenter size-full wp-image-25874\" src=\"http:\/\/granadacostanacional.es\/wp-content\/uploads\/2020\/10\/baena.gif\" alt=\"baena\" width=\"696\" height=\"567\" \/><\/a><\/p>\n<p style=\"text-align: right;\"><a href=\"http:\/\/www.restaurantekatena.es\/\"><img decoding=\"async\" loading=\"lazy\" class=\"aligncenter size-full wp-image-25429\" src=\"http:\/\/granadacostanacional.es\/wp-content\/uploads\/2020\/09\/Katena.gif\" alt=\"Katena\" width=\"630\" height=\"519\" \/><\/a><\/p>\n","protected":false},"excerpt":{"rendered":"<p>\u00a0Esta historia empieza a desarrollarse en las ganas, propuestas y decisiones que surgen a partir de un marco legal habilitante&hellip;<\/p>\n","protected":false},"author":4,"featured_media":28131,"comment_status":"open","ping_status":"open","sticky":false,"template":"","format":"standard","meta":{"om_disable_all_campaigns":false,"_mi_skip_tracking":false,"_monsterinsights_sitenote_active":false,"_monsterinsights_sitenote_note":"","_monsterinsights_sitenote_category":0,"footnotes":""},"categories":[25,36,21,35,22,19,30],"tags":[],"aioseo_notices":[],"_links":{"self":[{"href":"https:\/\/granadacostaglobal.es\/index.php?rest_route=\/wp\/v2\/posts\/28130"}],"collection":[{"href":"https:\/\/granadacostaglobal.es\/index.php?rest_route=\/wp\/v2\/posts"}],"about":[{"href":"https:\/\/granadacostaglobal.es\/index.php?rest_route=\/wp\/v2\/types\/post"}],"author":[{"embeddable":true,"href":"https:\/\/granadacostaglobal.es\/index.php?rest_route=\/wp\/v2\/users\/4"}],"replies":[{"embeddable":true,"href":"https:\/\/granadacostaglobal.es\/index.php?rest_route=%2Fwp%2Fv2%2Fcomments&post=28130"}],"version-history":[{"count":0,"href":"https:\/\/granadacostaglobal.es\/index.php?rest_route=\/wp\/v2\/posts\/28130\/revisions"}],"wp:featuredmedia":[{"embeddable":true,"href":"https:\/\/granadacostaglobal.es\/index.php?rest_route=\/"}],"wp:attachment":[{"href":"https:\/\/granadacostaglobal.es\/index.php?rest_route=%2Fwp%2Fv2%2Fmedia&parent=28130"}],"wp:term":[{"taxonomy":"category","embeddable":true,"href":"https:\/\/granadacostaglobal.es\/index.php?rest_route=%2Fwp%2Fv2%2Fcategories&post=28130"},{"taxonomy":"post_tag","embeddable":true,"href":"https:\/\/granadacostaglobal.es\/index.php?rest_route=%2Fwp%2Fv2%2Ftags&post=28130"}],"curies":[{"name":"wp","href":"https:\/\/api.w.org\/{rel}","templated":true}]}}