{"id":28106,"date":"2021-04-28T07:22:05","date_gmt":"2021-04-28T07:22:05","guid":{"rendered":"http:\/\/granadacostanacional.es\/?p=28106"},"modified":"2021-04-28T07:22:05","modified_gmt":"2021-04-28T07:22:05","slug":"el-maravilloso-mundo-de-la-lectura-viaja-entre-dos-continentes","status":"publish","type":"post","link":"https:\/\/granadacostaglobal.es\/?p=28106","title":{"rendered":"El maravilloso mundo de la lectura viaja entre dos continentes"},"content":{"rendered":"<p><a href=\"http:\/\/granadacostanacional.es\/wp-content\/uploads\/2021\/04\/foto-pauly.jpg\"><img decoding=\"async\" loading=\"lazy\" class=\"alignnone size-medium wp-image-28111 alignleft\" src=\"http:\/\/granadacostanacional.es\/wp-content\/uploads\/2021\/04\/foto-pauly-300x290.jpg\" alt=\"foto pauly\" width=\"300\" height=\"290\" \/><\/a><strong>Mg. Paulina Riffo Arriagada<\/strong><\/p>\n<p style=\"text-align: justify;\"><strong>Coordinadora Comunal de Educaci\u00f3n Especial, Talcahuano de Chile.<\/strong><\/p>\n<p style=\"text-align: justify;\">La escritora Dra. To\u00f1y Castillo Mel\u00e9ndez, a lo largo de su trayectoria profesional ha aportado al mundo del Arte y Literatura con sus diversos libros, art\u00edculos, cuentos y poes\u00eda. Dentro de su pasi\u00f3n se encuentra la Educaci\u00f3n y expresa que la literatura es un medio para educar. Hoy es Delegada Nacional de Aulas Hospitalarias participante del Proyecto Nacional de Cultura Granada Costa, Directora adjunta para Catalu\u00f1a del Peri\u00f3dico Granda Costa, Ilustr\u00edsima Acad\u00e9mica de las Ciencias, Bellas Artes y Buenas Letra, Directora de la Academia de las Ciencias, Bellas Artes y Buenas Letras. Dentro de sus publicaciones se destaca su colaboraci\u00f3n en diversos medios de comunicaci\u00f3n, radio, prensa, TV dedicando parte de sus obras a escribir cuentos y elaborar materiales educativos para ayudar a conocer las patolog\u00edas a ni\u00f1os\/as tales como:\u00a0 La Maleta M\u00e1gica (para ni\u00f1os\/as con c\u00e1ncer), Todos somos \u00e1ngeles (duelo infantil) Las gotas viajeras (proyecto educativo global para fomentar la donaci\u00f3n de sangre desde infantil a secundaria).<\/p>\n<p>&nbsp;<\/p>\n<p style=\"text-align: justify;\"><a href=\"http:\/\/granadacostanacional.es\/wp-content\/uploads\/2021\/04\/foto-charla-con-estudiantes-de-Chile.jpg\"><img decoding=\"async\" loading=\"lazy\" class=\"wp-image-28107 aligncenter\" src=\"http:\/\/granadacostanacional.es\/wp-content\/uploads\/2021\/04\/foto-charla-con-estudiantes-de-Chile-300x147.jpg\" alt=\"foto charla con estudiantes de Chile\" width=\"445\" height=\"218\" \/><\/a><\/p>\n<p style=\"text-align: justify;\"><a href=\"http:\/\/granadacostanacional.es\/wp-content\/uploads\/2021\/04\/unnamed.jpg\"><img decoding=\"async\" loading=\"lazy\" class=\"alignnone size-medium wp-image-28113 alignleft\" src=\"http:\/\/granadacostanacional.es\/wp-content\/uploads\/2021\/04\/unnamed-300x300.jpg\" alt=\"unnamed\" width=\"300\" height=\"300\" \/><\/a>La Dra. To\u00f1y, el pasado 23 de abril visit\u00f3 a trav\u00e9s de un Aula compartida a los y las estudiantes del 5\u00b0 a\u00f1o b\u00e1sico B del Colegio Concepci\u00f3n Pedro de Valdivia, Chile, junto a su profesora Susana Lizama y a la apoderada Paulina Riffo Arriagada; esto como actividad en el marco de la celebraci\u00f3n del d\u00eda del libro. Los alumnos manifestaron variadas inquietudes respecto de la trayectoria de la escritora, destacando preguntas como \u00bfdesde qu\u00e9 edad escribe?, \u00bfc\u00f3mo comenz\u00f3 a escribir?, \u00bfpor qu\u00e9 le gusta escribir? \u00bfC\u00f3mo puedo ser un escritor? En este contexto se destacan las respuestas de la escritora: <em>\u201cUn d\u00eda comenc\u00e9 a escribir historias y mi deseo fue que lo pudieran leer ni\u00f1os y ni\u00f1as de todas partes del mundo\u2026 para escribir se requiere tener ilusi\u00f3n\u201d; \u201cSi te gusta escribir, no dejes de escribir porque a escribir se aprende escribiendo\u201d.<\/em> Los estudiantes junto a su profesora Susana Lizama agradecieron enormemente el tiempo y cari\u00f1o brindado por la Dra. To\u00f1y, quien los invit\u00f3 a escribir sus propias historias, desaf\u00edo que gratamente aceptaron los estudiantes junto a su profesora y de inmediato iniciaron la organizaci\u00f3n asumiendo el hermoso proyecto de crear a trav\u00e9s de sus escritos.<\/p>\n<p style=\"text-align: justify;\"><a href=\"http:\/\/redoficial.citroen.es\/motril\"><img decoding=\"async\" loading=\"lazy\" class=\"aligncenter size-large wp-image-25899\" src=\"http:\/\/granadacostanacional.es\/wp-content\/uploads\/2020\/10\/anuncio-limer-1024x620.jpg\" alt=\"anuncio limer\" width=\"1024\" height=\"620\" \/><\/a><\/p>\n","protected":false},"excerpt":{"rendered":"<p>Mg. Paulina Riffo Arriagada Coordinadora Comunal de Educaci\u00f3n Especial, Talcahuano de Chile. La escritora Dra. To\u00f1y Castillo Mel\u00e9ndez, a lo&hellip;<\/p>\n","protected":false},"author":4,"featured_media":28109,"comment_status":"open","ping_status":"open","sticky":false,"template":"","format":"standard","meta":{"om_disable_all_campaigns":false,"_mi_skip_tracking":false,"_monsterinsights_sitenote_active":false,"_monsterinsights_sitenote_note":"","_monsterinsights_sitenote_category":0,"footnotes":""},"categories":[25,36,21,35,22,19,30],"tags":[],"aioseo_notices":[],"_links":{"self":[{"href":"https:\/\/granadacostaglobal.es\/index.php?rest_route=\/wp\/v2\/posts\/28106"}],"collection":[{"href":"https:\/\/granadacostaglobal.es\/index.php?rest_route=\/wp\/v2\/posts"}],"about":[{"href":"https:\/\/granadacostaglobal.es\/index.php?rest_route=\/wp\/v2\/types\/post"}],"author":[{"embeddable":true,"href":"https:\/\/granadacostaglobal.es\/index.php?rest_route=\/wp\/v2\/users\/4"}],"replies":[{"embeddable":true,"href":"https:\/\/granadacostaglobal.es\/index.php?rest_route=%2Fwp%2Fv2%2Fcomments&post=28106"}],"version-history":[{"count":0,"href":"https:\/\/granadacostaglobal.es\/index.php?rest_route=\/wp\/v2\/posts\/28106\/revisions"}],"wp:featuredmedia":[{"embeddable":true,"href":"https:\/\/granadacostaglobal.es\/index.php?rest_route=\/"}],"wp:attachment":[{"href":"https:\/\/granadacostaglobal.es\/index.php?rest_route=%2Fwp%2Fv2%2Fmedia&parent=28106"}],"wp:term":[{"taxonomy":"category","embeddable":true,"href":"https:\/\/granadacostaglobal.es\/index.php?rest_route=%2Fwp%2Fv2%2Fcategories&post=28106"},{"taxonomy":"post_tag","embeddable":true,"href":"https:\/\/granadacostaglobal.es\/index.php?rest_route=%2Fwp%2Fv2%2Ftags&post=28106"}],"curies":[{"name":"wp","href":"https:\/\/api.w.org\/{rel}","templated":true}]}}