{"id":28079,"date":"2021-04-26T11:41:26","date_gmt":"2021-04-26T11:41:26","guid":{"rendered":"http:\/\/granadacostanacional.es\/?p=28079"},"modified":"2021-04-26T11:41:26","modified_gmt":"2021-04-26T11:41:26","slug":"el-alzheimer-de-las-emociones-ese-que-hace-olvidar-al-corazon","status":"publish","type":"post","link":"https:\/\/granadacostaglobal.es\/?p=28079","title":{"rendered":"El alzh\u00e9imer de las emociones, ese que hace olvidar al coraz\u00f3n"},"content":{"rendered":"<p style=\"text-align: justify;\">\u2013Pero, \u00bfd\u00f3nde estoy? \u00bfQu\u00e9 es esto que me cuelga de la mu\u00f1eca?<\/p>\n<p style=\"text-align: justify;\">\u2013Te quieres callar ya. A que me voy y te dejo sola.<\/p>\n<p style=\"text-align: justify;\">\u2013Pero \u00bfporque me haces esto? \u00bfporque estoy atada?<\/p>\n<p style=\"text-align: justify;\">\u2013Mama, ya te has arrancado la sonda dos veces.<\/p>\n<p style=\"text-align: justify;\">\u2013Pero \u00bfporque tengo una sonda?<\/p>\n<p style=\"text-align: justify;\">\u2013C\u00e1llate ya o me voy. Te han operado, que no te lo digo m\u00e1s veces, que me tienes muy harto.<\/p>\n<p style=\"text-align: justify;\">\u2013Pero, \u00bfporque me hablas as\u00ed?<\/p>\n<p style=\"text-align: justify;\">\u2013Ya te lo he dicho y no te lo digo m\u00e1s. A que me voy. \u00bfTe quieres quedar sola?<\/p>\n<p style=\"text-align: justify;\">\u2013No<\/p>\n<p style=\"text-align: justify;\">Despu\u00e9s de unos minutos mirando el techo la anciana volv\u00eda a olvidar.<\/p>\n<p style=\"text-align: justify;\">\u2013\u00bfPor qu\u00e9 me haces esto? \u00bfPor qu\u00e9 estoy atada? \u00bfTe he hecho algo malo?<\/p>\n<p style=\"text-align: justify;\">\u2013Ya estoy harto me voy.<\/p>\n<p style=\"text-align: justify;\">\u2013No, por favor no te vayas. No me dejes aqu\u00ed sola.<\/p>\n<p style=\"text-align: justify;\">\u2013Pues c\u00e1llate y d\u00e9jame en paz. \u2013El hijo volvi\u00f3 a la inc\u00f3moda butaca del hospital y se puso los auriculares para pasar aquella noche de cualquier manera.<\/p>\n<p style=\"text-align: justify;\">Este es un di\u00e1logo real, que viv\u00ed en un hospital de C\u00f3rdoba durante d\u00edas, desde la inc\u00f3moda butaca de un hospital, al otro lado de unas as\u00e9pticas cortinas.<\/p>\n<p style=\"text-align: justify;\">Las primeras dos noches, esa anciana v\u00edctima de Alzh\u00e9imer estuvo sola. Yo estuve all\u00ed atendiendo a mi familiar en la misma habitaci\u00f3n y a veces me confund\u00eda con su hijo. Me dec\u00eda &lt;&lt;Hijo, ay\u00fadame por favor, des\u00e1tame, dame una explicaci\u00f3n&gt;&gt;. La ataron de manos porque se arrancaba las sondas para marcharse de all\u00ed. Mientras, su familia no apareci\u00f3 al menos las dos primeras noches.<\/p>\n<p style=\"text-align: justify;\"><a href=\"http:\/\/granadacostanacional.es\/wp-content\/uploads\/2021\/04\/Erubiel-Flores-en-Pixabay.jpg\"><img decoding=\"async\" loading=\"lazy\" class=\"aligncenter size-large wp-image-28082\" src=\"http:\/\/granadacostanacional.es\/wp-content\/uploads\/2021\/04\/Erubiel-Flores-en-Pixabay-1024x683.jpg\" alt=\"Erubiel Flores en Pixabay\" width=\"1024\" height=\"683\" \/><\/a><\/p>\n<p style=\"text-align: justify;\">Ella lloraba, no sab\u00eda d\u00f3nde estaba, ni por qu\u00e9. Sobre todo, no entend\u00eda porque su hijo, a quien a\u00fan reconoc\u00eda, la trataba de aquella manera.<\/p>\n<p style=\"text-align: justify;\">El dolor que deambulaba por los pasillos de aquel hospital lo recuerdo frio, hab\u00eda d\u00edas que lo ve\u00eda pasar de largo y otros, entraba en nuestra habitaci\u00f3n compartida con aquella pobre anciana. Hubo d\u00edas en los que me pareci\u00f3 no verlo, pero en uno de estos, desde el final del pasillo o\u00ed los llantos y las batas blancas correr y enseguida supe, que el dolor entr\u00f3 en alguna habitaci\u00f3n para dejar su frio. Luego se pegaba a familias, que andaban tras camillas fantasma, en las que pude adivinar siluetas bajo \u00e1speras s\u00e1banas de hospital.<\/p>\n<p style=\"text-align: justify;\">En un ambiente como aquel debi\u00f3 ser inimaginable el dolor de aquella anciana, no solo por su dolencia sino por no saber d\u00f3nde estaba, atada y a oscuras. Algunas noches se hicieron eternas. Casi era peor cuando su hijo se quedaba. Es una enfermedad cruel, que roba recuerdos, no solo al enfermo sino a veces a los familiares. Ese hijo olvid\u00f3 como ella lo cuid\u00f3 desde peque\u00f1o, olvid\u00f3 sus canciones para dormir, olvid\u00f3 su regazo, olvid\u00f3 que \u00e9l tambi\u00e9n estuvo enfermo y ella lo cuid\u00f3 con el cari\u00f1o de una madre. Olvid\u00f3 sus besos. Pero ese tipo de olvido, que se da en algunos, no tiene nada que ver con las neuronas, con el alzh\u00e9imer que conocemos, sino con el coraz\u00f3n, con el amor, bien pudiera llam\u00e1rsele el \u201calzh\u00e9imer de las emociones, que le hace olvidar al coraz\u00f3n\u201d<\/p>\n<p style=\"text-align: justify;\">Las enfermeras hac\u00edan su trabajo, pero no perd\u00edan demasiado tiempo, atender sus emociones era trabajo para la familia, pero una noche lleg\u00f3 una enfermera que no hab\u00eda visto antes. Se me derriti\u00f3 el coraz\u00f3n al ver todo el cari\u00f1o que le dedic\u00f3 a aquella pobre anciana, tanto que aquella noche por primera vez pudimos dormir todos. La anciana se tranquiliz\u00f3, se sinti\u00f3 querida por unos instantes y se durmi\u00f3 pl\u00e1cidamente. A la enfermera casi se le derraman las l\u00e1grimas, ella hab\u00eda perdido a su madre por la misma enfermedad.<\/p>\n<p style=\"text-align: justify;\">Irse de este mundo porque una enfermedad incurable lo ha decidido, es muy triste. Debe ser muy duro saberlo en los momentos de lucidez, pero m\u00e1s triste aun estar solo y no sentirse querido.<\/p>\n<p style=\"text-align: justify;\">Si alguna vez tienes que cuidar a alguno de los tuyos, sea cual sea la enfermedad, dales todo el cari\u00f1o que puedas, porque el tiempo es finito, se acaba y no vuelve. Que ese otro tipo de \u201calzh\u00e9imer de las emociones, que le hace olvidar al coraz\u00f3n\u201d no te haga olvidar lo que ellos hicieron por ti.<\/p>\n<p>&nbsp;<\/p>\n<p style=\"text-align: right;\"><strong>Autor: Manuel Salcedo G\u00e1lvez.<\/strong><\/p>\n<p style=\"text-align: right;\"><strong>Fotograf\u00eda: Erubiel Flores<\/strong><\/p>\n<p style=\"text-align: right;\"><a href=\"http:\/\/churrianadelavega.org\/\"><img decoding=\"async\" loading=\"lazy\" class=\"aligncenter size-full wp-image-26009\" src=\"http:\/\/granadacostanacional.es\/wp-content\/uploads\/2020\/11\/Churriana-de-la-Vega-web-1.gif\" alt=\"Churriana de la Vega web\" width=\"689\" height=\"567\" \/><\/a><\/p>\n","protected":false},"excerpt":{"rendered":"<p>\u2013Pero, \u00bfd\u00f3nde estoy? \u00bfQu\u00e9 es esto que me cuelga de la mu\u00f1eca? \u2013Te quieres callar ya. A que me voy&hellip;<\/p>\n","protected":false},"author":3,"featured_media":16911,"comment_status":"open","ping_status":"open","sticky":false,"template":"","format":"standard","meta":{"om_disable_all_campaigns":false,"_mi_skip_tracking":false,"_monsterinsights_sitenote_active":false,"_monsterinsights_sitenote_note":"","_monsterinsights_sitenote_category":0,"footnotes":""},"categories":[21],"tags":[],"aioseo_notices":[],"_links":{"self":[{"href":"https:\/\/granadacostaglobal.es\/index.php?rest_route=\/wp\/v2\/posts\/28079"}],"collection":[{"href":"https:\/\/granadacostaglobal.es\/index.php?rest_route=\/wp\/v2\/posts"}],"about":[{"href":"https:\/\/granadacostaglobal.es\/index.php?rest_route=\/wp\/v2\/types\/post"}],"author":[{"embeddable":true,"href":"https:\/\/granadacostaglobal.es\/index.php?rest_route=\/wp\/v2\/users\/3"}],"replies":[{"embeddable":true,"href":"https:\/\/granadacostaglobal.es\/index.php?rest_route=%2Fwp%2Fv2%2Fcomments&post=28079"}],"version-history":[{"count":0,"href":"https:\/\/granadacostaglobal.es\/index.php?rest_route=\/wp\/v2\/posts\/28079\/revisions"}],"wp:featuredmedia":[{"embeddable":true,"href":"https:\/\/granadacostaglobal.es\/index.php?rest_route=\/"}],"wp:attachment":[{"href":"https:\/\/granadacostaglobal.es\/index.php?rest_route=%2Fwp%2Fv2%2Fmedia&parent=28079"}],"wp:term":[{"taxonomy":"category","embeddable":true,"href":"https:\/\/granadacostaglobal.es\/index.php?rest_route=%2Fwp%2Fv2%2Fcategories&post=28079"},{"taxonomy":"post_tag","embeddable":true,"href":"https:\/\/granadacostaglobal.es\/index.php?rest_route=%2Fwp%2Fv2%2Ftags&post=28079"}],"curies":[{"name":"wp","href":"https:\/\/api.w.org\/{rel}","templated":true}]}}