{"id":28028,"date":"2021-04-21T10:17:37","date_gmt":"2021-04-21T10:17:37","guid":{"rendered":"http:\/\/granadacostanacional.es\/?p=28028"},"modified":"2021-04-21T10:17:37","modified_gmt":"2021-04-21T10:17:37","slug":"maria-vives-versos-de-alabanzas-y-sentimientos","status":"publish","type":"post","link":"https:\/\/granadacostaglobal.es\/?p=28028","title":{"rendered":"Mar\u00eda Vives, versos de alabanzas y sentimientos"},"content":{"rendered":"<p style=\"text-align: justify;\"><strong>Isaac Pons de Rosa<\/strong><\/p>\n<p style=\"text-align: justify;\">Mar\u00eda Vives Gomila (Palma, 1941) ha publicado su tercer poemario, &#8220;Blanca lluna plena&#8221;, que ha sido merecedor del premio Conde de Hubrite 2020, de la Editorial Granada Club Selecci\u00f3n.<\/p>\n<p style=\"text-align: justify;\"><a href=\"http:\/\/granadacostanacional.es\/wp-content\/uploads\/2021\/04\/Foto-Mar\u00eda-Vives-primera.jpg\"><img decoding=\"async\" loading=\"lazy\" class=\"wp-image-28030 size-medium alignright\" src=\"http:\/\/granadacostanacional.es\/wp-content\/uploads\/2021\/04\/Foto-Mar\u00eda-Vives-primera-208x300.jpg\" alt=\"Foto Mar\u00eda Vives primera\" width=\"208\" height=\"300\" \/><\/a><\/p>\n<p style=\"text-align: justify;\"><a href=\"http:\/\/granadacostanacional.es\/wp-content\/uploads\/2021\/04\/Blanca-Lluna-Plena-2-2\u00aa-edici\u00f3n-3d.jpg\"><img decoding=\"async\" loading=\"lazy\" class=\"aligncenter size-large wp-image-28040\" src=\"http:\/\/granadacostanacional.es\/wp-content\/uploads\/2021\/04\/Blanca-Lluna-Plena-2-2\u00aa-edici\u00f3n-3d-899x1024.jpg\" alt=\"Blanca Lluna Plena 2 2\u00aa edici\u00f3n 3d\" width=\"899\" height=\"1024\" \/><\/a><\/p>\n<p style=\"text-align: justify;\">Como doctora en Psicolog\u00eda y profesora em\u00e9rita de la Universidad de Barcelona, Mar\u00eda Vives es autora de un centenar de libros y art\u00edculos sobre psicodiagn\u00f3stico, tests proyectivos, psicoterapia y estudios transculturales. Por otro lado, desde 2008 se introduce en el mundo de las letras, primero con la poes\u00eda (&#8220;Senderos\u201d, 2008; y &#8220;El r\u00edo de la vida\u201d, 2012), y despu\u00e9s en el de la novela, con &#8220;La herencia&#8221;, en 2017.<\/p>\n<p style=\"text-align: justify;\">De este modo llega &#8220;Blanca lluna plena&#8221; (2019), que, para el fil\u00f3logo Jaume Gomila, es un &#8220;canto a la pureza, la feminidad y la autorrealizaci\u00f3n y, a la vez, una generosa ofrenda de vitalidad y experiencia, sincera y llena de contrastes&#8221;. O Joan Bosco Faner, autor del pr\u00f3logo, que afirma que Vives &#8220;despliega la riqueza humana e intelectual de quien, el paso del tiempo, le ha regalado la identidad que vive y expresa de una forma totalmente bella y sencilla&#8221;. Una identidad, a\u00f1ade, &#8220;de poeta, fil\u00f3sofa, psicoterapeuta, educadora&#8221;.<\/p>\n<p style=\"text-align: justify;\"><strong>\u00a0<\/strong><\/p>\n<p style=\"text-align: justify;\"><strong>Recuerdo, nostalgia y belleza<\/strong><\/p>\n<p style=\"text-align: justify;\">&#8220;Blanca lluna plena&#8221; se divide en cuatro apartados o tem\u00e1ticas. Como indica la autora, la primera, &#8220;Nost\u00e0lgia&#8221; es &#8220;b\u00e1sicamente la alabanza a una persona que pas\u00f3 por la vida amando y entreg\u00e1ndose a los dem\u00e1s, compartiendo todo su afecto y con una gran naturalidad&#8221;. Esta persona no es otra que la madre de la autora, Blanca Gomila.<\/p>\n<p style=\"text-align: justify;\">Estos poemas surgen del dolor de una p\u00e9rdida que, no en vano, abren el camino a la esperanza, a trav\u00e9s de la memoria, de la huella y el ejemplo que dej\u00f3 su madre.<\/p>\n<p style=\"text-align: justify;\">El mar, que habitualmente tanto marca a los isle\u00f1os, deviene inspirador para los poemas incluidos en el apartado &#8220;Mediterrani&#8221;, convertido en manantial de sentimientos &#8220;al contemplar la belleza&#8221; y donde &#8220;los que nos sentimos isle\u00f1os amamos, valoramos y admiramos la belleza de estos parajes naturales que podemos contemplar, tantas veces, extasiados&#8221; y que nos aporta serenidad, equilibrio y sensibilidad.<\/p>\n<p style=\"text-align: justify;\">&#8220;Mirades&#8221; es el tercer ep\u00edgrafe del poemario, y como bien indica su t\u00edtulo, parte de la mirada del otro&#8221;. Porque &#8220;los ojos que miran, contemplan, piden o transmiten sentimientos, son uno de los puntos b\u00e1sicos de la interacci\u00f3n humana&#8221;.<\/p>\n<p style=\"text-align: justify;\">Por \u00faltimo, &#8220;Sensacions, sentiments&#8221; incluye una decena de poemas donde se fusionan los sentimientos. &#8220;Comprende poemas muy diferentes, que traducen momentos, la relaci\u00f3n interpersonal que da la amistad, la finalidad de la existencia, hacia d\u00f3nde vamos o la capacidad de cambio&#8221;, sintetiza la escritora.<\/p>\n<p style=\"text-align: justify;\">Mar\u00eda Vives considera que &#8220;lo importante del proceso de creaci\u00f3n de un poema es que las sensaciones que despiertan cuando hay un impacto, el que sea, es que puedan convertirse en sentimientos&#8221;. O, dicho de otro modo, la capacidad de &#8220;mentalizar aquello que sentimos, que lo entendamos hasta llegar a una coincidencia entre lo que pensamos y lo que sentimos&#8221;.<\/p>\n<h2 style=\"text-align: justify;\">El viernes 26, en el Ateneo de Ma\u00f3, la presentaci\u00f3n<\/h2>\n<p style=\"text-align: justify;\">Con casi un a\u00f1o de retraso \u2014estaba prevista para el 1 de abril de 2020\u2014 pero igualmente con gran ilusi\u00f3n, Mar\u00eda Vives present\u00f3 por fin su poemario. El acto tuvo lugar el viernes 26 de marzo en el Ateneu de Ma\u00f3, con la presencia de la presidenta de la entidad, Margarita Orfila, y del fil\u00f3logo Jaume Gomila. El evento incluy\u00f3 un recital po\u00e9tico y musical, en el que intervinieron, al piano, la directora del grupo musical del Ateneu, Lola Mir; recitando textos, la actriz Laura Pons; y tambi\u00e9n se cont\u00f3 con los m\u00fasicos Pau Cardona y Ram\u00f3n Saura.<\/p>\n<p style=\"text-align: justify;\"><a href=\"http:\/\/granadacostanacional.es\/wp-content\/uploads\/2021\/04\/15-09.jpg\"><img decoding=\"async\" loading=\"lazy\" class=\"aligncenter size-large wp-image-28031\" src=\"http:\/\/granadacostanacional.es\/wp-content\/uploads\/2021\/04\/15-09-1024x515.jpg\" alt=\"15 09\" width=\"1024\" height=\"515\" \/><\/a><\/p>\n<p style=\"text-align: center;\"><strong>Presentaci\u00f3n del Acto po\u00e9tico-musical por la presidente del Ateneu, Margarita Orfila<\/strong><\/p>\n<p><a href=\"http:\/\/granadacostanacional.es\/wp-content\/uploads\/2021\/04\/24-08-1.jpg\"><img decoding=\"async\" loading=\"lazy\" class=\"aligncenter size-large wp-image-28033\" src=\"http:\/\/granadacostanacional.es\/wp-content\/uploads\/2021\/04\/24-08-1-1024x593.jpg\" alt=\"24 08\" width=\"1024\" height=\"593\" \/><\/a><\/p>\n<p style=\"text-align: center;\"><strong>Presentaci\u00f3n del poemario por la autora<\/strong><\/p>\n<p style=\"text-align: center;\"><a href=\"http:\/\/granadacostanacional.es\/wp-content\/uploads\/2021\/04\/29-58.jpg\"><img decoding=\"async\" loading=\"lazy\" class=\"aligncenter size-large wp-image-28034\" src=\"http:\/\/granadacostanacional.es\/wp-content\/uploads\/2021\/04\/29-58-1024x514.jpg\" alt=\"29 58\" width=\"1024\" height=\"514\" \/><\/a><\/p>\n<p style=\"text-align: center;\"><strong>Intermedio musical entre los textos recitados<\/strong><\/p>\n<p style=\"text-align: center;\"><a href=\"http:\/\/granadacostanacional.es\/wp-content\/uploads\/2021\/04\/33-02.jpg\"><img decoding=\"async\" loading=\"lazy\" class=\"aligncenter size-large wp-image-28035\" src=\"http:\/\/granadacostanacional.es\/wp-content\/uploads\/2021\/04\/33-02-1024x513.jpg\" alt=\"33 02\" width=\"1024\" height=\"513\" \/><\/a><\/p>\n<p style=\"text-align: center;\"><strong>La actriz Laura Pons recitando diferentes textos de cada parte del poemario<\/strong><\/p>\n<p style=\"text-align: center;\"><a href=\"http:\/\/granadacostanacional.es\/wp-content\/uploads\/2021\/04\/34-56.jpg\"><img decoding=\"async\" loading=\"lazy\" class=\"aligncenter size-large wp-image-28036\" src=\"http:\/\/granadacostanacional.es\/wp-content\/uploads\/2021\/04\/34-56-1024x515.jpg\" alt=\"34 56\" width=\"1024\" height=\"515\" \/><\/a><\/p>\n<p style=\"text-align: center;\"><strong>Uno de los momentos de la actuaci\u00f3n musical: Lola Mir al piano y Pau Cardona acompa\u00f1ando con el violonchelo<\/strong><\/p>\n<p style=\"text-align: center;\"><a href=\"http:\/\/granadacostanacional.es\/wp-content\/uploads\/2021\/04\/44-51.jpg\"><img decoding=\"async\" loading=\"lazy\" class=\"aligncenter size-large wp-image-28037\" src=\"http:\/\/granadacostanacional.es\/wp-content\/uploads\/2021\/04\/44-51-1024x513.jpg\" alt=\"44 51\" width=\"1024\" height=\"513\" \/><\/a><\/p>\n<p style=\"text-align: center;\"><strong>Lola Mir y Pau Cardona interpretando obras de Beethoven, Schubert, Chopin y Mendelssohn<\/strong><\/p>\n<p style=\"text-align: center;\"><a href=\"http:\/\/granadacostanacional.es\/wp-content\/uploads\/2021\/04\/57-20.jpg\"><img decoding=\"async\" loading=\"lazy\" class=\"aligncenter size-large wp-image-28038\" src=\"http:\/\/granadacostanacional.es\/wp-content\/uploads\/2021\/04\/57-20-1024x505.jpg\" alt=\"57 20\" width=\"1024\" height=\"505\" \/><\/a><\/p>\n<p style=\"text-align: center;\"><strong>Mar\u00eda Vives clausurando el Acto de presentaci\u00f3n de \u201cBlanca Lluna Plena\u201d. A su lado, la acriz Laura Pons<\/strong><\/p>\n<p style=\"text-align: justify;\">El recital incluy\u00f3\u00a0composiciones de Mar\u00eda Vives, correspondientes a los cuatro apartados del poemario, que fueron acompa\u00f1adas por distintas interpretaciones musicales. Sonaron temas de compositores como Beethoven, Schubert, Chopin o Mendelssohn, adem\u00e1s de poemas en clave local insular, como la canci\u00f3n popular menorquina \u201cS\u00f3n teus ulls\u201d o tambi\u00e9n \u201cPassar per la vida\u201d, \u00e9sta \u00faltima escrita por la propia Vives, y que se encarg\u00f3 de interpretar Ram\u00f3n Saura.<\/p>\n<p style=\"text-align: justify;\"><a href=\"http:\/\/granadacostanacional.es\/wp-content\/uploads\/2021\/03\/MRW.jpg\"><img decoding=\"async\" loading=\"lazy\" class=\"aligncenter size-large wp-image-27531\" src=\"http:\/\/granadacostanacional.es\/wp-content\/uploads\/2021\/03\/MRW-1024x302.jpg\" alt=\"MRW\" width=\"1024\" height=\"302\" \/><\/a><\/p>\n<p style=\"text-align: justify;\"><a href=\"http:\/\/granadacostanacional.es\/wp-content\/uploads\/2021\/01\/Playa-San-Cristobal.png\"><img decoding=\"async\" loading=\"lazy\" class=\"aligncenter size-large wp-image-26941\" src=\"http:\/\/granadacostanacional.es\/wp-content\/uploads\/2021\/01\/Playa-San-Cristobal-1024x687.png\" alt=\"Playa San Cristobal\" width=\"1024\" height=\"687\" \/><\/a><\/p>\n","protected":false},"excerpt":{"rendered":"<p>Isaac Pons de Rosa Mar\u00eda Vives Gomila (Palma, 1941) ha publicado su tercer poemario, &#8220;Blanca lluna plena&#8221;, que ha sido&hellip;<\/p>\n","protected":false},"author":3,"featured_media":28029,"comment_status":"open","ping_status":"open","sticky":false,"template":"","format":"standard","meta":{"om_disable_all_campaigns":false,"_mi_skip_tracking":false,"_monsterinsights_sitenote_active":false,"_monsterinsights_sitenote_note":"","_monsterinsights_sitenote_category":0,"footnotes":""},"categories":[21],"tags":[],"aioseo_notices":[],"_links":{"self":[{"href":"https:\/\/granadacostaglobal.es\/index.php?rest_route=\/wp\/v2\/posts\/28028"}],"collection":[{"href":"https:\/\/granadacostaglobal.es\/index.php?rest_route=\/wp\/v2\/posts"}],"about":[{"href":"https:\/\/granadacostaglobal.es\/index.php?rest_route=\/wp\/v2\/types\/post"}],"author":[{"embeddable":true,"href":"https:\/\/granadacostaglobal.es\/index.php?rest_route=\/wp\/v2\/users\/3"}],"replies":[{"embeddable":true,"href":"https:\/\/granadacostaglobal.es\/index.php?rest_route=%2Fwp%2Fv2%2Fcomments&post=28028"}],"version-history":[{"count":0,"href":"https:\/\/granadacostaglobal.es\/index.php?rest_route=\/wp\/v2\/posts\/28028\/revisions"}],"wp:featuredmedia":[{"embeddable":true,"href":"https:\/\/granadacostaglobal.es\/index.php?rest_route=\/"}],"wp:attachment":[{"href":"https:\/\/granadacostaglobal.es\/index.php?rest_route=%2Fwp%2Fv2%2Fmedia&parent=28028"}],"wp:term":[{"taxonomy":"category","embeddable":true,"href":"https:\/\/granadacostaglobal.es\/index.php?rest_route=%2Fwp%2Fv2%2Fcategories&post=28028"},{"taxonomy":"post_tag","embeddable":true,"href":"https:\/\/granadacostaglobal.es\/index.php?rest_route=%2Fwp%2Fv2%2Ftags&post=28028"}],"curies":[{"name":"wp","href":"https:\/\/api.w.org\/{rel}","templated":true}]}}