{"id":27928,"date":"2021-04-12T09:23:48","date_gmt":"2021-04-12T09:23:48","guid":{"rendered":"http:\/\/granadacostanacional.es\/?p=27928"},"modified":"2021-04-12T09:23:48","modified_gmt":"2021-04-12T09:23:48","slug":"entrevista-al-compositor-alberto-garcia-demestres","status":"publish","type":"post","link":"https:\/\/granadacostaglobal.es\/?p=27928","title":{"rendered":"ENTREVISTA AL COMPOSITOR ALBERTO GARC\u00cdA DEMESTRES"},"content":{"rendered":"<p>Tengo el privilegio de entrevistar al compositor Alberto Garc\u00eda Demestres (Barcelona, mayo 1960). Aunque definirlo como compositor, se nos quedar\u00eda muy corto, dado que su variado y extenso talento creativo, le han llevado a desempe\u00f1ar diferentes actividades art\u00edsticas, por su versatilidad a la hora de expresar todo lo que lleva dentro. Dado que es m\u00fasico obviamente, cantante, pianista, director de orquesta, escritor, poeta, pintor y actor de cine, televisi\u00f3n, teatro, as\u00ed como modelo de pasarela ocasional para Antoni Mir\u00f3 en desfiles de Pasarela Gaud\u00ed.<\/p>\n<p style=\"text-align: justify;\">\u00a0\u00a0\u00a0\u00a0\u00a0\u00a0\u00a0\u00a0\u00a0\u00a0\u00a0 Ha recibido diversos premios como varios segundos premios por <em>Joc de mans <\/em>y <em>Il Sequestro <\/em>\u201cOPERA VISTA\u201d (Houston-Texas), y primeros como Musician\u2019s Accord (New York), Malipiero del Festival de Asolo (Italia), Premio Ondas, Premio \u00b4Silver Chest\u00b4 34 Edici\u00f3n Golden Chest International Televisi\u00f3n Festival, Premio \u00b4Passion de Cr\u00edticos\u00a8 Festival Televisi\u00f3n y Radio de Vitoria-Gasteiz, Premio Nacional de TV, Premio de la Academia de TV, Silver Word Medal \u2013 Best Miniseries, New York Festivals, Premi Gaud\u00ed\u2026 Gracias a su enorme talento, durante la pasada y presente d\u00e9cada, tambi\u00e9n le han otorgado varias subvenciones econ\u00f3micas para componer diversas obras musicales o ha sido invitado a la residencia de artistas m\u00e1s prestigiosa del mundo, la Artist Colonny YADDO (Saratoga Springs), y al Virginia Center for the Creative Arts en Amherst (Massachusetts).<\/p>\n<p style=\"text-align: justify;\">\u00a0\u00a0\u00a0\u00a0\u00a0\u00a0\u00a0\u00a0\u00a0\u00a0\u00a0 Durante los \u00faltimos a\u00f1os ha recibido diversos encargos como <em>Chicos normales, <\/em>BSO que es elegida para el Festival de San Sebasti\u00e1n; <em>Il Sequestro; La vereda del cuco; Clarinet, dona i ocells; 23F el d\u00eda m\u00e1s dif\u00edcil del Rey; Sinfon\u00eda dels \u00e0ngels; Lost in my darkness; Maternitat; Genuine smiles; Can\u00e7\u00f3 de bressol; WOW! <\/em>\u00f3pera y libreto del compositor sobre poemas y textos de Walt Whitman y Oscar Wilde; <em>L\u00b4Eclipsi<\/em>, \u00f3pera con libreto del propio compositor, siendo una adaptaci\u00f3n libre sobre una historia de Paco Zarzoso. De todos estos trabajos algunos era subvenciones y otros encargos de la Generalitat de Catalu\u00f1a, del Ministerio de Cultura Espa\u00f1ol, del Bufete Us\u00f3n, del Festival \u201cThe Seasons\u201d Yakima (Washington), entre otros.<\/p>\n<p style=\"text-align: justify;\">\u00a0\u00a0\u00a0\u00a0\u00a0\u00a0\u00a0\u00a0\u00a0\u00a0\u00a0 Dentro de su reportorio, ha compuesto para todo lo imaginables, instrumento solista, peque\u00f1o conjunto instrumental (2-5 instrumentos), conjunto instrumental, voz y conjunto instrumental, m\u00fasica esc\u00e9nica, coro y conjunto instrumental, coro a capella, orquesta con o sin solista, m\u00fasica para audiovisual, m\u00fasica para acompa\u00f1ar pel\u00edculas de cine mudo, orquestaciones, y m\u00e1s. Muchas de ellas editadas en CD o triple CD, es tanta su producci\u00f3n que no podr\u00eda enumerarla sin arriesgarme a dejarme alguna en el tintero. Pero podr\u00edamos decir que ha tenido excelentes cr\u00edticas de todas ellas, pero destacar\u00e9 las \u00f3peras por su complejidad compositiva: <em>Aprima\u00b4t en 3 dies!,<\/em> <em>Els 5 dits de la m\u00e1, Europa, Il Sequestro, Joc de mans, L\u00b4Eclipsi, Mariana en sombras, Para ti \u2013soledades sin sombra-,<\/em> <em>WOW<\/em>!, <em>La Straordinaria Vita di Sugar Blood, El M\u00e0gic Elixir y Juana sin cielo<\/em>, en las que el libreto era suyo o compartido el trabajo, exceptuando <em>Europa <\/em>y<em> Mariana en sombras. <\/em>Entre su repertorio esc\u00e9nico se incluye un <em>END <\/em>Ballet de Sol Pic\u00f3, con soprano, tenor y m\u00fasica electroac\u00fastica y un <em>Stabat Mater. <\/em>Tambi\u00e9n podr\u00edamos destacar su aportaci\u00f3n para la peque\u00f1a pantalla, como <em>23F-El d\u00eda m\u00e1s dif\u00edcil del Rey<\/em>, <em>Alfabet Tapies<\/em>, <em>Aguaviva<\/em>, <em>Chicos normales<\/em>; para la gran pantalla, como<em> Volaverunt <\/em>de Bigas Luna, <em>El Bosque <\/em>de \u00d2scar Aibar, <em>Cartas a Mar\u00eda <\/em>de Maite Garc\u00eda Ribot\u2026 Dentro del cine mudo ha puesto m\u00fasica a <em>Le chien andalou, <\/em>del gran cineasta Luis Bu\u00f1uel y a <em>Sherlock Junior <\/em>de aquel formidable actor de cine mudo Buster Keaton, y podr\u00edamos incluir <em>Diario de un compositor <\/em>que es una obra radiof\u00f3nica, y una nueva orquestaci\u00f3n para veinte instrumentos nada menos que de <em>Romeo y Julieta <\/em>de Serguei Prokofiev para el ballet <em>Romy &amp; Juliet<\/em> (1996) del core\u00f3grafo Ram\u00f3n Oller en el Teatre Grec de Barcelona.<\/p>\n<p style=\"text-align: justify;\">\u00a0\u00a0\u00a0\u00a0\u00a0\u00a0\u00a0\u00a0\u00a0\u00a0\u00a0 Ha colaborado en diferentes programas de televisi\u00f3n o radio, como en el programa \u201cOSADOS\u201d de Antena 3; en 13 programas cantando arias de \u00f3pera a personajes populares como Cindy Crawford, Andy Garc\u00eda, Carmen Alborch, Chiquito de la Calzada, Amparo Mu\u00f1oz, Santiago Segura, etc\u2026; en el programa de \u201cCr\u00f3nicas marcianas\u201d de Tele 5, actuando en medio de la entrevista a Montserrat Caball\u00e9 cantando arias; de presentador, director y productor del programa radiof\u00f3nico \u201cTUTTO DEMESTRES\u201d para COMRadio; en el programa de BarcelonaTV 360 grados presentando conciertos y representaciones de \u00f3pera; como \u201cMestre Demestres\u201d en el programa diario de tarde \u201cBonic Vespre\u201d (66 programas) de la productora el Terrat para TV3; en el programa \u201cAix\u00f3 no toca\u201d haciendo secciones de m\u00fasica y poes\u00eda en COM Radio; y ha sido articulista en la revista \u201cSYMPHONIA\u201d (Radiotelevisione della Svizzera Italiana y Ermitage) y en la secci\u00f3n mensual <em>INCASTA DIVA <\/em>sobre el mundo de la \u00f3pera contempor\u00e1nea en la revista HAMLET de la Editorial Arola, entre otras cosas m\u00e1s.<\/p>\n<p style=\"text-align: justify;\">\u00a0\u00a0\u00a0\u00a0\u00a0\u00a0\u00a0\u00a0\u00a0\u00a0\u00a0 Como escritor ha publicado diversos poemas en algunas revistas especialidades, su poemario <em>Suena de alabastro<\/em> en la colecci\u00f3n Genil del Ayuntamiento de Granada, y los libretos de algunas de sus obras oper\u00edsticas. Como pintor ha expuesto <em>\u201cParejas\u201d<\/em>, <em>\u201cSpagna oggi\u201d, \u201cBolsas pintadas\u201d, \u201cPanes heridos\u201d, \u201cGestos\u201d, \u201cDibujos\u201d, <\/em>en Modena y Bologna, y fue socio fundador de la Galleria d\u00b4arte contempor\u00e1nea Aperta, Modena. Ya como actor, ha actuado en <em>Volaverunt<\/em>, <em>Mercat magic \u2013Curial e G\u00fcelfa<\/em>, <em>Cabell d\u00b4\u00e0ngel<\/em>, <em>La vida de Pedro Navaja<\/em>, en las teleseries <em>El cor de la ciutat<\/em>, <em>Pepe Carvalho<\/em>, <em>Estaci\u00f3 d\u00b4enlla\u00e7\u2026 <\/em>Y dentro del teatro ha actuado en <em>Little Night Music, Reflexes, Un nou museo, Rossini, <\/em>y en algunos espect\u00e1culos de la compa\u00f1\u00eda Els Comediants.<\/p>\n<p style=\"text-align: justify;\">\u00a0\u00a0\u00a0\u00a0\u00a0\u00a0\u00a0\u00a0\u00a0\u00a0\u00a0 Sin m\u00e1s, dar\u00e9 comienzo esta entrevista con Alberto Garc\u00eda Demestres, al que quiero agradecerle el tiempo que va a tomarse en responder a las siguientes preguntas, con las que espero darle a conocer entre los lectores a los que llegue con esta publicaci\u00f3n.<\/p>\n<p style=\"text-align: justify;\"><a href=\"http:\/\/granadacostanacional.es\/wp-content\/uploads\/2021\/04\/Campan\u0303aElNoLoHaria.jpg\"><img decoding=\"async\" loading=\"lazy\" class=\"aligncenter size-large wp-image-27929\" src=\"http:\/\/granadacostanacional.es\/wp-content\/uploads\/2021\/04\/Campan\u0303aElNoLoHaria-1024x654.jpg\" alt=\"Campan\u0303aElNoLoHaria\" width=\"1024\" height=\"654\" \/><\/a><\/p>\n<p style=\"text-align: justify;\"><strong>\u00a0\u00a0\u00a0\u00a0\u00a0\u00a0\u00a0\u00a0\u00a0\u00a0\u00a0 PREGUNTA: Muy buenas Alberto, como no puedo empezar de otra manera, a qu\u00e9 edad comenzaste a sentirte atra\u00eddo por las artes en general, dado que veo que eres muy polifac\u00e9tico y cu\u00e1l de todas esas habilidades que atesoras, fue la primera que llamo a tus puertas creativas. <\/strong><\/p>\n<p style=\"text-align: justify;\">\u00a0\u00a0\u00a0\u00a0\u00a0\u00a0\u00a0\u00a0\u00a0\u00a0\u00a0 RESPUESTA: En primer lugar, Ricardo, d\u00e9jame agradecerte el esfuerzo que haces para abrir puertas y ventanas. Tambi\u00e9n agradecer a tus lectores las ganas de conocer.<\/p>\n<p style=\"text-align: justify;\">Contestando a tu pregunta creo que podr\u00eda decirte, sin equivocarme, que sent\u00ed atracci\u00f3n por las artes en general justo unos instantes antes de nacer, y en ese punto me qued\u00e9. Dec\u00edan que en brazos de mi madre me mov\u00eda a modo de director de orquesta; ten en cuenta ese tipo de mirada especial que tienen las madres o las abuelas viendo a sus hijos o nietos. En cualquier caso, en casa era muy f\u00e1cil sentirse atra\u00eddo por la literatura ya que, menos el ba\u00f1o y la cocina, toda ella estaba habitada por libros; lo m\u00e1s f\u00e1cil era ponerse a leer. El acercamiento a la m\u00fasica tambi\u00e9n fue sencillo. Mi madre se pasaba el d\u00eda cantando y la mayor\u00eda de discos que ten\u00edan mis padres eran de los grandes cl\u00e1sicos. El regalo que m\u00e1s me marc\u00f3 de ni\u00f1o fue un micr\u00f3fono con el que organizaba grandes festivales en el comedor de casa, solo o con mi hermano Alfredo, con el que llegamos a actuar en la Fiesta de Primavera del Instituto San Jos\u00e9 de Calasanz en 1969 y 1970 como \u201cD\u00fao vocal: Los graciosos hermanos Garc\u00eda\u201d (no encontraron un nombre mejor y estaba claro que era una carrera truncada desde sus inicios). Esas primeras experiencias en el escenario fueron impresionantes, la dicha era inconmensurable y sal\u00ed convencido de que el escenario de un teatro era la extensi\u00f3n natural del comedor de casa, que, por sorpresa para todos, tambi\u00e9n fue el lugar donde mi madre me dio a luz. Sal\u00ed euf\u00f3rico en las tres ocasiones.<\/p>\n<p style=\"text-align: justify;\">De todas formas, el primer instante de \u00e9xtasis total y de simbiosis con la m\u00fasica cl\u00e1sica se produjo el 7 de diciembre de 1969 en un concierto que ofreci\u00f3 Arthur Rubinstein en el <em>Palau de la M\u00fasica Catalana <\/em>de Barcelona. Al d\u00eda siguiente le dije a mi madre: \u201cMam\u00e1, soy m\u00fasico \u00bfqu\u00e9 he de hacer?\u201d. A los pocos d\u00edas, con criterio, me llev\u00f3 a clases de solfeo y guitarra.<\/p>\n<p style=\"text-align: justify;\">En cuanto a las dem\u00e1s artes fueron llegando todas de forma natural y constante, era normal que los fines de semana o en vacaciones fu\u00e9semos con mis padres a visitar museos, castillos, exposiciones, catedrales, peque\u00f1as iglesias \u2026 y recuerda que la casa estaba llena de libros, tambi\u00e9n de arte. Imposible escapar a tanta maravilla.<\/p>\n<p style=\"text-align: justify;\">A nivel creativo mis primeros poemas y composiciones llegaron a los 14 a\u00f1os de la mano de Ignacio Prat, mi profesor de literatura en el instituto, y mentor. \u00bfTe das cuenta de la suerte que tuve? A esa edad, a una persona brillante como lo era Ignacio \u2013poeta, cr\u00edtico, estudioso, con intereses en el arte en general y la literatura y la m\u00fasica en particular- no le import\u00f3 leer mis poemas, escuchar mis composiciones y compartir su sabidur\u00eda. Parece mentira que fuese en su casa, y no en el conservatorio, que escuchase por primera vez obras de Nono, Penderecki, Berio, Messiaen\u2026 De hecho, mi primera \u00f3pera, <strong><em>PARA TI<\/em><\/strong> (anagrama de \u201ca I. Prat\u201d), est\u00e1 dedicada a mi maestro Ignacio Prat.<\/p>\n<p style=\"text-align: justify;\"><strong>\u00a0\u00a0\u00a0\u00a0\u00a0\u00a0\u00a0\u00a0\u00a0\u00a0\u00a0 PREGUNTA: Vienes de familia art\u00edstica, o eres el primero de la saga que quiso convertirse en un amante de las nobles artes. <\/strong><\/p>\n<p style=\"text-align: justify;\">\u00a0\u00a0\u00a0\u00a0\u00a0\u00a0\u00a0\u00a0\u00a0\u00a0\u00a0 RESPUESTA: Pues no, no vengo de familia art\u00edstica, pero mis padres me inculcaron las ganas de ir m\u00e1s all\u00e1 y el vivir a fondo las propias pasiones. Mi madre fue ama de casa hasta que un d\u00eda, a sus cuarenta a\u00f1os, nos dijo mientras cen\u00e1bamos: \u201cNo voy a ser la inculta de la familia\u201d, y al d\u00eda siguiente se puso a estudiar desde cero para acabar siendo profesora de lat\u00edn y griego en un Instituto p\u00fablico de Ripollet. Mi padre empez\u00f3 como chico de los recados en el Banco de Madrid y acab\u00f3 siendo su abogado principal.<br \/>\nEn cuanto a lo \u201cart\u00edstico\u201d, parece ser que mi abuelo paterno lleg\u00f3 a tocar el acorde\u00f3n, nunca me qued\u00f3 claro con qu\u00e9 fin. Muri\u00f3 en Burdeos durante el \u00faltimo bombardeo de las fuerzas americanas en la segunda guerra mundial.<\/p>\n<p style=\"text-align: justify;\">Afortunadamente para el mundo, al no tener descendencia, conmigo empez\u00f3 y conmigo terminar\u00e1 esta saga de \u201cartistas\u201d. Ya queda menos.<\/p>\n<p style=\"text-align: justify;\"><strong>\u00a0\u00a0\u00a0\u00a0\u00a0\u00a0\u00a0\u00a0\u00a0\u00a0\u00a0 PREGUNTA: Tus padres c\u00f3mo se tomaron que quisieras ser uno m\u00e1s de la gran familia musical. Lo aceptaron sin dudarlo, o prefer\u00edan que te hubieras dedicado a otra cosa con mejor proyecci\u00f3n de futuro.<\/strong><\/p>\n<p style=\"text-align: justify;\">\u00a0\u00a0\u00a0\u00a0\u00a0\u00a0\u00a0\u00a0\u00a0\u00a0\u00a0 RESPUESTA: Mis padres se lo tomaron con cari\u00f1o, preocupados por mi futuro, pero apoy\u00e1ndome al mil por cien. Mi padre sugiri\u00f3 que tal vez podr\u00eda compaginar los estudios musicales con los de derecho para que tuviese la opci\u00f3n de seguir con su despacho si la m\u00fasica no me daba de comer; despu\u00e9s de un verano metido entre sus libros decid\u00ed matricularme en la Facultad de Filolog\u00eda donde pas\u00e9 tres a\u00f1os muy divertidos antes de irme al servicio militar primero, y a recorrer mundo -conservatorios de Wuppertal, Paris, Bologna\u2026- despu\u00e9s.<\/p>\n<p style=\"text-align: justify;\">Hoy, desde la perspectiva que tengo, sabiendo lo duro que es sobrevivir de la composici\u00f3n \u201ccl\u00e1sica\u201d pero consciente de lo gratificante que es pasarte la vida haciendo lo que te apasiona, tampoco yo dudar\u00eda en hacer lo posible para que mi descendencia siguiese sus propios anhelos en ese u otro campo. Bueno, si el hijo fuese hija, ser\u00eda f\u00e1cil animarla sin ning\u00fan resquemor a sabiendas de que, en estos momentos de la historia, siendo mujer y teniendo un algo de calidad le van a poner alfombras rojas all\u00ed por donde pase; si el hijo fuese hijo le pagar\u00eda la operaci\u00f3n de cambio de sexo lo antes posible o le animar\u00eda a buscar un pseud\u00f3nimo, como hicieran en el sentido contrario Caterina Albert i Paradis (Victor Catal\u00e0), Amantine Aurore Lucile Dupin de Dudevant (George Sand), Mary Ann Evans (George Eliot), Karen Bliken (Isak Dinesen), Charlotte Bront\u00eb (Jane Eyre), Cecilia B\u00f6hl de Faber y Larrea (Fern\u00e1n Caballero), y tantas y tantas otras mujeres creadoras en tiempos de indecencia masculina. Ahora hay que ir adapt\u00e1ndose porque la balanza de la indecencia se ha movido al otro lado. No son buenos tiempos para la l\u00edrica, si bien, dentro de ese absoluto desastre, son buenos tiempos para las l\u00edricas y no lo son para los l\u00edricos. Adaptarse o morir. Ll\u00e1mame Lolita.<\/p>\n<p style=\"text-align: justify;\"><strong>\u00a0<\/strong><\/p>\n<p style=\"text-align: justify;\"><strong>\u00a0\u00a0\u00a0\u00a0\u00a0\u00a0\u00a0\u00a0\u00a0\u00a0\u00a0 PREGUNTA: Veo que, a lo largo de unos veinte a\u00f1os, has estado estudiando y aprendiendo, composici\u00f3n, percusi\u00f3n, flauta, interpretaci\u00f3n de J. S. Bach, piano, canto, direcci\u00f3n de orquesta, curso de historia y an\u00e1lisis de la m\u00fasica, etc\u2026 Entre tus maestros veo nombres celebres, como Enric Rib\u00f3, Salvador Gratacos, Jean Pierre Rampal, Siegfried Fink, Jacques Chailly, Reinhard Becker, Franz Doolan, Christa Ludwig, Elizabeth Schwarzkopf, Luciano Berio, Luigi Nono, Helmut Lachenmann, Luis de Pablo, Cristobal Halffter, Aldo Clementi, Alfredo Krauss, Gabriel Bacquier, Arrigo Pola, Luciano Pavarotti\u2026 De todos esos a\u00f1os, qu\u00e9 nos puedes contar de la huella que todos estos grandes nombres han dejado a ti, tanto como artista y como persona. <\/strong><\/p>\n<p style=\"text-align: justify;\">\u00a0\u00a0\u00a0\u00a0\u00a0\u00a0\u00a0\u00a0\u00a0\u00a0\u00a0 RESPUESTA: He tenido mucha suerte de que esas y otras muchas personas \u2013en la lista echo a faltar pintores, escritores, cocineros, actores, poetas\u2026- hayan abierto sus puertas para transmitirme valores y conocimientos. La realidad es que llevo toda la vida aprendiendo y no creo que deje nunca el aprendizaje. \u201cSomos lo que comemos\u201d, dej\u00f3 escrito el fil\u00f3sofo y antrop\u00f3logo Ludwig Feuerbach, y yo creo que es as\u00ed. Tengo una obra para dos voces y dos barrigas, <strong><em>Todos los nombres de mi vida <\/em><\/strong>(2005), que estrenamos junto a mi hermano Alfredo en la Fundaci\u00f3n Joan Mir\u00f3. Es una obra donde se van diciendo, cantando, gritando, al tiempo que los dos m\u00fasicos se golpean r\u00edtmicamente las barrigas desnudas, todos los nombres de las personas que me he ido <em>\u201ccomiendo\u201d<\/em> y que han ido <em>\u201cnutri\u00e9ndome\u201d<\/em> a lo largo de la vida y que hacen que hoy sea como soy. Muchos de los nombres que est\u00e1n en tu pregunta salen en esa obra junto a otras personas, artistas y no artistas. Es una obra homenaje a todos ellos, aunque, claro est\u00e1, de todas esas personas hay alguna que me ha marcado especialmente, Pavarotti, por todo lo que me transmiti\u00f3 de conocimiento de la \u00f3pera en todos los a\u00f1os que tuvimos de relaci\u00f3n, pero tambi\u00e9n por el trato, por compartir conmigo su casa, su comida, su d\u00eda a d\u00eda, por presentarme a sus hijas y especialmente a Cristina, mi mejor amiga, con la que adem\u00e1s hemos creado dos \u00f3peras&#8230; Sin duda es uno de los artistas que m\u00e1s huella me dejaron junto a Ignacio Prat.<\/p>\n<p style=\"text-align: justify;\">De ellos aprend\u00ed que, si eres curioso, y yo lo soy, puedes utilizar tus nuevos proyectos para profundizar en aquello en lo que est\u00e1s interesado. Por ejemplo, en 1990 quise saber m\u00e1s sobre la bulimia, la anorexia, los trastornos alimentarios\u2026 as\u00ed que empec\u00e9 a escribir la historia de mi \u00f3pera <strong><em>Aprima\u2019t en 3 dies<\/em><\/strong> (<em>Adelgaza en 3 d\u00edas<\/em>), y para desarrollarla entrevist\u00e9 a psic\u00f3logas, psiquiatras, bul\u00edmicas, anor\u00e9xicas\u2026; interesado en los agujeros negros escrib\u00ed <strong><em>Rolf e la luna<\/em><\/strong> (1994), donde en un momento dado de la obra, Rolf el conejo, hace una descripci\u00f3n de lo que se sab\u00eda en aquel momento sobre ellos; o <strong><em>Sploff e Spluff<\/em><\/strong> (1992) sobre el mundo de las ballenas; o <strong><em>Nens sense recer<\/em><\/strong> (2018) (<em>Ni\u00f1os sin cobijo<\/em>), para hablar de ese viaje inhumano que emprenden ni\u00f1os que migran solos desde \u00c1frica o Siria para llegar a Europa. En mi cat\u00e1logo hay decenas de obras inspiradas en temas que me tocan especialmente y que, para hacerlas, he de estudiar, aprender, profundizar\u2026<\/p>\n<p style=\"text-align: justify;\"><strong>\u00a0\u00a0\u00a0\u00a0\u00a0\u00a0\u00a0\u00a0\u00a0\u00a0\u00a0 PREGUNTA: Has compuesto variedad de obra, de diferentes estilos e incluso \u00f3peras donde varios de los libretos son tuyos. Algo que tambi\u00e9n hizo en su tiempo Richard Wagner, algo igual que otros compositores. De todos los g\u00e9neros que has tocado, en cu\u00e1les te sientes m\u00e1s c\u00f3modo y en cu\u00e1les ves enormes complicaciones compositivas, dada las exigencias que se debe afrontar. <\/strong><\/p>\n<p style=\"text-align: justify;\">\u00a0\u00a0\u00a0\u00a0\u00a0\u00a0\u00a0\u00a0\u00a0\u00a0\u00a0 RESPUESTA: La verdad es que me siento c\u00f3modo creando, sea lo que sea. No me cierro a nada. Es cierto que mi inter\u00e9s ha sido siempre invitar a personas con inquietudes a un mundo donde la realidad \u2013gracias a una estratificaci\u00f3n de posibles \u201csentidos\u201d asignados a la palabra, a los sonidos, a los gestos, a la indumentaria, al car\u00e1cter de los personajes\u2026\u2013 viene modelada sobre un paisaje fant\u00e1stico, con una visi\u00f3n pantagru\u00e9lica del pensamiento y de la acci\u00f3n avalada por m\u00faltiples temas o por elementos narrativos, simb\u00f3licos, ling\u00fc\u00edsticos, dramat\u00fargicos\u2026 El juego, la diversi\u00f3n, lo absurdo, la iron\u00eda\u2026 y como fondo constante el drama. A partir de estas premisas, el ni\u00f1o elegido que anida en todo ser contempor\u00e1neo, cada vez m\u00e1s fr\u00e1gil en sus necesidades naturales, visionarias y de libertad, en sus necesidades de arte y de cultura, tal vez encuentre su propio camino para expresarse. Para m\u00ed, la <strong>\u00d3PERA<\/strong> es lo que se acerca m\u00e1s a ese inter\u00e9s, a esa intenci\u00f3n primera.<\/p>\n<p style=\"text-align: justify;\">Las complicaciones con las que me he encontrado normalmente han sido extra compositivas. Las dificultades han venido por tener que trabajar con alg\u00fan libretista primerizo que no ten\u00eda conocimientos suficientes de lo que es una \u00f3pera pero que no era consciente de su ignorancia, o con alguna directora de escena que, en vez de intentar poner en escena el estreno de mi \u00f3pera, quer\u00eda poner en escena lo que podr\u00eda haber sido una de esas nuevas producciones, alejadas del libreto y de la m\u00fasica, a las que nos tienen acostumbrados hoy en d\u00eda con las obras de repertorio. <strong><em>While the composer is away, the stage director will play<\/em><\/strong>. Pero yo estoy vivo y bien vivo.<\/p>\n<p style=\"text-align: justify;\"><strong>\u00a0\u00a0\u00a0\u00a0\u00a0\u00a0\u00a0\u00a0\u00a0\u00a0\u00a0 <\/strong><strong>PREGUNTA: Escribes poes\u00eda, pintas cuadros, compones m\u00fasica, qu\u00e9 le queda por hacer a Alberto Garc\u00eda Demestres, en el campo de la creaci\u00f3n, tal vez, \u00bfesculturas? De d\u00f3nde te viene esa versatilidad creativa, y como fueron apareciendo cada una de ellas en tu vida. <\/strong><\/p>\n<p style=\"text-align: justify;\">\u00a0\u00a0\u00a0\u00a0\u00a0\u00a0\u00a0\u00a0\u00a0\u00a0\u00a0 RESPUESTA: Mis retos en la vida son hacer lo que me interesa en cada momento e ir conoci\u00e9ndome a m\u00ed mismo. As\u00ed que hago lo que buenamente puedo. Y en cuanto a las esculturas, en Modena se present\u00f3 una exposici\u00f3n con obra m\u00eda que se acercaba bastante a la escultura:<strong><em> Panes heridos <\/em><\/strong>(1991). En cualquier caso, pienso que todav\u00eda me queda TODO por hacer. Al mismo tiempo pienso que he de recuperar cosas que me hac\u00edan sonre\u00edr y que las convenciones, y tal vez la edad, han hecho que las haya ido olvidando, por ejemplo, los <em>curriculum<\/em> que enviaba para ser publicados en los programas de mano o en las presentaciones de mis conciertos:<\/p>\n<p style=\"text-align: justify;\">\u201cAlberto Garc\u00eda Demestres naci\u00f3. Ya de peque\u00f1o deslumbr\u00f3 a Teresa cuando, sin pens\u00e1rselo dos veces, dom\u00f3 a las famosas <em>collondras<\/em>. (Programa de mano. Escuela de canto de Madrid, 21\/IV\/86).<\/p>\n<p style=\"text-align: justify;\">\u201c(\u2026) en la obra del compositor Alberto Garc\u00eda Demestres, fallecido hace dos d\u00edas en su propia cama, tendremos la ocasi\u00f3n de ver y escuchar un nuevo instrumento construido por \u00e9l mismo en su lecho de muerte: el <em>demestrophon<\/em> (\u2026)\u201c. (Repetido en ingl\u00e9s franc\u00e9s, alem\u00e1n y catal\u00e1n, finalizando con un \u201canem tots cap a la matan\u00e7a del porc\u201d dicho por el propio compositor en la presentaci\u00f3n de mi obra <strong><em>Per Cristina<\/em><\/strong> (1986) en el concierto de inauguraci\u00f3n de las <em>Festliche Tage Eurp\u00e4lischer Jugend <\/em>en Passau, 1\/VIII\/87, delante de 3.268 personas).<\/p>\n<p style=\"text-align: justify;\">\u00a0\u201c(\u2026) Treinta y cinco calcetines desaparejados. Treinta calzoncillos <em>Jockey Classic Brief<\/em> blancos. Dos camisas de concierto firmadas por Francesca del Zozzo. Un impermeable <em>Outrage for saving the whales<\/em>. Ocho pares de zapatos del n\u00famero 42, \u00a1peque\u00f1os! Tres pa\u00f1uelos preferidos -2 Yumaka- (\u2026)\u201d (Programa de mano. Auditorio Nacional de Madrid, 22\/V\/91).<\/p>\n<p style=\"text-align: justify;\">No s\u00e9 exactamente de d\u00f3nde me viene la versatilidad creativa, las oportunidades de expresarme de una u otra forma pasan por delante de m\u00ed y las cojo al vuelo porque creo que todo me ayuda a conocerme un poco m\u00e1s. No pretendo ser el mejor en nada, tampoco competir. Me gustar\u00eda tener la posibilidad de crear sin esa necesidad de conseguir dinero para vivir. Nos han enga\u00f1ado a todos con la broma del dinero. Pero bueno, ahora mismo estoy bastante involucrado con el videoarte, aprendiendo a editar, aprendiendo el lenguaje. En mi vida solamente he sido constante y fiel a la composici\u00f3n, por eso no me cas\u00e9 nunca.<\/p>\n<p style=\"text-align: justify;\">En 1990 escrib\u00ed una especie de epitafio para la Revista MOTOWN, que creo sigue siendo v\u00e1lido para definir mi vida: <em>Nada de nada (iiee). Me hubiese gustado tener un bonito abrigo azul con tantos bolsillos, es comprensible, pero no pudo ser, y ser compositor es sufrimiento all\u00e1 por donde vayas. Ya no tiene remedio: \u00a1b\u00e9same, b\u00e9same!<\/em><\/p>\n<p style=\"text-align: justify;\">Donde <strong>abrigo<\/strong> est\u00e1 por <strong>universo<\/strong> y <strong>bolsillos<\/strong> por <strong>artes<\/strong>, para dejarse llevar sin oponer resistencia, una vez reconocido que ese deseo no pudo ser y que, ser compositor, es sufrimiento siempre. As\u00ed que me dejo ir y me doy a los besos de la musa de la m\u00fasica (Naiade) o de cualquier musa que se avenga.<\/p>\n<p style=\"text-align: justify;\"><strong>\u00a0<a href=\"http:\/\/granadacostanacional.es\/wp-content\/uploads\/2021\/04\/Barriendo.jpg\"><img decoding=\"async\" loading=\"lazy\" class=\"aligncenter size-large wp-image-27930\" src=\"http:\/\/granadacostanacional.es\/wp-content\/uploads\/2021\/04\/Barriendo-683x1024.jpg\" alt=\"Barriendo\" width=\"683\" height=\"1024\" \/><\/a><\/strong><\/p>\n<p style=\"text-align: justify;\"><strong>PREGUNTA: Has editado innumerables \u00e1lbumes y discos triples, con gran parte de tu obra compuesta a lo largo de todos estos a\u00f1os. Como se siente uno, al saber que su obra se esta escuchando en miles de hogares y que es interpretada por diferentes m\u00fasicos, que han sabido apreciar en ella, ese algo especial que la hace \u00fanica. <\/strong><\/p>\n<p style=\"text-align: justify;\">\u00a0\u00a0\u00a0\u00a0\u00a0\u00a0\u00a0\u00a0\u00a0\u00a0\u00a0 RESPUESTA: La verdad es que pensar que mi m\u00fasica est\u00e1 siendo escuchada en miles de hogares es una verdadera locura. Digamos que alguien, de tanto en tanto, puede ser que escuche mi m\u00fasica en su hogar. No es la primera vez que, entrando en una casa donde no me esperaban, me ha sorprendido reconocer mi m\u00fasica, me ha ocurrido incluso en alguna tienda de ropa, en alg\u00fan restaurante y en una agencia de viajes. Sin duda eso tiene algo de m\u00e1gico porque mi m\u00fasica no se puede considerar comercial. Tambi\u00e9n es muy emotivo cuando recibes una carta, un email o un mensaje en el que un desconocido te agradece tal obra o tal otra por lo que ha significado.<\/p>\n<p style=\"text-align: justify;\">Durante la pandemia he venido a saber que ha sonado m\u00e1s de lo habitual la m\u00fasica de mi cd <strong><em>Una realidad paralela<\/em><\/strong> (banda sonora del documental hom\u00f3nimo de ALEA DF dirigido por Daniel Hern\u00e1ndez), por lo que me llega dicen que ha ayudado a encontrar algo de sosiego en un momento de incertidumbre, o que mis <strong><em>Siete canciones de soledad<\/em><\/strong> para violonchelo y piano han ayudado a pasar un luto, o padres y madres que han podido visualizar mejor y reaccionar al comportamiento de alg\u00fan hijo diab\u00e9tico (<strong><em>La Straordinaria Vita di Sugar Blood<\/em><\/strong>), o a un comportamiento bul\u00edmico (<strong><em>Lettre \u00e0 mon p\u00e8re<\/em><\/strong> de mi \u00f3pera <strong><em>Aprima\u2019t en 3 dies<\/em><\/strong>). Ese tipo de retorno me emociona porque significa que de alguna manera mi m\u00fasica ha conseguido ir m\u00e1s all\u00e1 de m\u00ed mismo. Y lo agradezco.<\/p>\n<p style=\"text-align: justify;\">Lo malo de esto es el \u201cego\u201d, que sube como la espuma y con facilidad, y has de parar un momento para reconocerlo, mirarle a los ojos y bajarle los humos, y en ese quehacer pierdes un tiempo precioso que podr\u00edas ocupar en la creaci\u00f3n o en la ocupaci\u00f3n de territorios lim\u00edtrofes.<\/p>\n<p style=\"text-align: justify;\"><strong>\u00a0\u00a0\u00a0\u00a0\u00a0\u00a0\u00a0\u00a0\u00a0\u00a0\u00a0 PREGUNTA: Te dejaste ver en diferentes programas televisivos de gran difusi\u00f3n, como OSADOS de Antena 3 y CR\u00d3NICAS MARCIANAS de Tele 5. Qu\u00e9 nos puedes contar de aquellas experiencias vividas con esas celebridades a las que deleitabas con tu poderosa voz, cantando arias de \u00f3peras, y dar tu toque cultural dentro de la programaci\u00f3n de televisi\u00f3n de aquellos a\u00f1os. <\/strong><\/p>\n<p style=\"text-align: justify;\">\u00a0\u00a0\u00a0\u00a0\u00a0\u00a0\u00a0\u00a0\u00a0\u00a0\u00a0 RESPUESTA: Bueno, en esas experiencias me lo pas\u00e9 muy bien, aunque tienen que ver m\u00e1s con mi yo curioso que con mi yo art\u00edstico. Es verdad que, hasta aquel momento, pocos cantantes de \u00f3pera o tal vez ninguno hab\u00edan hecho tanto el tonto p\u00fablicamente, y sorprend\u00eda; yo confieso que fueron experiencias de diversi\u00f3n pura y dura. Lo de <strong><em>OSADOS<\/em><\/strong> fue gracioso porque ninguna de las celebridades, a las que abordaba por sorpresa en situaciones de todo tipo, se esperaba que un loco se pusiese a cantar <em>a capella<\/em> un aria de \u00f3pera con un texto que hablaba sobre ellos delante de sus narices. Lo aceptaron de buen grado y con cari\u00f1o, desde Cindy Crawford a Chiquito de la Calzada pasando por Andy Garc\u00eda o Carmen Alborch, solamente Ra\u00fal, jugador del Real Madrid, sali\u00f3 corriendo y Pepe Navarro se enfad\u00f3 bastante y prohibi\u00f3 que se emitiera. Me dijo \u201cc\u00f3mo es posible que, con esa voz espl\u00e9ndida que tienes, cantes estas mierdas\u201d, me sorprendi\u00f3 porque \u00e9l estaba presentando y produciendo <em>\u00a1<\/em><em>Esta noche cruzamos el Mississippi! <\/em><\/p>\n<p style=\"text-align: justify;\">Lo de <strong><em>Cr\u00f3nicas<\/em><\/strong> fueron solamente tres apariciones absurdas y nada m\u00e1s. En cuanto a los programas de televisi\u00f3n, <strong><em>Bonic Vespre<\/em><\/strong>, un programa diario para la televisi\u00f3n de Catalunya (TV3), fue el m\u00e1s especial para m\u00ed. Cantaba, tocaba el piano y me dejaban improvisar bastante para lo que es el mundo de la TV, mi personaje era el de un compositor que estaba all\u00ed para componer una nueva \u00f3pera\u2026 y la verdad es que lo hac\u00eda, el ordenador que ten\u00eda en la mesa era el m\u00edo.<\/p>\n<p style=\"text-align: justify;\">Pero en los medios de comunicaci\u00f3n, la experiencia de la que me siento m\u00e1s orgulloso, creo que aport\u00e9 algo a la escena de la comunicaci\u00f3n musical, se llam\u00f3 <strong><em>TUTTO DEMESTRES<\/em><\/strong>, en COMR\u00e0dio, ocho temporadas en una radio generalista ofreciendo, desde un punto de vista muy personal, m\u00fasica cl\u00e1sica y \u00f3pera de todos los tiempos, apoyando a compositores en activo, a m\u00fasicos en activo, y a j\u00f3venes int\u00e9rpretes para los que se crearon y organizaron los <strong><em>Premis Tutto<\/em><\/strong>, \u00a1unos premios donde se estrenaban obras con normalidad! A\u00f1os de radio en los que se me permiti\u00f3 dejar volar mi imaginaci\u00f3n sin cortapisas gracias a Josep Maria Francino (subdirector y jefe de contenidos), que me propuso hacer el programa, y a Josep Ram\u00f3n Jovells (gerente), que no dud\u00f3 ni un momento en comprar un piano de media cola para el estudio n\u00famero 1 de la emisora muy a pesar de las presiones a las que le sometieron argumentando que no ten\u00eda sentido gastarse dinero en un instrumento musical pudiendo gast\u00e1rselo en deportes. Creo que por eso hubo programas en los que corr\u00eda alrededor de la mesa redonda del estudio esperando que, de alguna forma, mi programa se pudiese considerar un programa de deportes. Lo \u00fanico que consegu\u00ed aquellas veces fue acabar cansad\u00edsimo.<\/p>\n<p style=\"text-align: justify;\"><strong>\u00a0\u00a0\u00a0\u00a0\u00a0\u00a0\u00a0\u00a0\u00a0\u00a0\u00a0 PREGUNTA: Tambi\u00e9n has expuesto cuadros en diferentes exposiciones en Italia y has actuado para la Televisi\u00f3n, el Cine, el Teatro y m\u00e1s. De esas otras experiencias, que sensaciones han dejado en el fuero interno de Alberto, para su faceta como compositor y artista. Seguir\u00e1s exponiendo y actuando si alguien te lo ofrece. <\/strong><\/p>\n<p style=\"text-align: justify;\">\u00a0\u00a0\u00a0\u00a0\u00a0\u00a0\u00a0\u00a0\u00a0\u00a0\u00a0 RESPUESTA: Como te dec\u00eda, todas estas formas de expresi\u00f3n conviven en m\u00ed con naturalidad as\u00ed que las seguir\u00e9 exprimiendo cuando encuentre la ocasi\u00f3n porque disfruto haci\u00e9ndolo y siento que es una forma de encontrarme y conocerme. Para mi faceta como compositor son importantes porque estoy seguro de que, sin esas experiencias en todos esos \u00e1mbitos, sin ese darme el permiso de hacer todo lo que siento sin tener la necesidad de ser el mejor en nada, mi m\u00fasica ser\u00eda muy diferente. Todo se filtra. Yo me enriquezco y conmigo todo lo que hago, as\u00ed que mi m\u00fasica enriquece mis otras formas de expresi\u00f3n y al rev\u00e9s. Me gusta hacer proyectos como <strong>POEMAS PARA PINTAR<\/strong>, que empez\u00f3 siendo una parte de mi libro de poemas <strong>Suena de alabastro <\/strong>editado en la Colecci\u00f3n Gen\u00edl de la Diputaci\u00f3n de Granada. La idea era que el propio lector pintase en la p\u00e1gina en blanco que dej\u00e9 vac\u00eda al lado de la p\u00e1gina con el poema correspondiente. Yo mismo pint\u00e9 bastantes ejemplares que regal\u00e9 a artistas y amigos. Compuse la m\u00fasica para esos poemas e inclu\u00ed la obra en el compact disc <strong>Tutto Demestres \u2013 Chamber music II<\/strong> interpretando adem\u00e1s tanto la parte vocal como la pian\u00edstica. M\u00e1s tarde produje un video con la base musical del cd y mis dibujos en movimiento. As\u00ed que ya ves, es una obra en la que he podido expresarme desde muchos \u00e1ngulos diferentes (compositor, poeta, pintor, pianista, recitador, editor, productor) y ese tipo de actuaciones me hace inmensamente feliz.<\/p>\n<p style=\"text-align: justify;\"><strong>\u00a0\u00a0\u00a0\u00a0\u00a0\u00a0\u00a0\u00a0\u00a0\u00a0\u00a0 PREGUNTA: Has escrito y publicado poes\u00edas en revistas especializadas. Entiendo que la poes\u00eda es como componer m\u00fasica con palabras, y se de lo que hablo como poeta que tambi\u00e9n soy, desde los catorce a\u00f1os. Cuando compones un poema, te imaginas una orquesta, un cuarteto, un coro, o algo relacionado con tu faceta de compositor de m\u00fasica. Pues en cierto modo, siempre dejamos un trozo del alma, en cada creaci\u00f3n que terminamos y ofrecemos a los dem\u00e1s. <\/strong><\/p>\n<p style=\"text-align: justify;\">\u00a0\u00a0\u00a0\u00a0\u00a0\u00a0\u00a0\u00a0\u00a0\u00a0\u00a0 RESPUESTA: Cuando compongo un poema no imagino ninguna orquesta, cuarteto, coro\u2026 Si bien es cierto que una orquesta sideral me acompa\u00f1a desde que me levanto hasta que me acuesto. Es cierto que mientras escribo poemas, en mi cabeza escucho los elementos musicales que habitan en las palabras: ritmo, sonoridad, tempo, acentos\u2026 La palabra es m\u00fasica. La poes\u00eda es m\u00fasica. La vida es m\u00fasica. El silencio es m\u00fasica. T\u00fa y yo somos m\u00fasica, los lectores son m\u00fasica. El universo es m\u00fasica. \u00bfC\u00f3mo sonamos?<\/p>\n<p style=\"text-align: justify;\"><strong>\u00a0\u00a0\u00a0\u00a0\u00a0\u00a0\u00a0\u00a0\u00a0\u00a0\u00a0 PREGUNTA: La mayor\u00eda de los artistas tienen man\u00edas antes de salir al escenario que les aguarda, con un p\u00fablico expectante y ansioso por lo que se les va a ofrecer. En tu caso Alberto, nos puedes confesar salvo que sea un secreto inconfesable, si tienes alguna man\u00eda. O no existe ninguna que merezca la pena decir. <\/strong><\/p>\n<p style=\"text-align: justify;\">\u00a0\u00a0\u00a0\u00a0\u00a0\u00a0\u00a0\u00a0\u00a0\u00a0\u00a0 RESPUESTA: Man\u00edas antes de entrar a un escenario no tengo, que yo sea consciente. En cambio, cuando voy a empezar a componer una obra, sobre todo si es una obra de envergadura como las \u00f3peras, s\u00ed que suelo hacer algo que me indica que empiezo a estar preparado para afrontar esa obra: limpio a fondo el espacio donde trabajo e incluso cambio la disposici\u00f3n de los muebles. Ah\u00ed me doy cuenta de que la obra est\u00e1 empezando a fluir y que me pide paso e higiene al m\u00e1ximo. He de empezar a crear limpio de toda suciedad.<\/p>\n<p style=\"text-align: justify;\"><strong>\u00a0\u00a0\u00a0\u00a0\u00a0\u00a0\u00a0\u00a0\u00a0\u00a0\u00a0 PREGUNTA: Actualmente con todo esto del confinamiento que hemos dejado atr\u00e1s, por causa del COVID-19 que lamentablemente ha venido para quedarse. Pero que sigue acech\u00e1ndonos en el caso de que se vuelva a descontrolar la situaci\u00f3n. Donde se han perdido miles de trabajos, en los que la incertidumbre laboral de muchos sigue pendiente de un hilo, si el pa\u00eds no logra superar la crisis en la que nos encontramos. C\u00f3mo ve Alberto la situaci\u00f3n cultural del pa\u00eds, en el que Espa\u00f1a a diferencia de otros pa\u00edses, ha dejado a nuestras artes a la cola de las prioridades econ\u00f3micas de ayuda. Donde vemos panoramas incomprensibles, donde el teatro, los conciertos, etc\u2026 deben guardar unas distancias seg\u00fan las leyes establecidas para controlar los rebrotes, y en otros servicios eso no s\u00e9 ve que se aplique ni se respete. Qu\u00e9 opini\u00f3n nos puedes dar de toda esta situaci\u00f3n cr\u00edtica para nuestra cultura y nuestros artistas, que aclaman m\u00e1s apoyos y ayudas para salir vivos de todo eso. <\/strong><\/p>\n<p style=\"text-align: justify;\">\u00a0\u00a0\u00a0\u00a0\u00a0\u00a0\u00a0\u00a0\u00a0\u00a0\u00a0 RESPUESTA: No voy aqu\u00ed y ahora a descubrir que la situaci\u00f3n cultural del pa\u00eds, en l\u00edneas generales, ha sido deplorable desde tiempo inmemorial, y tampoco voy a descubrir que no hemos conocido nunca a nadie, con una cierta influencia, interesado sinceramente en cambiar dicho desprop\u00f3sito y que haya hecho lo necesario para revertirlo. Lo digo sin dolor, sin acritud y sin queja, aunque pueda parecer lo contrario. Llega un momento en que uno ha de saber reconocer las cosas como son y dejar de ir d\u00e1ndose golpes contra un muro que est\u00e1 tan bien cimentado. Lo \u00fanico que se me ocurre hacer es seguir creando, conocerme un poco m\u00e1s e intentar responderme a las preguntas de siempre: \u00bfqu\u00e9 hago aqu\u00ed?, \u00bfqu\u00e9 sentido tiene todo esto?, \u00bfd\u00f3nde he dejado el plato de sopa?&#8230;<\/p>\n<p style=\"text-align: justify;\">Que Espa\u00f1a \u2013incluida Catalunya- sea un pa\u00eds que ame poco y defienda poco su cultura, mucho menos su arte y a sus creadores, y ni te cuento si nos centramos en su m\u00fasica \u201cculta\u201d hist\u00f3rica o actual, no puede y no debe condicionarnos hasta hacernos bajar los brazos. Y para avalar lo escrito solamente hace falta analizar las programaciones de teatros, grandes teatros, teatros reales, teatros de las artes, auditorios\u2026 y ver que seguimos anclados en un repertorio basado en el pasado, donde la creaci\u00f3n musical actual tiene un espacio irrisorio, diminuto, residual, rid\u00edculo\u2026<\/p>\n<p style=\"text-align: justify;\">\u00bfPuedes imaginar que, con suerte, cada tres a\u00f1os se editase un \u00fanico libro de autor novel contempor\u00e1neo y que solamente lo pudieses leer o adquirir en una sola biblioteca o en una sola librer\u00eda?<\/p>\n<p style=\"text-align: justify;\">\u00bfLa pandemia ha empeorado esta situaci\u00f3n? Si me centro en el apoyo a la creaci\u00f3n musical, a los estrenos de obras\u2026 no veo c\u00f3mo se podr\u00eda empeorar la situaci\u00f3n en la que nos encontr\u00e1bamos, bueno, s\u00ed, podr\u00edan prohibirnos que sigamos creando. No demos ideas.<\/p>\n<p style=\"text-align: justify;\">Lo lastimoso del asunto es que estoy convencido de que la pandemia daba una oportunidad \u00fanica de mejora que se ha dejado escapar.<\/p>\n<p style=\"text-align: justify;\">Siempre se nos ha dicho que una de las poderosas razones para no programar obras contempor\u00e1neas es la falta de inter\u00e9s por parte del p\u00fablico y las dificultades para llenar aforos. Estas afirmaciones son muy discutibles porque existen ejemplos que demuestran tambi\u00e9n todo lo contrario, pero es que con la pandemia los aforos se han reducido a la mitad, por lo que el riesgo de no llenar ha disminuido notablemente. \u00bfNo crees? Pues ni en un momento tan particular como \u00e9ste se ha apostado por un repertorio actual que busque respuestas a nuestro hoy desde el arte.<\/p>\n<p style=\"text-align: justify;\">Veremos si en la pr\u00f3xima pandemia tenemos algo m\u00e1s de suerte.<\/p>\n<p style=\"text-align: justify;\"><a href=\"http:\/\/granadacostanacional.es\/wp-content\/uploads\/2021\/04\/CON-AGUA.jpg\"><img decoding=\"async\" loading=\"lazy\" class=\"aligncenter size-large wp-image-27931\" src=\"http:\/\/granadacostanacional.es\/wp-content\/uploads\/2021\/04\/CON-AGUA-768x1024.jpg\" alt=\"CON AGUA\" width=\"768\" height=\"1024\" \/><\/a><\/p>\n<p style=\"text-align: justify;\"><strong>\u00a0\u00a0\u00a0\u00a0\u00a0\u00a0\u00a0\u00a0\u00a0\u00a0\u00a0 PREGUNTA: Para concluir, existe alguna pregunta que te hubiera gustado haber respondido, pero que no has tenido ocasi\u00f3n de hacerlo. <\/strong><\/p>\n<p style=\"text-align: justify;\">Me hubiese encantado responderte con la soluci\u00f3n a la conjetura de Birch y Swinnerton-Dyer porque significar\u00eda tener el futuro asegurado econ\u00f3micamente para seguir componiendo sin ataduras y, posiblemente, para producir mis \u00f3peras y las de otros compositores vivos en un teatro de propiedad. Pero ser\u00e1 en otra ocasi\u00f3n porque hoy en d\u00eda no estoy capacitado para responderte con certeza a nada.<\/p>\n<p style=\"text-align: justify;\">\u00a0\u00a0\u00a0\u00a0\u00a0\u00a0\u00a0\u00a0\u00a0\u00a0\u00a0 .- Sin m\u00e1s, quiero agradecerte de nuevo, el tiempo que te has tomado en responder a todas estas preguntas, que espero sirvan para darte a conocer entre los lectores a los que llegue con esta entrevista. Espero tengas a bien, responder a unas pocas preguntas tipo test, que nos ayudar\u00e1n a conocerte un poco mejor.<\/p>\n<p style=\"text-align: justify;\">\u00a0\u00a0\u00a0\u00a0\u00a0\u00a0\u00a0\u00a0\u00a0\u00a0\u00a0 \u00a1Muchas gracias y \u00e9xitos, Alberto Garc\u00eda Demestres!<\/p>\n<p style=\"text-align: justify;\">.- Igualmente, Ricardo.<\/p>\n<p style=\"text-align: justify;\"><strong>\u00a0\u00a0\u00a0\u00a0\u00a0\u00a0\u00a0\u00a0\u00a0\u00a0\u00a0 PREGUNTAS TIPO TEST: <\/strong><\/p>\n<p style=\"text-align: justify;\">\u00a0\u00a0\u00a0\u00a0\u00a0\u00a0\u00a0\u00a0\u00a0\u00a0\u00a0 \u00bfUn personaje hist\u00f3rico?<\/p>\n<p style=\"text-align: justify;\">Juana I de Castilla, tambi\u00e9n llamada Juana la loca o <strong><em>Juana sin cielo<\/em><\/strong>.<\/p>\n<p style=\"text-align: justify;\">\u00a0\u00a0\u00a0\u00a0\u00a0\u00a0\u00a0\u00a0\u00a0\u00a0\u00a0 \u00bfUna \u00e9poca?<\/p>\n<p style=\"text-align: justify;\">Una buena \u00e9poca, una mala \u00e9poca y una \u00e9poca de ir tirando.<\/p>\n<p style=\"text-align: justify;\">\u00a0\u00a0\u00a0\u00a0\u00a0\u00a0\u00a0\u00a0\u00a0\u00a0\u00a0 \u00bfUn pintor?<\/p>\n<p style=\"text-align: justify;\"><em>Marta <\/em>de la novela <strong><em>Coraz\u00f3n de napalm<\/em><\/strong> (Clara Us\u00f3n, Editorial Seix Barral); <em>Mario Cavaradossi<\/em> de <strong><em>Tosca<\/em><\/strong> (Puccini).<\/p>\n<p style=\"text-align: justify;\">\u00a0\u00a0\u00a0\u00a0\u00a0\u00a0\u00a0\u00a0\u00a0\u00a0\u00a0 \u00bfUn escultor?<\/p>\n<p style=\"text-align: justify;\"><em>G.H. <\/em>de <strong><em>La pasi\u00f3n seg\u00fan G.H.<\/em><\/strong> (Clarice Lispector, Ediciones Siruela); <em>Edward Scissorhands (Eduardo Manostijeras) <\/em>en<em> <strong>Edward Scissorhands<\/strong><\/em> de Tim Burton.<\/p>\n<p style=\"text-align: justify;\">\u00a0\u00a0\u00a0\u00a0\u00a0\u00a0\u00a0\u00a0\u00a0\u00a0\u00a0 \u00bfUn escritor?<\/p>\n<p style=\"text-align: justify;\"><em>Malvin Udall<\/em> interpretado por Jack Nicholson en <strong><em>As Good As It Gets<\/em><\/strong> <em>(Mejor imposible)<\/em> de James L. Brooks; <strong><em>The Ghost Writer<\/em><\/strong> <em>(El escritor fantasma)<\/em> interpretado por Ewan McGregor en la pel\u00edcula de Roman Polanski\u2026<\/p>\n<p style=\"text-align: justify;\">\u00a0\u00a0\u00a0\u00a0\u00a0\u00a0\u00a0\u00a0\u00a0\u00a0\u00a0 \u00bfUn poeta?<\/p>\n<p style=\"text-align: justify;\"><em>Rodolfo<\/em> de <strong><em>La Boh\u00e8me<\/em><\/strong> (Giacomo Puccini); <em>Arturo Belano<\/em> de la novela <strong><em>Los detectives salvajes<\/em><\/strong> (Roberto Bola\u00f1o, Editorial Anagrama)\u2026<\/p>\n<p style=\"text-align: justify;\">\u00a0\u00a0\u00a0\u00a0\u00a0\u00a0\u00a0\u00a0\u00a0\u00a0\u00a0 \u00bfUn libro?<\/p>\n<p style=\"text-align: justify;\"><strong><em>El secreto hilvanado de M.M.<\/em><\/strong> Un libro que estoy esperando que su autora o autor confirme su existencia. Inicia as\u00ed: \u201cM.M., con una sonrisa de oreja a oreja y unos ojos abiertos de par en par, sac\u00f3 las serpientes y la dominaci\u00f3n femenina a colaci\u00f3n y dio por terminado el ayuno\u201d.<\/p>\n<p style=\"text-align: justify;\">\u00a0\u00a0\u00a0\u00a0\u00a0\u00a0\u00a0\u00a0\u00a0\u00a0\u00a0 \u00bfUna pel\u00edcula?<\/p>\n<p style=\"text-align: justify;\"><strong><em>War Requiem<\/em><\/strong> de Benjamin Britten dirigida por Derek Jarman y <strong><em>La Flauta M\u00e1gica<\/em><\/strong> de Mozart dirigida por Ingmar Bergman.<\/p>\n<p style=\"text-align: justify;\">\u00a0\u00a0\u00a0\u00a0\u00a0\u00a0\u00a0\u00a0\u00a0\u00a0\u00a0 \u00bfUn director de cine, teatro o televisi\u00f3n?<\/p>\n<p style=\"text-align: justify;\"><em>Caden Cotard<\/em> interpretado por Philip Seymur Hoffman en <strong><em>Synecdoche, New York<\/em><\/strong> de Charlie Kaufman\u2026<\/p>\n<p style=\"text-align: justify;\">\u00a0\u00a0\u00a0\u00a0\u00a0\u00a0\u00a0\u00a0\u00a0\u00a0\u00a0 \u00bfUn actor?<\/p>\n<p style=\"text-align: justify;\"><em>Isidoro M\u00e1iquez<\/em> pintado por Goya e interpretado por Alberto Garc\u00eda en la pel\u00edcula <em>Volaverunt<\/em> de Bigas Luna, <em>Sandy Kominski<\/em> interpretado por Michael Douglas en <strong><em>El M\u00e9todo Kominski<\/em><\/strong> o Charles Dickens cuando fue redactor del peri\u00f3dico <em>Mirror of Parliamen.<\/em><\/p>\n<p style=\"text-align: justify;\">\u00a0\u00a0\u00a0\u00a0\u00a0\u00a0\u00a0\u00a0\u00a0\u00a0\u00a0 \u00bfUna actriz?<\/p>\n<p style=\"text-align: justify;\">Elizabeth Taylor pintada por Andy Warhol; <em>Norma Desmon<\/em> interpretada por Gloria Swanson en la pel\u00edcula <strong><em>Sunset Boulevard<\/em><\/strong> de Billy Wilder o la nunca olvidada Cicactriz.<\/p>\n<p style=\"text-align: justify;\">\u00a0\u00a0\u00a0\u00a0\u00a0\u00a0\u00a0\u00a0\u00a0\u00a0\u00a0 \u00bfUn compositor?<\/p>\n<p style=\"text-align: justify;\"><em>Yo mismo<\/em>; Fred Ballinger interpretado por Michael Caine en la pel\u00edcula <strong><em>Youth <\/em><\/strong>de Paolo Sorrentino<em>; Charles \u201cCharlie\u201d Francis Harper<\/em>, compositor interpretado por Charlie Shenn en la sitcom<strong><em> Two and a Half Men<\/em><\/strong>\u2026<\/p>\n<p style=\"text-align: justify;\">\u00a0\u00a0\u00a0\u00a0\u00a0\u00a0\u00a0\u00a0\u00a0\u00a0\u00a0 \u00bfUn cantante?<\/p>\n<p style=\"text-align: justify;\">Antoni Comas, Luciano Pavarotti, Sondra Radvanovsky, <strong><em>La cantante calva<\/em><\/strong> de Eugen Ionescu\u2026<\/p>\n<p style=\"text-align: justify;\">\u00a0\u00a0\u00a0\u00a0\u00a0\u00a0\u00a0\u00a0\u00a0\u00a0\u00a0 \u00bfUn m\u00fasico?<\/p>\n<p style=\"text-align: justify;\">Los m\u00fasicos de Bremen. <strong><em>Die Bremer Stadtmusikanten<\/em><\/strong> (Grimm) y <strong><em>Fiddler on the Roof<\/em><\/strong> <em>(El violinista en el tejado)<\/em> de Jerry Bock\/Sheldon Harnick\/ JosephStein\/ NormanJewison\/ SholemAleichem\u2026<\/p>\n<p style=\"text-align: justify;\">\u00a0\u00a0\u00a0\u00a0\u00a0\u00a0\u00a0\u00a0\u00a0\u00a0\u00a0 \u00bfUna flor?<\/p>\n<p style=\"text-align: justify;\"><strong><em>Tournesols dans un base <\/em><\/strong>(<em>Girasoles en un jarr\u00f3n<\/em>) de Vincent van Gogh\u2026<\/p>\n<p style=\"text-align: justify;\">\u00a0\u00a0\u00a0\u00a0\u00a0\u00a0\u00a0\u00a0\u00a0\u00a0\u00a0 \u00bfUn animal?<\/p>\n<p style=\"text-align: justify;\">El conejo blanco de <strong><em>Alice\u2019s Adventures in Wonderland<\/em><\/strong> de Lewis Carrol; <strong><em>Tuonelan Jouste<\/em><\/strong> <em>(El Cisne de<\/em> <em>Tuonela)<\/em> de la Suite <strong><em>Lemmink\u00e4inen<\/em><\/strong> de Jean Sibelius; <strong><em>P\u0159\u00edhody li\u0161ky bystrou\u0161ky<\/em><\/strong> <em>(La zorrita astuta)<\/em> de Leo\u0161 Jan\u00e1\u010dek\u2026<\/p>\n<p style=\"text-align: justify;\">\u00a0\u00a0\u00a0\u00a0\u00a0\u00a0\u00a0\u00a0\u00a0\u00a0\u00a0 \u00bfUna estaci\u00f3n del a\u00f1o?<\/p>\n<p style=\"text-align: justify;\">La Primavera \u00c1rabe (2010-2012) y la estaci\u00f3n de metro Formosa Boulevard en Kaohsiung, Taiw\u00e1n, que fue premiada como estaci\u00f3n del a\u00f1o en 2012.<\/p>\n<p style=\"text-align: justify;\">\u00a0\u00a0\u00a0\u00a0\u00a0\u00a0\u00a0\u00a0\u00a0\u00a0\u00a0 \u00bfUn lugar donde residir?<\/p>\n<p style=\"text-align: justify;\"><strong><em>El jard\u00edn de las delicias<\/em><\/strong> de Jheronimus Bosch (El Bosco).<\/p>\n<p style=\"text-align: justify;\">\u00a0\u00a0\u00a0\u00a0\u00a0\u00a0\u00a0\u00a0\u00a0\u00a0\u00a0 \u00bfUn lugar que te gustar\u00eda visitar antes de morir?<\/p>\n<p style=\"text-align: justify;\">Rotorua, Nueva Zelanda.<br \/>\nA ver si, con algo de suerte, el embajador neozeland\u00e9s lee la entrevista y me cursa una invitaci\u00f3n para disfrutar unos meses all\u00ed con todos los gastos pagados para componer una sinfon\u00eda, un ciclo de canciones o incluso una \u00f3pera inspirado por el lugar y su cultura. De hecho, mi \u00f3pera <strong><em>L\u2019Eclipsi<\/em><\/strong> (<em>El eclipse<\/em>) acaba con toda la compa\u00f1\u00eda cantando \u201cNos vamos a Nueva Zelanda\u201d.<\/p>\n<p style=\"text-align: justify;\">\u00a0\u00a0\u00a0\u00a0\u00a0\u00a0\u00a0\u00a0\u00a0\u00a0\u00a0 \u00bfUn color?<\/p>\n<p style=\"text-align: justify;\"><strong><em>Bleu<\/em><\/strong> (Az\u00fal) de Krzysztof Kie<u>\u015b<\/u>lowski; tambi\u00e9n siento cierta afinidad con el medio ocre.<\/p>\n<p style=\"text-align: right;\"><strong>Entrevista por Ricardo Campos Urbaneja<\/strong><\/p>\n<p style=\"text-align: right;\"><strong>Ir\u00fan<\/strong><\/p>\n<p style=\"text-align: right;\"><strong>Fotograf\u00eda<\/strong><\/p>\n<p style=\"text-align: right;\"><strong>May Zircus<\/strong><\/p>\n<p style=\"text-align: right;\"><a href=\"http:\/\/churrianadelavega.org\/\"><img decoding=\"async\" loading=\"lazy\" class=\"aligncenter size-full wp-image-26009\" src=\"http:\/\/granadacostanacional.es\/wp-content\/uploads\/2020\/11\/Churriana-de-la-Vega-web-1.gif\" alt=\"Churriana de la Vega web\" width=\"689\" height=\"567\" \/><\/a><\/p>\n<p>&nbsp;<\/p>\n","protected":false},"excerpt":{"rendered":"<p>Tengo el privilegio de entrevistar al compositor Alberto Garc\u00eda Demestres (Barcelona, mayo 1960). Aunque definirlo como compositor, se nos quedar\u00eda&hellip;<\/p>\n","protected":false},"author":3,"featured_media":27933,"comment_status":"open","ping_status":"open","sticky":false,"template":"","format":"standard","meta":{"om_disable_all_campaigns":false,"_mi_skip_tracking":false,"_monsterinsights_sitenote_active":false,"_monsterinsights_sitenote_note":"","_monsterinsights_sitenote_category":0,"footnotes":""},"categories":[21],"tags":[],"aioseo_notices":[],"_links":{"self":[{"href":"https:\/\/granadacostaglobal.es\/index.php?rest_route=\/wp\/v2\/posts\/27928"}],"collection":[{"href":"https:\/\/granadacostaglobal.es\/index.php?rest_route=\/wp\/v2\/posts"}],"about":[{"href":"https:\/\/granadacostaglobal.es\/index.php?rest_route=\/wp\/v2\/types\/post"}],"author":[{"embeddable":true,"href":"https:\/\/granadacostaglobal.es\/index.php?rest_route=\/wp\/v2\/users\/3"}],"replies":[{"embeddable":true,"href":"https:\/\/granadacostaglobal.es\/index.php?rest_route=%2Fwp%2Fv2%2Fcomments&post=27928"}],"version-history":[{"count":0,"href":"https:\/\/granadacostaglobal.es\/index.php?rest_route=\/wp\/v2\/posts\/27928\/revisions"}],"wp:featuredmedia":[{"embeddable":true,"href":"https:\/\/granadacostaglobal.es\/index.php?rest_route=\/"}],"wp:attachment":[{"href":"https:\/\/granadacostaglobal.es\/index.php?rest_route=%2Fwp%2Fv2%2Fmedia&parent=27928"}],"wp:term":[{"taxonomy":"category","embeddable":true,"href":"https:\/\/granadacostaglobal.es\/index.php?rest_route=%2Fwp%2Fv2%2Fcategories&post=27928"},{"taxonomy":"post_tag","embeddable":true,"href":"https:\/\/granadacostaglobal.es\/index.php?rest_route=%2Fwp%2Fv2%2Ftags&post=27928"}],"curies":[{"name":"wp","href":"https:\/\/api.w.org\/{rel}","templated":true}]}}