{"id":27923,"date":"2021-04-12T09:10:12","date_gmt":"2021-04-12T09:10:12","guid":{"rendered":"http:\/\/granadacostanacional.es\/?p=27923"},"modified":"2021-04-12T09:10:12","modified_gmt":"2021-04-12T09:10:12","slug":"como-especie-las-plantas-superan-al-humano","status":"publish","type":"post","link":"https:\/\/granadacostaglobal.es\/?p=27923","title":{"rendered":"COMO ESPECIE, LAS PLANTAS SUPERAN AL HUMANO"},"content":{"rendered":"<p style=\"text-align: justify;\">Un especialista en Neurobiolog\u00eda vegetal de la Universidad de Florencia Dr. Stefano Mancuso, asegura que, \u201clos humanos, como especie, somos m\u00e1s est\u00fapidos que las plantas, y est\u00e1 convencido que tenemos much\u00edsimo que aprender de ellas&#8230;\u201d<\/p>\n<p style=\"text-align: justify;\">\u00a0La verdad es que no puedo por menos que estar de acuerdo con dicho profesor, a juzgar por mi experiencia de cuarenta a\u00f1os observando el comportamiento de las diferentes especies que he venido plantando. Concretamente y por poner un ejemplo muy actual: el \u00e1rbol del aguacate cuando le falta el agua extiende su sistema radicular buscando la humedad de los \u00e1rboles vecinos y ellos se avienen a tal ayuda sin problema alguno. Ello puede resultar un inconveniente tambi\u00e9n, porque el comportamiento natural de dicha planta de recurrir a su vecino cuando tiene un problema de salud, puede contagiarle la plaga que tuviera; es el caso del aguacate con la Phytophthora Cinnamomi o peor a\u00fan, de la Rosellinia Necatrix si estuviera infectado.<\/p>\n<p style=\"text-align: justify;\">\u00a0Pero el Dr. Stefano Mancuso conocido por \u201cel hombre que habla con las plantas\u201d, cuando as\u00ed se lo dec\u00edan, \u00e9l contestaba que, \u201cyo empezar\u00eda a preocuparme cuando ellas me respondieran.\u201d Y a\u00f1ad\u00eda: \u201cEmpec\u00e9 a estudiarlas en la universidad, pero cuando hice el doctorado observ\u00e9 que las ra\u00edces buscaban el camino m\u00e1s corto para superar los obst\u00e1culos. Ese simple experimento demostraba que eran capaces de sentir el entorno y calcular la m\u00e1s eficiente soluci\u00f3n. En los \u00faltimos a\u00f1os me he centrado precisamente en la comunicaci\u00f3n, pero no la m\u00eda con las plantas, sino entre ellas. Los resultados son incre\u00edbles porque intercambian mucha informaci\u00f3n, en algunos casos m\u00e1s que los animales que tambi\u00e9n lo hacen como las plantas cuando tienen problemas, para garantizarse la propia supervivencia\u201d.<\/p>\n<p><a href=\"http:\/\/granadacostanacional.es\/wp-content\/uploads\/2021\/04\/STEFANO-MANCUSO.-FOTO-th.jpg\"><img decoding=\"async\" loading=\"lazy\" class=\"aligncenter wp-image-27924\" src=\"http:\/\/granadacostanacional.es\/wp-content\/uploads\/2021\/04\/STEFANO-MANCUSO.-FOTO-th.jpg\" alt=\"STEFANO MANCUSO. FOTO th\" width=\"300\" height=\"168\" \/><\/a><\/p>\n<p style=\"text-align: center;\"><em><strong>Stefano Mancuso<\/strong><\/em><\/p>\n<p style=\"text-align: justify;\">\u00a0El italiano Mancuso est\u00e1 reconocido como una de las m\u00e1ximas autoridades mundiales en el campo de la neurobiolog\u00eda vegetal. Es profesor asociado de la Universidad de Florencia y tiene publicados m\u00e1s de 250 art\u00edculos. Recientemente viaj\u00f3 a Chile para exponer en el Congreso del Futuro la cuestionada disciplina sobre los vegetales, donde como acad\u00e9mico del Departamento de Ciencias Ambientales de la Universidad, vers\u00f3 sobre su libro titulado \u201cSensibilidad e inteligencia en el Mundo Vegetal\u201d.<\/p>\n<p style=\"text-align: justify;\">\u00a0Entre sus muchas entrevistas y conferencias, dice \u201cque se puede afirmar que la plantas son seres inteligentes. Y dependiendo de la definici\u00f3n que se tenga de la inteligencia y las que suelen utilizarse est\u00e1n relacionadas con el hombre o con los animales que son muy parecidos, pero seg\u00fan mi opini\u00f3n, la inteligencia es la capacidad de resolver problemas. Si consideramos la inteligencia de esta forma, podemos decir que las plantas son seres muy inteligentes y podemos aprender muchas cosas de ellas. En primer lugar, el respeto por el entorno. No encontrar\u00e1s una planta que arruine el medio del cual depende su vida. Y muestra su habilidad para construir comunidades, como consecuencia de su imposibilidad para moverse. Las plantas duermen y su sue\u00f1o es parecido al que tienen los animales; ellas tienen tambi\u00e9n un ciclo activo durante el d\u00eda y un ciclo de descanso durante la noche y ese descanso es muy parecido al nuestro. Las plantas se comunican mucho y bien a trav\u00e9s de mol\u00e9culas vol\u00e1tiles. Cuando olemos el perfume de una flor, estamos oliendo un mensaje que la flor est\u00e1 lanzando a los insectos informando de un ataque o de un peligro. Las mol\u00e9culas vol\u00e1tiles est\u00e1n en la base de toda la informaci\u00f3n de las plantas y su olfato puede ser algo parecido al o\u00eddo de los animales y de los seres humanos\u201d.<\/p>\n<p><a href=\"http:\/\/granadacostanacional.es\/wp-content\/uploads\/2021\/04\/Dr.-Mancuso.-jpg.jpg\"><img decoding=\"async\" loading=\"lazy\" class=\"aligncenter wp-image-27925\" src=\"http:\/\/granadacostanacional.es\/wp-content\/uploads\/2021\/04\/Dr.-Mancuso.-jpg.jpg\" alt=\"Dr. Mancuso. jpg\" width=\"300\" height=\"212\" \/><\/a><\/p>\n<p style=\"text-align: center;\"><strong><em>Dr. Mancuso<\/em><\/strong><\/p>\n<p style=\"text-align: justify;\">\u00a0De las interesant\u00edsimas ense\u00f1anzas obtenidas de los escritos y manifestaciones del Dr. Mancuso, quiero destacar dos conclusiones personales: Que las plantas reconocen a sus parientes y se comportan de forma diferente si son de su familia o no aquellas que tienen cerca, y cuando no son familiares habr\u00e1 una competici\u00f3n en su desarrollo y tendr\u00e1n menos prestancia y consistencia.<\/p>\n<p style=\"text-align: justify;\">\u00a0Ha venido a mi recuerdo Luis Sarasola, creador del Rancho California (Almu\u00f1\u00e9car), cuando me dec\u00eda que \u00e9l hablaba con los \u00e1rboles de aguacate y le entend\u00edan perfectamente. Creo que aquel gran amigo ten\u00eda sus razones para decirlo, y en su lejana \u00e9poca antes de fallecer, no pudo conocer las ense\u00f1anzas y seguridades del italiano Stefano Mancuso.<\/p>\n<p>&nbsp;<\/p>\n<p style=\"text-align: right;\"><strong>Juli\u00e1n D\u00edaz Robledo<\/strong><\/p>\n<p style=\"text-align: right;\"><strong><a href=\"http:\/\/www.frutasfajardo.com\/\"><img decoding=\"async\" loading=\"lazy\" class=\"aligncenter size-full wp-image-25928\" src=\"http:\/\/granadacostanacional.es\/wp-content\/uploads\/2020\/11\/Frutas-Fajardo-1.gif\" alt=\"Frutas Fajardo\" width=\"590\" height=\"425\" \/><\/a><\/strong><\/p>\n","protected":false},"excerpt":{"rendered":"<p>Un especialista en Neurobiolog\u00eda vegetal de la Universidad de Florencia Dr. Stefano Mancuso, asegura que, \u201clos humanos, como especie, somos&hellip;<\/p>\n","protected":false},"author":3,"featured_media":18457,"comment_status":"open","ping_status":"open","sticky":false,"template":"","format":"standard","meta":{"om_disable_all_campaigns":false,"_mi_skip_tracking":false,"_monsterinsights_sitenote_active":false,"_monsterinsights_sitenote_note":"","_monsterinsights_sitenote_category":0,"footnotes":""},"categories":[21],"tags":[],"aioseo_notices":[],"_links":{"self":[{"href":"https:\/\/granadacostaglobal.es\/index.php?rest_route=\/wp\/v2\/posts\/27923"}],"collection":[{"href":"https:\/\/granadacostaglobal.es\/index.php?rest_route=\/wp\/v2\/posts"}],"about":[{"href":"https:\/\/granadacostaglobal.es\/index.php?rest_route=\/wp\/v2\/types\/post"}],"author":[{"embeddable":true,"href":"https:\/\/granadacostaglobal.es\/index.php?rest_route=\/wp\/v2\/users\/3"}],"replies":[{"embeddable":true,"href":"https:\/\/granadacostaglobal.es\/index.php?rest_route=%2Fwp%2Fv2%2Fcomments&post=27923"}],"version-history":[{"count":0,"href":"https:\/\/granadacostaglobal.es\/index.php?rest_route=\/wp\/v2\/posts\/27923\/revisions"}],"wp:featuredmedia":[{"embeddable":true,"href":"https:\/\/granadacostaglobal.es\/index.php?rest_route=\/"}],"wp:attachment":[{"href":"https:\/\/granadacostaglobal.es\/index.php?rest_route=%2Fwp%2Fv2%2Fmedia&parent=27923"}],"wp:term":[{"taxonomy":"category","embeddable":true,"href":"https:\/\/granadacostaglobal.es\/index.php?rest_route=%2Fwp%2Fv2%2Fcategories&post=27923"},{"taxonomy":"post_tag","embeddable":true,"href":"https:\/\/granadacostaglobal.es\/index.php?rest_route=%2Fwp%2Fv2%2Ftags&post=27923"}],"curies":[{"name":"wp","href":"https:\/\/api.w.org\/{rel}","templated":true}]}}