{"id":27917,"date":"2021-04-10T08:54:55","date_gmt":"2021-04-10T08:54:55","guid":{"rendered":"http:\/\/granadacostanacional.es\/?p=27917"},"modified":"2021-04-10T08:54:55","modified_gmt":"2021-04-10T08:54:55","slug":"coronavirus-miedo-y-sedentarismo","status":"publish","type":"post","link":"https:\/\/granadacostaglobal.es\/?p=27917","title":{"rendered":"CORONAVIRUS, MIEDO Y SEDENTARISMO"},"content":{"rendered":"<p style=\"text-align: justify;\">El coronavirus es una enfermedad grave, que como una gran met\u00e1fora, quiz\u00e1s una alegor\u00eda continuada, ha puesto en forma de pandemia y contra las cuerdas nuestra salud a nivel global. Sin embargo pese a la necesidad de prevenci\u00f3n y prudencia, y dentro de otros factores que inciden en la comorbilidad y en las muertes prematuras de personas, como bien sabe la clase m\u00e9dica, y cualquiera que piense un poco, detr\u00e1s de todo ello aparecen factores como el miedo a salir a la calle, algo as\u00ed como la agorafobia, ahora frente a la prohibida reuni\u00f3n, y a juntarse, aparece lo que se ha denominado o as\u00ed se podr\u00eda llamar como la <em>coronafobia.<\/em> Y por no desarrollar muchos factores al respecto, s\u00f3lo dir\u00e9 uno que amenaza como una espada de Damocles nuestra salud en las civilizaciones modernas occidentales, el sedentarismo. El exceso de peso da por tanto lugar a que muchas enfermedades que son subyacentes, aparezcan o emerjan con mayor virulencia, en ese poco salir a la calle, en ese poco deporte etc\u2026 Tales como el colesterol, la hipertensi\u00f3n, la diabetes, obesidad, algunos tipos de c\u00e1ncer, los ictus etc\u2026 Y por tanto ya no se sabe en algunos casos si el ictus da por el corona, o da por el sedentarismo, o da simplemente por un factor que tambi\u00e9n ha aumentado la ansiedad y la depresi\u00f3n, y que dispara tambi\u00e9n otros marcadores peligrosos, como el estr\u00e9s.<\/p>\n<p style=\"text-align: justify;\">Por ello la presente carta es para que las autoridades sean de nivel local, regional, nacional, o a qui\u00e9n corresponda, sin descuidar la vigilancia y prevenci\u00f3n del coronavirus, promuevan de alguna manera m\u00e1s activa, una mayor actividad f\u00edsica de todos, porque el sedentarismo es el enemigo silencioso que nos vigila. La \u00faltima noticia es la que hoy hemos recibido, nuestros hijos se pasan o nos pasamos, nos meteremos todos, un 76% m\u00e1s en el m\u00f3vil y dem\u00e1s aplicaciones, en vez de salir a la calle, al campo, a ver la Primavera\u2026Algo debemos de estar haciendo mal, porque la gente no s\u00f3lo se muere de coronavirus, sino de todas esas enfermedades subyacentes expuestas que conlleva el paquete del sedentarismo.<\/p>\n<p style=\"text-align: justify;\">Granada a 9 de abril de 2021.<\/p>\n<p style=\"text-align: right;\"><strong>Fdo. Eduardo M. ORTEGA MARTIN.<\/strong><\/p>\n<p style=\"text-align: right;\"><strong>Investigador.<\/strong><\/p>\n<p style=\"text-align: right;\"><strong>Granada.<\/strong><\/p>\n<p style=\"text-align: right;\"><a href=\"http:\/\/granadacostanacional.es\/meson-baena\/\"><img decoding=\"async\" loading=\"lazy\" class=\"aligncenter size-full wp-image-25874\" src=\"http:\/\/granadacostanacional.es\/wp-content\/uploads\/2020\/10\/baena.gif\" alt=\"baena\" width=\"696\" height=\"567\" \/><\/a><\/p>\n","protected":false},"excerpt":{"rendered":"<p>El coronavirus es una enfermedad grave, que como una gran met\u00e1fora, quiz\u00e1s una alegor\u00eda continuada, ha puesto en forma de&hellip;<\/p>\n","protected":false},"author":3,"featured_media":27918,"comment_status":"open","ping_status":"open","sticky":false,"template":"","format":"standard","meta":{"om_disable_all_campaigns":false,"_mi_skip_tracking":false,"_monsterinsights_sitenote_active":false,"_monsterinsights_sitenote_note":"","_monsterinsights_sitenote_category":0,"footnotes":""},"categories":[30],"tags":[],"aioseo_notices":[],"_links":{"self":[{"href":"https:\/\/granadacostaglobal.es\/index.php?rest_route=\/wp\/v2\/posts\/27917"}],"collection":[{"href":"https:\/\/granadacostaglobal.es\/index.php?rest_route=\/wp\/v2\/posts"}],"about":[{"href":"https:\/\/granadacostaglobal.es\/index.php?rest_route=\/wp\/v2\/types\/post"}],"author":[{"embeddable":true,"href":"https:\/\/granadacostaglobal.es\/index.php?rest_route=\/wp\/v2\/users\/3"}],"replies":[{"embeddable":true,"href":"https:\/\/granadacostaglobal.es\/index.php?rest_route=%2Fwp%2Fv2%2Fcomments&post=27917"}],"version-history":[{"count":0,"href":"https:\/\/granadacostaglobal.es\/index.php?rest_route=\/wp\/v2\/posts\/27917\/revisions"}],"wp:featuredmedia":[{"embeddable":true,"href":"https:\/\/granadacostaglobal.es\/index.php?rest_route=\/"}],"wp:attachment":[{"href":"https:\/\/granadacostaglobal.es\/index.php?rest_route=%2Fwp%2Fv2%2Fmedia&parent=27917"}],"wp:term":[{"taxonomy":"category","embeddable":true,"href":"https:\/\/granadacostaglobal.es\/index.php?rest_route=%2Fwp%2Fv2%2Fcategories&post=27917"},{"taxonomy":"post_tag","embeddable":true,"href":"https:\/\/granadacostaglobal.es\/index.php?rest_route=%2Fwp%2Fv2%2Ftags&post=27917"}],"curies":[{"name":"wp","href":"https:\/\/api.w.org\/{rel}","templated":true}]}}