{"id":27851,"date":"2021-04-05T10:23:09","date_gmt":"2021-04-05T10:23:09","guid":{"rendered":"http:\/\/granadacostanacional.es\/?p=27851"},"modified":"2021-04-05T10:23:09","modified_gmt":"2021-04-05T10:23:09","slug":"la-importancia-mundial-del-agua","status":"publish","type":"post","link":"https:\/\/granadacostaglobal.es\/?p=27851","title":{"rendered":"LA IMPORTANCIA MUNDIAL DEL AGUA"},"content":{"rendered":"<p style=\"text-align: justify;\">El d\u00eda 22 de marzo auspiciado por Naciones Unidas, se celebr\u00f3 internacionalmente \u201cEl d\u00eda mundial del agua\u201d. Una fecha que deb\u00edamos recordar y celebrar de manera muy especial en Espa\u00f1a, donde cada verano la riqu\u00edsima agricultura mediterr\u00e1nea, sobre todo, llena las p\u00e1ginas period\u00edsticas y de numerosos medios, lamentando la carencia de agua que obliga a numerosas plantaciones hist\u00f3ricas a echar el cierre a sus campos, mayormente familiares, y buscar otros trabajos si es que los hubiese.<\/p>\n<p style=\"text-align: justify;\">\u00a0\u00a0 Ha venido a mi recuerdo una vez m\u00e1s, y decid\u00ed escribir el presente art\u00edculo, por las numerosas veces que acudo al ritual de cada d\u00eda a lavarme las manos, procurando protegerme en la actual crisis sanitaria que nos afecta con tan lamentable pandemia y que el agua es un elemento fundamental para proteger nuestra salud y la de la familia.<\/p>\n<p style=\"text-align: justify;\">\u00a0\u00a0 Reci\u00e9n estrenada la primavera y a la hora exacta de la noche, tan bendita estaci\u00f3n regal\u00f3 a guisa de saludo a la seca Axarqu\u00eda, un peque\u00f1o chapuz\u00f3n de lluvia que mucho agradecieron los aguacates que todav\u00eda quedaban colgados de los \u00e1rboles, y como preludio de futuras lluvias que cabe esperar en Semana Santa y hasta la llegada del cercano mes de mayo.<\/p>\n<p style=\"text-align: justify;\">\u00a0\u00a0 No tengo autoridad para dar ideas a los pol\u00edticos, pero s\u00ed la suficiente por lo que afecta a la agricultura tropical, en v\u00edsperas de las elecciones madrile\u00f1as, para recordar a los partidos concurrentes, que, seg\u00fan la Agencia Europea del Medio Ambiente, \u201cEspa\u00f1a es el pa\u00eds de la UE m\u00e1s vulnerable al cambio clim\u00e1tico y el que sufre un mayor estr\u00e9s h\u00eddrico de todo el continente\u201d. \u00a0Los pol\u00edticos pocas veces se refieren a la escasez de agua en tantas elecciones como venimos padeciendo, salvo en momentos puntuales de sequ\u00eda.\u00a0 \u00a0Despu\u00e9s, suelen ser los pueblos agr\u00edcolas los que, en cada situaci\u00f3n extrema, elevan sus exigencias a la gobernanza responsable del caso, sin que ofrezcan gesti\u00f3n alguna inmediata. Y as\u00ed, van pasando los a\u00f1os sin que los cambios de gobernantes aporten alguna soluci\u00f3n.<\/p>\n<p style=\"text-align: justify;\"><a href=\"http:\/\/granadacostanacional.es\/wp-content\/uploads\/2021\/04\/Foto-con-el-Presidente.jpg\"><img decoding=\"async\" loading=\"lazy\" class=\"aligncenter wp-image-27853\" src=\"http:\/\/granadacostanacional.es\/wp-content\/uploads\/2021\/04\/Foto-con-el-Presidente-193x300.jpg\" alt=\"Foto con el Presidente\" width=\"250\" height=\"389\" \/><\/a><\/p>\n<p style=\"text-align: justify;\">\u00a0\u00a0\u00a0 Tengo delante un art\u00edculo fechado el 8 de diciembre de 2018 cuyo titular dice<em>: \u201cCasado y todos sus barones pactan un plan para recentralizar el agua\u201d.<\/em> Y es el nuevo presidente del PP Sr.\u00a0 Casado, quien hace unas declaraciones esperanzadoras diciendo \u201cfrente a la par\u00e1lisis del actual gobierno, queremos que la pol\u00edtica de agua sea nacional; no puede ser que haya 17 pol\u00edticas distintas y que el \u00a0\u00a0agricultor est\u00e9 a expensas del pol\u00edtico de turno\u201d. Y a\u00f1ad\u00eda, que \u201cno se propon\u00eda devolver la competencia h\u00eddrica, sino recentralizarla en lo relativo a los trasvases, para acotarlos desde el Estado. \u00a0Lo que se recentraliza son las decisiones auton\u00f3micas\u201d a\u00f1ad\u00eda&#8230;<\/p>\n<p style=\"text-align: justify;\">\u00a0\u00a0 En fechas posteriores, el Sr. Moreno Bonilla, nuevo presidente de la Junta de Andaluc\u00eda, en una visita que reuni\u00f3 a los socios de la Cooperativa Trops, manifest\u00f3 su especial\u00edsimo inter\u00e9s por ayudar a la agricultura tropical de la Axarqu\u00eda y buscar soluciones a la problem\u00e1tica de la sequ\u00eda empezando por gestionar el posible trasvase de las aguas excedentes del pantano de la Concepci\u00f3n para reconducirlas a la Vi\u00f1uela, en lugar de que se viertan en el mar como ven\u00eda sucediendo.<\/p>\n<p style=\"text-align: justify;\">\u00a0\u00a0 Merece recordar al PP, ahora que tendr\u00e1 ocasi\u00f3n de mencionarlo en su campa\u00f1a de elecciones de Madrid, que los regantes del arco mediterr\u00e1neo vienen exigiendo soluciones definitivas para el d\u00e9ficit h\u00eddrico que padecemos y que afecta dram\u00e1ticamente al futuro de numerosas plantaciones arb\u00f3reas, entre ellas los aguacates y mangos que tanta riqueza procuran a las tierras andaluzas.<\/p>\n<p style=\"text-align: justify;\">\n<p style=\"text-align: right;\"><strong>Juli\u00e1n D\u00edaz Robledo<\/strong><\/p>\n","protected":false},"excerpt":{"rendered":"<p>El d\u00eda 22 de marzo auspiciado por Naciones Unidas, se celebr\u00f3 internacionalmente \u201cEl d\u00eda mundial del agua\u201d. Una fecha que&hellip;<\/p>\n","protected":false},"author":3,"featured_media":18457,"comment_status":"open","ping_status":"open","sticky":false,"template":"","format":"standard","meta":{"om_disable_all_campaigns":false,"_mi_skip_tracking":false,"_monsterinsights_sitenote_active":false,"_monsterinsights_sitenote_note":"","_monsterinsights_sitenote_category":0,"footnotes":""},"categories":[21],"tags":[],"aioseo_notices":[],"_links":{"self":[{"href":"https:\/\/granadacostaglobal.es\/index.php?rest_route=\/wp\/v2\/posts\/27851"}],"collection":[{"href":"https:\/\/granadacostaglobal.es\/index.php?rest_route=\/wp\/v2\/posts"}],"about":[{"href":"https:\/\/granadacostaglobal.es\/index.php?rest_route=\/wp\/v2\/types\/post"}],"author":[{"embeddable":true,"href":"https:\/\/granadacostaglobal.es\/index.php?rest_route=\/wp\/v2\/users\/3"}],"replies":[{"embeddable":true,"href":"https:\/\/granadacostaglobal.es\/index.php?rest_route=%2Fwp%2Fv2%2Fcomments&post=27851"}],"version-history":[{"count":0,"href":"https:\/\/granadacostaglobal.es\/index.php?rest_route=\/wp\/v2\/posts\/27851\/revisions"}],"wp:featuredmedia":[{"embeddable":true,"href":"https:\/\/granadacostaglobal.es\/index.php?rest_route=\/"}],"wp:attachment":[{"href":"https:\/\/granadacostaglobal.es\/index.php?rest_route=%2Fwp%2Fv2%2Fmedia&parent=27851"}],"wp:term":[{"taxonomy":"category","embeddable":true,"href":"https:\/\/granadacostaglobal.es\/index.php?rest_route=%2Fwp%2Fv2%2Fcategories&post=27851"},{"taxonomy":"post_tag","embeddable":true,"href":"https:\/\/granadacostaglobal.es\/index.php?rest_route=%2Fwp%2Fv2%2Ftags&post=27851"}],"curies":[{"name":"wp","href":"https:\/\/api.w.org\/{rel}","templated":true}]}}