{"id":27747,"date":"2021-03-24T11:15:20","date_gmt":"2021-03-24T11:15:20","guid":{"rendered":"http:\/\/granadacostanacional.es\/?p=27747"},"modified":"2021-03-24T11:15:20","modified_gmt":"2021-03-24T11:15:20","slug":"desencanto-desesperacion-ruina-y-muerte","status":"publish","type":"post","link":"https:\/\/granadacostaglobal.es\/?p=27747","title":{"rendered":"DESENCANTO, DESESPERACI\u00d3N, RUINA Y MUERTE"},"content":{"rendered":"<h4 style=\"text-align: justify;\">OPINI\u00d3N<\/h4>\n<p style=\"text-align: justify;\">\u201cTal es esta extra\u00f1a Iberia: mezclas e interferencias entre Europa y \u00c1frica, entre Mediterr\u00e1neo y Atl\u00e1ntico, entre Oriente y Occidente, entre cristianos y musulmanes; pa\u00eds bisagra, aunque el m\u00e1s aislado, la \u201csuper\u00ednsula\u201d de Europa, pa\u00eds cuya historia est\u00e1 atravesada de resplandores intensos y de profundos eclipses.<\/p>\n<p style=\"text-align: justify;\">En turnos sucesivos, brilla con la primera civilizaci\u00f3n de Occidente, la de Tartessos, es c\u00e9lebre en la \u00e9poca romana, centellea bajo lominaci\u00f3n \u00e1rabe, es el teatro de la \u00fanica cruzada cristiana que haya realmente triunfado, la tierra de los mayores descubrimientos, la organizadora del m\u00e1s extenso y vivo imperio colonial que en el mundo ha sido, quien ha hecho latino los dos tercios del Nuevo Mundo; hoy despu\u00e9s de terribles pruebas y guerras intestinas, se encuentra en plena recuperaci\u00f3n.<\/p>\n<p style=\"text-align: justify;\">Es en conjunto, una regi\u00f3n verdaderamente henchida de una epopeya hist\u00f3rica grandiosa, uno de los orgullos de la historia humana\u201d.<\/p>\n<p style=\"text-align: justify;\">Estas palabras las escribi\u00f3 en el a\u00f1o 1960 el historiador y ge\u00f3grafo franc\u00e9s <strong>PIERRE DEFFONTAINES<\/strong>. Las nuevas generaciones que lean este p\u00e1rrafo sin duda pensar\u00e1n que es ciencia ficci\u00f3n, pues echando un vistazo en la actualidad a la Espa\u00f1a que tenemos no es cre\u00edble. Pero teniendo en cuenta la personalidad de su autor no cabe duda de que es cierto lo que dice, esa fue la ESPA\u00d1A que tuvimos cuando los que mandaban eran personas con formaci\u00f3n, honradas capaces, valientes y dispuestas a dar la vida por el engrandecimiento de su Patria. Y cabr\u00eda preguntarse \u00bfes que ahora no las tenemos? Basta con echar un vistazo en el panorama pol\u00edtico y saldremos de dudas.<\/p>\n<p style=\"text-align: justify;\">Hace unos d\u00edas vimos y o\u00edmos al ex presidente del Gobierno, el simplic\u00edsimo Sr. Zapatero explicar, en la televisi\u00f3n subvencionada, lo que era la democracia. Fue tan penoso que habr\u00eda que decir como a los ni\u00f1os de 8 \u00f3 10 a\u00f1os cuando no saben contestar a una pregunta: \u201cestaba aturrullado\u201d. Los gestos de la periodista lo dec\u00edan todo. Y uno se pregunta: \u00bfY esto fue Presidente del Gobierno de Espa\u00f1a durante 8 a\u00f1os? Despu\u00e9s cosas peores \u00edbamos a ver. Caso parecido ver\u00edamos en la vicepresidente do\u00f1a Carmen Calvo cuando trat\u00f3 de explicar lo que era un EXPERTO. En cuanto al ex ministro de Sanidad, Sr. Illa, \u201cel de la triste figura\u201d y su experto con su \u201cexpertituz\u201d que dir\u00eda la vicepresidenta. El Dr. Sim\u00f3n y su \u201cpico de la curva\u201d, y su \u201cen Espa\u00f1a tendremos como mucho dos o tres casos detectados\u201d. Y vamos ya con los cien mil muertos y millones de contagiados. Otra lumbrera tenemos en Sra. Yolanda D\u00edaz, Ministra de Trabajo, cuando trat\u00f3 de explicar en tv lo que eran los ERTES. Va hacia los 8 millones de parados, pero sin embargo, no tuvo empacho en hacer de inquisidor sobre la dignidad del Rey Em\u00e9rito, don Juan Carlos; la Sra. Ministra de Educaci\u00f3n Celaa: \u201clos hijos no son de los padres\u201d. \u00bfQu\u00e9 podr\u00edamos decir de esos dos ministerios de la nada, Consumo de Garz\u00f3n, que \u201cel jam\u00f3n es comida basura\u201d, o que el turismo \u201ces un bien precario\u201d. El ministerio de Igualdad, Sra. Irene Montero va a rebajarse su sueldo, a cambiar de vivienda y a hacer posible que los hombres puedan quedar embarazados, o quiz\u00e1 que a cualquier familia le encante que su hija, su mujer o su abuela puedan ir por la calle \u201csolas y borrachas\u201d.<\/p>\n<p style=\"text-align: justify;\">En cuanto a la c\u00fapula, qu\u00e9 diremos del Sr. Vicepresidente del Gobierno, Sr. Iglesias, que se mofa de los s\u00edmbolos de Espa\u00f1a: Bandera e Himno Nacional: \u201ccutre pachanga fachosa\u201d, que defiende a los terroristas, a separatistas y otros de la misma cala\u00f1a\u2026 que para defender a los pobres cambia de un pisito de protecci\u00f3n oficial a una gran mansi\u00f3n residencial fuertemente defendida por la Guardia Civil, a quienes detesta.<\/p>\n<p style=\"text-align: justify;\">El Sr. Presidente del Gobierno, Sr. S\u00e1nchez es el no va m\u00e1s. Tiene en su haber la mayor tasa de paro de la Comunidad Europea, el mayor n\u00famero de empresas destruidas, el mayor endeudamiento, la peor gesti\u00f3n de la pandemia con cien mil muertos y millones de contagios confirmado por los medios de comunicaci\u00f3n internacionales, sin embargo, presume de su buena gesti\u00f3n. Claro que para eso tiene en su poder a los medios de comunicaci\u00f3n comprados o silenciados al m\u00e1s puro estilo NAZI: \u201csalimos m\u00e1s fuertes\u201d, \u201cno vamos a dejar a nadie atr\u00e1s\u201d; y para subrayar estas proclamas se saca de la manga como un gran prestidigitador, miles de millones para repartir a las empresas, dinero que no llega a ninguna parte porque no existe; eso s\u00ed, s\u00ed hay para repartir a las asociaciones y fundaciones y medios de comunicaci\u00f3n que le hacen su propaganda para perpetuarse en el poder. El no va m\u00e1s de este tierno, sensible Presidente fue dar el p\u00e9same a Bildu en la tribuna del Parlamento, por el suicidio de un asesino etarra en la c\u00e1rcel, sin embargo, no le remuerde la conciencia ni se conmueve por las 857 personas inocentes asesinadas por ETA, ni los cien mil muertos por coronavirus.<\/p>\n<p style=\"text-align: justify;\">As\u00ed que estos gobernantes in\u00fatiles han conseguido en poco tiempo hacer una piltrafa de una Espa\u00f1a, hasta no hace mucho, rica y respetada.<\/p>\n<p style=\"text-align: justify;\">As\u00ed que tenemos una Espa\u00f1a arruinada y endeudada, una sociedad enferma, desesperada, desencantada pero, no obstante, el Presidente presume de su estupenda gesti\u00f3n en todos los aspectos, su pose fija o en movimiento es triunfante. Este narciso puede que sea castigado por su arrogancia y no se convertir\u00e1 en flor blanca con centro de oro sino en otra cosa.<\/p>\n<p style=\"text-align: justify;\">Todo esto ocurre ante la pasividad de los ciudadanos, y lo que es m\u00e1s lacerante, de los partidos de la oposici\u00f3n que para tapar su inoperancia abogan por la est\u00fapida MODERACI\u00d3N.<\/p>\n<p style=\"text-align: justify;\">Henri Kissinger, que algo sab\u00eda de pol\u00edtica, le dijo a cierto jefe de gobierno indeciso, pusil\u00e1nime y MODERADO como el PP: \u201cSe\u00f1or Presidente a nadie se le recompensa por ejercer la moderaci\u00f3n\u201d.<\/p>\n<p style=\"text-align: justify;\">Finalmente, aunque los medios de comunicaci\u00f3n lo ignoren, lo cierto es que la sociedad est\u00e1 desesperada y a punto de explosi\u00f3n. Los muertos por la negligencia e irresponsabilidad de este Gobierno en el tratamiento de la pandemia piden justicia desde el otro mundo y sus familiares tambi\u00e9n le piden desde \u00e9ste. Los quieren ver juzgados y en la c\u00e1rcel.<\/p>\n<p>&nbsp;<\/p>\n<p style=\"text-align: right;\"><strong>Rogelio Bustos Almendros<\/strong><\/p>\n<p style=\"text-align: right;\"><a href=\"https:\/\/www.restauranteelpenon.es\/\"><img decoding=\"async\" loading=\"lazy\" class=\"aligncenter size-full wp-image-25846\" src=\"http:\/\/granadacostanacional.es\/wp-content\/uploads\/2020\/10\/Pe\u00f1\u00f3n-s.gif\" alt=\"Pe\u00f1\u00f3n s\" width=\"850\" height=\"562\" \/><\/a><\/p>\n","protected":false},"excerpt":{"rendered":"<p>OPINI\u00d3N \u201cTal es esta extra\u00f1a Iberia: mezclas e interferencias entre Europa y \u00c1frica, entre Mediterr\u00e1neo y Atl\u00e1ntico, entre Oriente y&hellip;<\/p>\n","protected":false},"author":3,"featured_media":16441,"comment_status":"open","ping_status":"open","sticky":false,"template":"","format":"standard","meta":{"om_disable_all_campaigns":false,"_mi_skip_tracking":false,"_monsterinsights_sitenote_active":false,"_monsterinsights_sitenote_note":"","_monsterinsights_sitenote_category":0,"footnotes":""},"categories":[30],"tags":[],"aioseo_notices":[],"_links":{"self":[{"href":"https:\/\/granadacostaglobal.es\/index.php?rest_route=\/wp\/v2\/posts\/27747"}],"collection":[{"href":"https:\/\/granadacostaglobal.es\/index.php?rest_route=\/wp\/v2\/posts"}],"about":[{"href":"https:\/\/granadacostaglobal.es\/index.php?rest_route=\/wp\/v2\/types\/post"}],"author":[{"embeddable":true,"href":"https:\/\/granadacostaglobal.es\/index.php?rest_route=\/wp\/v2\/users\/3"}],"replies":[{"embeddable":true,"href":"https:\/\/granadacostaglobal.es\/index.php?rest_route=%2Fwp%2Fv2%2Fcomments&post=27747"}],"version-history":[{"count":0,"href":"https:\/\/granadacostaglobal.es\/index.php?rest_route=\/wp\/v2\/posts\/27747\/revisions"}],"wp:featuredmedia":[{"embeddable":true,"href":"https:\/\/granadacostaglobal.es\/index.php?rest_route=\/"}],"wp:attachment":[{"href":"https:\/\/granadacostaglobal.es\/index.php?rest_route=%2Fwp%2Fv2%2Fmedia&parent=27747"}],"wp:term":[{"taxonomy":"category","embeddable":true,"href":"https:\/\/granadacostaglobal.es\/index.php?rest_route=%2Fwp%2Fv2%2Fcategories&post=27747"},{"taxonomy":"post_tag","embeddable":true,"href":"https:\/\/granadacostaglobal.es\/index.php?rest_route=%2Fwp%2Fv2%2Ftags&post=27747"}],"curies":[{"name":"wp","href":"https:\/\/api.w.org\/{rel}","templated":true}]}}