{"id":27728,"date":"2021-03-25T09:06:53","date_gmt":"2021-03-25T09:06:53","guid":{"rendered":"http:\/\/granadacostanacional.es\/?p=27728"},"modified":"2021-03-25T09:06:53","modified_gmt":"2021-03-25T09:06:53","slug":"yo-sere-la-ultima","status":"publish","type":"post","link":"https:\/\/granadacostaglobal.es\/?p=27728","title":{"rendered":"\u201cYo ser\u00e9 la \u00faltima\u201d"},"content":{"rendered":"<h4>Opini\u00f3n<\/h4>\n<p style=\"text-align: justify;\">No suele defraudar el Papa a bordo de los aviones que le llevan a la Santa Sede despu\u00e9s de un viaje, liberado de la presi\u00f3n de su agenda. As\u00ed sucedi\u00f3, d\u00edas pasados, cuando regresaba de Irak acompa\u00f1ado en el avi\u00f3n por un buen n\u00famero de periodistas. El viaje hab\u00eda sido intenso e inolvidable. \u201cNo me imaginaba las ruinas de Mosul; me qued\u00e9 sin palabras\u201d, cont\u00f3 el Papa. Aun as\u00ed, lo que m\u00e1s le conmovi\u00f3 fue el testimonio de una mujer en Qaraqosh. \u201cUna mujer que perdi\u00f3 a su hijo en los primeros bombardeos en 2014, y dijo una palabra: \u2018Perd\u00f3n, yo los perdono\u2019. Y pidi\u00f3 perd\u00f3n para ellos. Seg\u00fan el Santo Padre, esta palabra, perd\u00f3n, la hemos olvidado: \u201cSabemos condenar a lo grande, y yo el primero. Tenemos que perdonar. Esto fue lo que m\u00e1s me impact\u00f3 en Qaraqosh\u201d.<\/p>\n<p style=\"text-align: justify;\">Pese a los riesgos, uno de los motivos que impulsaron al Papa a viajar a Irak, dijo a los periodistas, fue el libro <em>\u2018Yo ser\u00e1 la \u00faltima\u2019<\/em> de Nadia Murad, la chica yazid\u00ed del norte de Irak, convertida con miles de otras mujeres en esclava sexual del \u201ccalifato\u201d, hasta que logr\u00f3 escapar. El Papa aconsej\u00f3 a los periodistas, leerlo. Yo lo estoy leyendo.<\/p>\n<p style=\"text-align: justify;\">El libro es una narraci\u00f3n cruda y aterradora del genocidio religioso y la vida en cautiverio bajo el Estado Isl\u00e1mico de una joven superviviente yazid\u00ed. Con v\u00edvidos detalles y aut\u00e9ntica y desgarradora emoci\u00f3n, la autora relata no solo su inimaginable tragedia, sino tambi\u00e9n la de todo el pueblo, el suyo, que el resto del mundo ignora. Nadia Murad forma parte de esa historia larga e invisible de mujeres fuertes e indomables a las que ni la violaci\u00f3n practicada como t\u00e1ctica de guerra ha podido doblegar, que siguen en pie y est\u00e1n dispuestas a romper el odio silencioso impuesto, y a exigir justicia y libertad para sus hermanas. Nadie cuenta los peores horrores a los que fue sometida. Una persona no comprende como un ser humano puede hacer sufrir tanto a otro ser. Y como una persona pueda aguantar tanto sufrimiento e ignomia. Habr\u00e1 que llegar a la conclusi\u00f3n de que, entre todos los seres mam\u00edferos que pueblan la tierra, el peor de todos, es el hombre.<\/p>\n<p style=\"text-align: justify;\">Con 84 a\u00f1os, un coraz\u00f3n cansado, unas caderas temblorosas, el Covid desatado y la amenaza evidente de un posible atentado armado, Francisco se plant\u00f3 en Irak con un mensaje tan sencillo como valioso: \u201cLa verdadera religiosidad es adorar a Dios y amar al pr\u00f3jimo. La ofensa m\u00e1s blasfema es profanar el nombre de Dios odiando al hermano\u201d. El Papa ha conseguido, adem\u00e1s, que musulmanes chi\u00edes y sun\u00edes, cristianos, mandeos y yazid\u00edes rezasen junto a \u00e9l en Ur, la cuna de Abraham.<\/p>\n<p>&nbsp;<\/p>\n<p style=\"text-align: right;\"><strong><em>Mateo Cladera<\/em><\/strong><\/p>\n<p style=\"text-align: right;\"><strong><em>Periodista<\/em><\/strong><\/p>\n<p style=\"text-align: right;\"><a href=\"https:\/\/www.valenzuela.es\/\"><img decoding=\"async\" loading=\"lazy\" class=\"aligncenter wp-image-26234 size-medium\" src=\"http:\/\/granadacostanacional.es\/wp-content\/uploads\/2020\/11\/Valenzuela-300x247.gif\" alt=\"Valenzuela\" width=\"300\" height=\"247\" \/><\/a><\/p>\n<p><em>\u00a0<\/em><\/p>\n<p>&nbsp;<\/p>\n","protected":false},"excerpt":{"rendered":"<p>Opini\u00f3n No suele defraudar el Papa a bordo de los aviones que le llevan a la Santa Sede despu\u00e9s de&hellip;<\/p>\n","protected":false},"author":3,"featured_media":25259,"comment_status":"open","ping_status":"open","sticky":false,"template":"","format":"standard","meta":{"om_disable_all_campaigns":false,"_mi_skip_tracking":false,"_monsterinsights_sitenote_active":false,"_monsterinsights_sitenote_note":"","_monsterinsights_sitenote_category":0,"footnotes":""},"categories":[30],"tags":[],"aioseo_notices":[],"_links":{"self":[{"href":"https:\/\/granadacostaglobal.es\/index.php?rest_route=\/wp\/v2\/posts\/27728"}],"collection":[{"href":"https:\/\/granadacostaglobal.es\/index.php?rest_route=\/wp\/v2\/posts"}],"about":[{"href":"https:\/\/granadacostaglobal.es\/index.php?rest_route=\/wp\/v2\/types\/post"}],"author":[{"embeddable":true,"href":"https:\/\/granadacostaglobal.es\/index.php?rest_route=\/wp\/v2\/users\/3"}],"replies":[{"embeddable":true,"href":"https:\/\/granadacostaglobal.es\/index.php?rest_route=%2Fwp%2Fv2%2Fcomments&post=27728"}],"version-history":[{"count":0,"href":"https:\/\/granadacostaglobal.es\/index.php?rest_route=\/wp\/v2\/posts\/27728\/revisions"}],"wp:featuredmedia":[{"embeddable":true,"href":"https:\/\/granadacostaglobal.es\/index.php?rest_route=\/"}],"wp:attachment":[{"href":"https:\/\/granadacostaglobal.es\/index.php?rest_route=%2Fwp%2Fv2%2Fmedia&parent=27728"}],"wp:term":[{"taxonomy":"category","embeddable":true,"href":"https:\/\/granadacostaglobal.es\/index.php?rest_route=%2Fwp%2Fv2%2Fcategories&post=27728"},{"taxonomy":"post_tag","embeddable":true,"href":"https:\/\/granadacostaglobal.es\/index.php?rest_route=%2Fwp%2Fv2%2Ftags&post=27728"}],"curies":[{"name":"wp","href":"https:\/\/api.w.org\/{rel}","templated":true}]}}