{"id":27713,"date":"2021-03-22T12:08:34","date_gmt":"2021-03-22T12:08:34","guid":{"rendered":"http:\/\/granadacostanacional.es\/?p=27713"},"modified":"2021-03-22T12:08:34","modified_gmt":"2021-03-22T12:08:34","slug":"la-aceptacion-de-los-hijosas","status":"publish","type":"post","link":"https:\/\/granadacostaglobal.es\/?p=27713","title":{"rendered":"La aceptaci\u00f3n de los hijos\/as."},"content":{"rendered":"<h1><\/h1>\n<h1 style=\"text-align: justify;\"><\/h1>\n<p style=\"text-align: justify;\"><strong>La aceptaci\u00f3n <\/strong>de que cada persona es diferente, hemos de diferenciar el hecho de que no aceptemos algunas de las conductas, con la no aceptaci\u00f3n a la persona. Y en ning\u00fan caso hacer comparaciones con hermanos o compa\u00f1eros porque, lejos de estimular un cambio de conducta, lo que haremos ser\u00e1 reforzar lo que no es aceptado.<\/p>\n<p style=\"text-align: justify;\">Es importante el poder ayudar a desarrollar sus capacidades, habilidades y sus recursos personales para que crezca de manera arm\u00f3nica y enfrente con autonom\u00eda las situaciones y los conflictos propios de las diversas edades.<\/p>\n<p style=\"text-align: justify;\">En cuanto a las responsabilidades han de ser otorgadas, adecuadas a la edad y contexto, sin un exceso de exigencia superior a sus capacidades.<\/p>\n<p style=\"text-align: justify;\">No olvidemos que hemos de darles la oportunidad de aceptar y desarrollar sus propias iniciativas, y en el caso de que estas no sean aceptadas, les razonaremos los motivos.<\/p>\n<table>\n<tbody>\n<tr>\n<td width=\"538\">&nbsp;<\/p>\n<p>A veces los padres, se preguntan si hacen lo correcto, si est\u00e1n educando bien a sus hijos, si no se estar\u00e1n equivocando\u2026 si son demasiado duros, demasiado blandos pero, cuando un padre se hace todas estas preguntas, es porque realmente le preocupa la educaci\u00f3n de sus hijos.<\/p>\n<p>&nbsp;<\/td>\n<\/tr>\n<\/tbody>\n<\/table>\n<p style=\"text-align: justify;\">\nDesde que el ni\u00f1o nace est\u00e1 envuelto en personas que forman parte de su vida, todos ellos, muestran\u00a0 maneras de ser diferentes, y es dentro de este entorno donde el ni\u00f1o va formando su personalidad, porque aprende de lo que ve y de las conductas de su entorno. Por tanto, las actitudes que algunos miembros de la familia puedan realizar, las circunstancias cotidianas en las que vive, ser\u00e1 un ejemplo en el cual el ni\u00f1o ir\u00e1 creciendo y se ir\u00e1 formando su idea de vida y su idea del mundo.<\/p>\n<p style=\"text-align: justify;\">Como tambi\u00e9n su escala de valores. No olvidemos nunca que los padres, los tutores, la familia, la escuela, forman equipo y que ser\u00eda aconsejable que un miembro nunca desautorice a otro, porque esto provocar\u00e1 en el ni\u00f1o inseguridades, y se cuestionar\u00e1 cu\u00e1l es el camino correcto, e incluso, lo que es peor, podr\u00eda jugar a realizar aquellas normas que m\u00e1s le convinieran.<\/p>\n<p style=\"text-align: justify;\">Los ni\u00f1os se forman una idea de ellos mismos en funci\u00f3n de lo que piensan sus padres, sus maestros, su familia y amigos. El autoconcepto es fundamental ante la vida.<\/p>\n<p style=\"text-align: justify;\">\u00a0Hemos de confiar en las capacidades encoraj\u00e1ndolos, motiv\u00e1ndolos, para que tengan una visi\u00f3n positiva de ellos mismos y esto, le ayudar\u00e1\u00a0 desde su rendimiento escolar\u2026 al inter\u00e9s que puedan mostrar en la realizaci\u00f3n de actividades cotidianas.<\/p>\n<p style=\"text-align: justify;\">\u00a0\u00a0\u00a0 El apoyo que le pueden dar los padres y los profesores, la valoraci\u00f3n que ellos hagan, ser\u00e1 determinante en sus actuaciones, los padres y profesores siempre tienen expectativas con los hijos y alumnos, pero es bueno que le digan que se espera de ellos, pero siempre, teniendo en cuenta los intereses del ni\u00f1o y\u00a0 las potencialidades que pudieran tener.<\/p>\n<p>Es fundamental ser realistas, porque a veces, lo que se espera de los hijos no es lo que pueden llegar a ser, a veces es m\u00e1s e1 c\u00famulo de deseos nuestros, que los intereses y necesidades de nuestros hijos.<\/p>\n<p><u>\u00a0<\/u><\/p>\n<table>\n<tbody>\n<tr>\n<td width=\"538\">&nbsp;<\/p>\n<p>Hemos de escuchar, escuchar m\u00e1s, leer la cara de nuestros hijos y nuestros alumnos para ver qu\u00e9 es lo que est\u00e1 pasando y crear un clima propicio para que nos lo digan.<\/p>\n<p>No olvidemos que los hijos crecen y no son los beb\u00e9s que un d\u00eda nacieron, por tanto, no se puede tratar a un adolescente igual que un ni\u00f1o m\u00e1s peque\u00f1o\u2026 ni a un joven como si fuera un adulto, cada edad tiene sus procesos, conflictos y necesidades. Por tanto, es necesario establecer una buena relaci\u00f3n, de cooperaci\u00f3n y di\u00e1logo, de confianza y respeto.<\/p>\n<p><u>\u00a0<\/u><\/td>\n<\/tr>\n<\/tbody>\n<\/table>\n<p style=\"text-align: justify;\"><strong>Cuentos desde mi cometa: He aprobado las mates.<\/strong><\/p>\n<p style=\"text-align: justify;\">Nuria sab\u00eda qu<a href=\"http:\/\/granadacostanacional.es\/wp-content\/uploads\/2021\/03\/cometa1.jpg\"><img decoding=\"async\" loading=\"lazy\" class=\"size-full wp-image-27714 alignleft\" src=\"http:\/\/granadacostanacional.es\/wp-content\/uploads\/2021\/03\/cometa1.jpg\" alt=\"cometa1\" width=\"156\" height=\"114\" \/><\/a>e al llegar a casa sus padres le preguntar\u00edan porque la ve\u00edan contenta al regresar del colegio.<\/p>\n<p style=\"text-align: justify;\">Hab\u00eda salido puntual, al tocar el timbre, anunciando el fin de las clases ella ya estaba preparada con sus libros ordenados y el abrigo abrochado en esa tarde de invierno.<\/p>\n<p style=\"text-align: justify;\">\u00a0 Se sent\u00eda contenta porque su profesora le hab\u00eda valorado mucho su mejora en la asignatura de matem\u00e1ticas, y que todos los ejercicios de ese d\u00eda los hubiera podido hacer sin dificultad.<\/p>\n<p style=\"text-align: justify;\">Recorr\u00eda las calles que llevaba a su casa, junto a Luisa, su amiga y compa\u00f1era de 5\u00ba curso de primaria, le iba contando lo satisfecha que se sent\u00eda cuando las cosas le sal\u00edan bien, porque as\u00ed, al llegar a su casa y sus padres le preguntar\u00e1n:<\/p>\n<p style=\"text-align: justify;\">-\u00bfQu\u00e9 tal el d\u00eda?- podr\u00eda decirle todo lo que hab\u00eda aprendido en el colegio-.<\/p>\n<p style=\"text-align: justify;\">\u00a0Los padres de Nuria siempre se interesaron mucho por todo lo que a ella le suced\u00eda; Si estaba triste le preguntaban por qu\u00e9 y conversaban sobre el tema; Si estaba contenta le preguntaban sobre el motivo de su alegr\u00eda y as\u00ed, compart\u00edan todos los momentos, pero sus padres tambi\u00e9n lo hac\u00edan con ella y su hermano Jaime y entre todos,\u00a0 hablaban de alegr\u00edas\u2026\u00a0 de tristeza\u2026 y c\u00f3mo hacer que el d\u00eda a d\u00eda fuera m\u00e1s bonito compartiendo emociones juntos.<\/p>\n<p style=\"text-align: justify;\">Esa ma\u00f1ana, Nuria hab\u00eda podido realizar los problemas de matem\u00e1ticas que tanto esfuerzo le costaban y se sent\u00eda muy orgullosa -ya que cuando tenemos conflictos en la vida lo importante es afrontarlos e intentar superarlos- y ella lo hab\u00eda conseguido siguiendo las recomendaciones de sus padres, estaba contenta y valoraba la importancia de tener siempre una manocerca que nos ayude a ver los conflictos de una manera diferente pudi\u00e9ndonos aconsejar.<\/p>\n<p style=\"text-align: justify;\">Al llegar a su casa su madre le pregunto:<\/p>\n<ul style=\"text-align: justify;\">\n<li>\u00bfY esa sonrisa\u2026?<\/li>\n<\/ul>\n<p style=\"text-align: justify;\">Ella, acostumbrada a notar el cari\u00f1o de sus padres le dijo:<\/p>\n<ul style=\"text-align: justify;\">\n<li>Tengo una buena noticia\u2026 \u00bfRecuerdas que no me sal\u00edan esos problemas de matem\u00e1ticas\u2026?<\/li>\n<\/ul>\n<ul style=\"text-align: justify;\">\n<li>Si dime, te costaban mucho terminarlos \u2013respondi\u00f3 Isabel, su madre-<\/li>\n<\/ul>\n<ul style=\"text-align: justify;\">\n<li>Pues esta semana, repas\u00e9 toda la lecci\u00f3n y tambi\u00e9n volv\u00ed a estudiar la lecci\u00f3n anterior. Cuando estaba en clase atend\u00eda todo lo que la profesora explicaba y\u2026 \u00a1Ten\u00edas raz\u00f3n mam\u00e1!, t\u00fa me dec\u00edas que: Si prestaba un poco de atenci\u00f3n en clase, conseguir\u00eda resolverlo, \u00a1y as\u00ed ha sido!<\/li>\n<\/ul>\n<p style=\"text-align: justify;\">Isabel animaba a su hija cuando la ve\u00eda preocupada, y la ni\u00f1a fue creciendo sabiendo que exteriorizar los sentimientos y expresar las emociones es necesario para la buena convivencia. No siempre fue f\u00e1cil, Nuria era la mayor de dos hermanos y al principio de nacer, Isabel se sent\u00eda un poco abrumada, pese a estar de baja maternal, eran muchas las novedades en casa, organizaci\u00f3n, horas de lactancia&#8230; Todo ello, l\u00f3gicamente, compartido con Fernando el padre del Nuria.<\/p>\n<p style=\"text-align: justify;\">Fue una \u00e9poca de aprender, de saber que la mejor manera de educar es desde el cari\u00f1o, desde el respeto, marcando normas y pautas, creando l\u00edmites, y que estos, est\u00e9n adaptados a las necesidades que presenta cada ni\u00f1o. Sabiendo que cada ni\u00f1o es \u00fanico y diferente.<\/p>\n<p style=\"text-align: justify;\">Fueron tiempos en que, a veces, la rebeld\u00eda de Nuria hac\u00eda que tuviera que recordarle los buenos valores. Siendo consciente de que la educaci\u00f3n era la formaci\u00f3n de su hija como persona.<\/p>\n<ul style=\"text-align: justify;\">\n<li>\u00a1Mam\u00e1! -Exclam\u00f3 Nuria-Me voy a poner la merienda \u00bft\u00fa ya has merendado?<\/li>\n<\/ul>\n<ul style=\"text-align: justify;\">\n<li>He comprado fruta y la he puesto en el frigor\u00edfico.<\/li>\n<\/ul>\n<p style=\"text-align: justify;\">Nuria merend\u00f3 y recogi\u00f3 la mesa pero\u2026 se olvid\u00f3 de colocar el resto de las mandarinas en su sitio, dej\u00e1ndolas sobre la repisa de la cocina. Su madre al ver la fruta desordenada le dijo:<\/p>\n<ul style=\"text-align: justify;\">\n<li>Nuria la fruta se conserva mejor en la nevera.<\/li>\n<\/ul>\n<p style=\"text-align: justify;\">Y Nuria que a veces se despistaba fue y las coloc\u00f3. En ocasiones, se le hab\u00eda de recordar las normas, porque las ganas de jugar con su hermano peque\u00f1o al llegar del colegio eran superiores a seguir las pautas de orden.<\/p>\n<p style=\"text-align: justify;\">Fernando llego a casa, hab\u00eda sido un d\u00eda, donde por motivos de trabajo, tuvo que conducir horas y horas para visitar clientes, pero ya estaba con su familia. As\u00ed pues, apago el m\u00f3vil de trabajo, el mismo que recuperar\u00eda el d\u00eda siguiente para hacer su ruta comercial.<\/p>\n<p style=\"text-align: justify;\">Fue a la cocina donde estaba Isabel y le dio un beso, \u00e9l no era muy amigo de los besos cuando era m\u00e1s joven, cre\u00eda que era un puro formulismo, pero un d\u00eda se dio cuenta de que los besos y los abrazos alegran a los dem\u00e1s y le alegraban a \u00e9l al sentirse querido. Un d\u00eda aprendi\u00f3 que el regalar es la mejor manera de compartir.<\/p>\n<p style=\"text-align: justify;\">Se dirigi\u00f3 a la habitaci\u00f3n donde estaba Nuria y Jaime y con una sonrisa les dijo:<\/p>\n<ul style=\"text-align: justify;\">\n<li>\u00a1Qu\u00e9 ganas ten\u00eda de llegar a casa estar con vosotros y poderos dar un abrazo!<\/li>\n<\/ul>\n<ul style=\"text-align: justify;\">\n<li>El d\u00eda ha sido largo, estoy cansado me voy al sof\u00e1 un ratito, pero antes os ayudar\u00e9 a ducharos, recordar de recoger todos los juguetes, -a\u00f1adi\u00f3 dirigi\u00e9ndose a Nuria y a Jaime con las construcciones esparcidas por la habitaci\u00f3n- As\u00ed la habitaci\u00f3n estar\u00e1 bonita y arreglada y ma\u00f1ana a la hora de jugar estar\u00e1 todo en su sitio.<\/li>\n<li>\u00a1Vale papa! Lo recogeremos con cuidado. -Respondi\u00f3 el peque\u00f1o Jaime, que con sus 4 a\u00f1os le encantaba hacer torres construy\u00e9ndolas pieza a pieza, y alguna vez, perd\u00eda algunas en el camino, para hallarla d\u00edas despu\u00e9s detr\u00e1s de una puerta o silla.<\/li>\n<\/ul>\n<ul style=\"text-align: justify;\">\n<li>Hemos de hablar,-a\u00f1adi\u00f3 Fernando con voz tierna mirando a Nuria-porque me ha dicho mam\u00e1 que hoy est\u00e1s muy contenta.<\/li>\n<\/ul>\n<ul style=\"text-align: justify;\">\n<li>\u00a1\u00a1\u00a1\u00a1Siiiii!!!! Ya s\u00e9 hacer los problemas de mates.<\/li>\n<\/ul>\n<ul style=\"text-align: justify;\">\n<li>\u00a1Ves? \u00bfC\u00f3mo t\u00fa pod\u00edas\u2026? Todas las personas si se esfuerzan, estudian y le ponen cari\u00f1o a lo que hacen pueden llegar a aprender y hacer las mates, una tortilla o una torre muy alta.<\/li>\n<\/ul>\n<p style=\"text-align: justify;\">En ese momento Jaume sonri\u00f3 al o\u00edr lo de la torre alta. Comprendiendo que su padre lo hab\u00eda dicho por \u00e9l.<\/p>\n<p style=\"text-align: justify;\">\u00a0Esa tarde jugaron, merendaron y se dejaron abrazar mientras aprend\u00edan que el orden era necesario, que era importante compartir, y que el respeto es la base de las relaciones entre hermanos, entre padres, entre las personas y as\u00ed fueron pasando los d\u00edas.<\/p>\n<p style=\"text-align: justify;\">Una tarde al salir del colegio Fernando le estaba esperando y tomando de la mano a su hijo, le llev\u00f3 a ense\u00f1arle el edificio, donde \u00e9l dirig\u00eda a los operarios de la construcci\u00f3n. Jaime se maravillaba de ver como poco a poco los ladrillos tomaban forma y se hac\u00edan paredes, como las paredes adquir\u00edan forma para hacer de ellas estancias, y su padre le hablaba de todos los elementos necesarios para que de un terrero naciera una casa.<\/p>\n<p style=\"text-align: justify;\">Era tanto el cari\u00f1o que pon\u00eda en sus explicaciones, que al llegar Jaime a su casa deseaba construir torres\u2026 casas\u2026 y edificios. Al llegar su abuelo le pregunt\u00f3:<\/p>\n<ul style=\"text-align: justify;\">\n<li>\u00bfQu\u00e9 haces Jaime?<\/li>\n<\/ul>\n<ul style=\"text-align: justify;\">\n<li>Hoy pap\u00e1 me ha ense\u00f1ado el edificio que est\u00e1n haciendo y yo quiero hacer uno.<\/li>\n<\/ul>\n<p style=\"text-align: justify;\">\u00a0Fernando y su madre esbozaron una sonrisa de complicidad, ya que, Fernando hab\u00eda vivido esa misma experiencia con su padre y ahora el abuelo miraba al nieto observando los pilares de la educaci\u00f3n que le dio a su hijo Fernando.<\/p>\n<p style=\"text-align: justify;\">\u00a0Pasaron los a\u00f1os y Jaime se hizo mayor, al igual que su hermana Nuria, y un d\u00eda en una redacci\u00f3n le pidieron que escribiera lo que era para \u00e9l el sentirse bien tratado y escribi\u00f3 lo siguiente:<\/p>\n<p style=\"text-align: justify;\">\u201cHoy quiero decir que mi voz importa, que para m\u00ed el sentirme bien tratado no es que en mi vida me hayan dado todo lo que yo pidiera, sino que nunca me hizo falta pedir cari\u00f1o y respeto porque mi familia me educ\u00f3 ense\u00f1\u00e1ndome a amar\u201d.<\/p>\n<p style=\"text-align: justify;\">\n<p style=\"text-align: justify;\">\u00a1Ahhh! y que pas\u00f3 con Nuria\u2026 Pues que aprob\u00f3 las mates porque \u00a1le animaron a creer en ella!<\/p>\n<p style=\"text-align: justify;\">\n<p style=\"text-align: justify;\">Y yo la cometa pude observar como el sentirse querido y bien tratado es\u2026 Lo que hace feliz a todo ni\u00f1o o adulto.<\/p>\n","protected":false},"excerpt":{"rendered":"<p>La aceptaci\u00f3n de que cada persona es diferente, hemos de diferenciar el hecho de que no aceptemos algunas de las&hellip;<\/p>\n","protected":false},"author":4,"featured_media":26753,"comment_status":"open","ping_status":"open","sticky":false,"template":"","format":"standard","meta":{"om_disable_all_campaigns":false,"_mi_skip_tracking":false,"_monsterinsights_sitenote_active":false,"_monsterinsights_sitenote_note":"","_monsterinsights_sitenote_category":0,"footnotes":""},"categories":[25,21,35,29,22,19,30],"tags":[],"aioseo_notices":[],"_links":{"self":[{"href":"https:\/\/granadacostaglobal.es\/index.php?rest_route=\/wp\/v2\/posts\/27713"}],"collection":[{"href":"https:\/\/granadacostaglobal.es\/index.php?rest_route=\/wp\/v2\/posts"}],"about":[{"href":"https:\/\/granadacostaglobal.es\/index.php?rest_route=\/wp\/v2\/types\/post"}],"author":[{"embeddable":true,"href":"https:\/\/granadacostaglobal.es\/index.php?rest_route=\/wp\/v2\/users\/4"}],"replies":[{"embeddable":true,"href":"https:\/\/granadacostaglobal.es\/index.php?rest_route=%2Fwp%2Fv2%2Fcomments&post=27713"}],"version-history":[{"count":0,"href":"https:\/\/granadacostaglobal.es\/index.php?rest_route=\/wp\/v2\/posts\/27713\/revisions"}],"wp:featuredmedia":[{"embeddable":true,"href":"https:\/\/granadacostaglobal.es\/index.php?rest_route=\/"}],"wp:attachment":[{"href":"https:\/\/granadacostaglobal.es\/index.php?rest_route=%2Fwp%2Fv2%2Fmedia&parent=27713"}],"wp:term":[{"taxonomy":"category","embeddable":true,"href":"https:\/\/granadacostaglobal.es\/index.php?rest_route=%2Fwp%2Fv2%2Fcategories&post=27713"},{"taxonomy":"post_tag","embeddable":true,"href":"https:\/\/granadacostaglobal.es\/index.php?rest_route=%2Fwp%2Fv2%2Ftags&post=27713"}],"curies":[{"name":"wp","href":"https:\/\/api.w.org\/{rel}","templated":true}]}}