{"id":27668,"date":"2021-03-19T09:53:40","date_gmt":"2021-03-19T09:53:40","guid":{"rendered":"http:\/\/granadacostanacional.es\/?p=27668"},"modified":"2021-03-19T09:53:40","modified_gmt":"2021-03-19T09:53:40","slug":"ciudadanos-destaca-la-complicidad-y-la-fluida-relacion-entre-la-ugr-y-la-consejeria-naranja-de-transformacion-economica-y-universidades","status":"publish","type":"post","link":"https:\/\/granadacostaglobal.es\/?p=27668","title":{"rendered":"Ciudadanos destaca la \u201ccomplicidad y la fluida relaci\u00f3n\u201d entre la UGR y la Consejer\u00eda naranja de Transformaci\u00f3n Econ\u00f3mica y Universidades"},"content":{"rendered":"<p style=\"text-align: justify;\"><strong>Granada, 19 de marzo de 2021.\u00a0<\/strong><\/p>\n<p style=\"text-align: justify;\">La diputada de Ciudadanos por Granada en el Parlamento de Andaluc\u00eda, Concha Ins\u00faa, coincide con la rectora y la presidenta del Consejo Social de la Universidad de Granada, Pilar Aranda y Mar\u00eda Teresa Pag\u00e9s, en la \u201cimportancia capital del mecenazgo y la\u00a0<strong>necesaria transferencia de conocimiento entre la UGR y el mundo empresarial\u201d<\/strong><\/p>\n<p style=\"text-align: justify;\">La diputada de Ciudadanos (Cs) por Granada en el Parlamento de Andaluc\u00eda, Concha Ins\u00faa, se ha reunido esta semana con la rectora y la presidenta del Consejo Social de la Universidad de Granada, Pilar Aranda y Mar\u00eda Teresa Pag\u00e9s, respectivamente, en un encuentro \u201cfruct\u00edfero\u201d en el que ha participado asimismo el parlamentario auton\u00f3mico de la formaci\u00f3n naranja Fran Carrillo.<\/p>\n<p style=\"text-align: justify;\">En esta reuni\u00f3n, Ins\u00faa ha destacado \u201cla complicidad y la fluida relaci\u00f3n\u201d entre la instituci\u00f3n universitaria, el Parlamento andaluz y la propia Consejer\u00eda de Transformaci\u00f3n Econ\u00f3mica, Industria, Conocimiento y Universidades, que dirige Ciudadanos en el Gobierno andaluz. \u201cEl encuentro ha versado sobre tres ejes prioritarios para las instituciones que representamos, como es\u00a0<strong>la puesta en valor del talento de nuestros estudiantes<\/strong>,\u00a0<strong>la necesaria transferencia de conocimiento<\/strong>\u00a0entre la Universidad y el mundo empresarial y la importancia capital del\u00a0<strong>mecenazgo<\/strong>\u00a0para los grandes proyectos que capitanea la rectora en nombre de la UGR\u201d, ha explicado la diputada auton\u00f3mica.<\/p>\n<p style=\"text-align: justify;\">Ins\u00faa ha asegurado que la Consejer\u00eda naranja de Universidades est\u00e1 trabajando \u201ccodo con codo\u201d tanto con el Rectorado como con el Consejo Social de la Universidad de Granada, \u201cen aras de\u00a0<strong>construir conjuntamente un ecosistema propicio para la tercera modernizaci\u00f3n que tanto necesitan Granada y Andaluc\u00eda\u201d.<\/strong>\u00a0\u201cDesde Cs consideramos que la Universidad de Granada juega un papel imprescindible en la transformaci\u00f3n de la sociedad granadina, por lo que nuestro compromiso con una instituci\u00f3n tan relevante y de tanto prestigio es y seguir\u00e1 siendo firme y decidido\u201d, ha concluido.<\/p>\n<p style=\"text-align: justify;\"><a href=\"http:\/\/granadacostanacional.es\/meson-baena\/\"><img decoding=\"async\" loading=\"lazy\" class=\"aligncenter size-full wp-image-25874\" src=\"http:\/\/granadacostanacional.es\/wp-content\/uploads\/2020\/10\/baena.gif\" alt=\"baena\" width=\"696\" height=\"567\" \/><\/a><\/p>\n","protected":false},"excerpt":{"rendered":"<p>Granada, 19 de marzo de 2021.\u00a0 La diputada de Ciudadanos por Granada en el Parlamento de Andaluc\u00eda, Concha Ins\u00faa, coincide&hellip;<\/p>\n","protected":false},"author":3,"featured_media":27669,"comment_status":"open","ping_status":"open","sticky":false,"template":"","format":"standard","meta":{"om_disable_all_campaigns":false,"_mi_skip_tracking":false,"_monsterinsights_sitenote_active":false,"_monsterinsights_sitenote_note":"","_monsterinsights_sitenote_category":0,"footnotes":""},"categories":[21,30],"tags":[],"aioseo_notices":[],"_links":{"self":[{"href":"https:\/\/granadacostaglobal.es\/index.php?rest_route=\/wp\/v2\/posts\/27668"}],"collection":[{"href":"https:\/\/granadacostaglobal.es\/index.php?rest_route=\/wp\/v2\/posts"}],"about":[{"href":"https:\/\/granadacostaglobal.es\/index.php?rest_route=\/wp\/v2\/types\/post"}],"author":[{"embeddable":true,"href":"https:\/\/granadacostaglobal.es\/index.php?rest_route=\/wp\/v2\/users\/3"}],"replies":[{"embeddable":true,"href":"https:\/\/granadacostaglobal.es\/index.php?rest_route=%2Fwp%2Fv2%2Fcomments&post=27668"}],"version-history":[{"count":0,"href":"https:\/\/granadacostaglobal.es\/index.php?rest_route=\/wp\/v2\/posts\/27668\/revisions"}],"wp:featuredmedia":[{"embeddable":true,"href":"https:\/\/granadacostaglobal.es\/index.php?rest_route=\/"}],"wp:attachment":[{"href":"https:\/\/granadacostaglobal.es\/index.php?rest_route=%2Fwp%2Fv2%2Fmedia&parent=27668"}],"wp:term":[{"taxonomy":"category","embeddable":true,"href":"https:\/\/granadacostaglobal.es\/index.php?rest_route=%2Fwp%2Fv2%2Fcategories&post=27668"},{"taxonomy":"post_tag","embeddable":true,"href":"https:\/\/granadacostaglobal.es\/index.php?rest_route=%2Fwp%2Fv2%2Ftags&post=27668"}],"curies":[{"name":"wp","href":"https:\/\/api.w.org\/{rel}","templated":true}]}}