{"id":27650,"date":"2021-03-16T10:35:25","date_gmt":"2021-03-16T10:35:25","guid":{"rendered":"http:\/\/granadacostanacional.es\/?p=27650"},"modified":"2021-03-16T10:35:25","modified_gmt":"2021-03-16T10:35:25","slug":"presentacion-de-la-nueva-companera-del-proyecto-dona-isabel-martinez-miralles","status":"publish","type":"post","link":"https:\/\/granadacostaglobal.es\/?p=27650","title":{"rendered":"Presentaci\u00f3n de la nueva compa\u00f1era del Proyecto, Do\u00f1a Isabel Mart\u00ednez Miralles"},"content":{"rendered":"<p style=\"text-align: justify;\">Desde el Proyecto Global de Cultura Granada Costa, tenemos el inmenso placer de presentar a nuestra nueva amiga y compa\u00f1era, Do\u00f1a Isabel M. Miralles.<\/p>\n<p style=\"text-align: justify;\">Profesora, licenciada en Filolog\u00eda Hisp\u00e1nica, maestra de Lengua e Idiomas Modernos.<\/p>\n<p style=\"text-align: justify;\">Es experta en Coaching individual y grupal y Programaci\u00f3n Neuroling\u00fc\u00edstica. Obtuvo el t\u00edtulo de Orientaci\u00f3n y Asesoramiento familiar por la Universidad Pontificia de Salamanca.\u00a0Ha realizado estudios de Medicina y Teolog\u00eda, as\u00ed como Homeopat\u00eda, Flores de Bach, Terapia de biomagnetismo, entre otros.<\/p>\n<p style=\"text-align: justify;\">Es fundadora y directora del Festival Concha de Luz sobre valores en la vida y en el arte, que se celebra en la ciudad de Murcia, Espa\u00f1a, desde 2011. Ha sido coordinadora de Grito de Mujer durante 7 a\u00f1os en Murcia. Creadora y directora del evento por la mujer &#8220;Canto de Mujer libre &#8220;<\/p>\n<p style=\"text-align: justify;\">Exdelegada cultural en la ciudad de Murcia del\u00a0Liceo po\u00e9tico de Benidorm. Es miembro de Jurado literario y participa en congresos y ferias del libro, tanto virtuales como presenciales.<\/p>\n<p style=\"text-align: justify;\">Expresidenta de la Asociaci\u00f3n de Poetas y Escritores de la Regi\u00f3n de Murcia\u00a0y Presidenta de la Asociaci\u00f3n ASCREPER (Asociaci\u00f3n para el crecimiento personal)<\/p>\n<p style=\"text-align: justify;\">Vicepresidenta de las asociaciones educativas de \u00e1mbito internacional Famundo- Fapp. Es miembro societario del Ateneo Blasco Ib\u00e1\u00f1ez de Valencia.<\/p>\n<p style=\"text-align: justify;\">Prologuista de numerosos libros y conferenciante. Ha sido entrevistada en diversas ocasiones en radio, prensa y televisi\u00f3n.<\/p>\n<p style=\"text-align: justify;\">Autora de 3 libros de poes\u00eda y otros in\u00e9ditos hasta la fecha.<\/p>\n<p style=\"text-align: justify;\">T\u00edtulos publicados: &#8220;<em>Un sue\u00f1o para el destino<\/em>&#8220;, &#8220;<em>Concha de luz<\/em>&#8221; y &#8220;<em>De sol a sol<\/em>&#8220;.<\/p>\n<p style=\"text-align: justify;\">Organizadora y coordinadora de eventos culturales diversos como el ciclo de tertulias y conferencias &#8220;De ciencias y de letras&#8221;, &#8220;Palabra en el mundo&#8221;, &#8220;Cien mil poetas por el cambio&#8221; Semana cultural de la mujer, etc.<\/p>\n<p style=\"text-align: justify;\">Coordinadora general del grupo literario &#8220;Utop\u00eda po\u00e9tica universal, filial Murcia&#8221;.<\/p>\n<p style=\"text-align: justify;\">Coordinadora del colectivo virtual &#8220;Grupo po\u00e9tico y art\u00edstico internacional&#8221;.<\/p>\n<p style=\"text-align: justify;\">Sus poemas se recogen en diferentes antolog\u00edas, tanto de \u00e1mbito nacional como internacional, as\u00ed como en revistas literarias y culturales.<\/p>\n<p style=\"text-align: justify;\">Participante invitada en foros, encuentros po\u00e9ticos y literarios, a nivel internacional.<\/p>\n<p style=\"text-align: justify;\">Colaboradora ocasional en la televisi\u00f3n argentina en el programa &#8220;Prevenir es salud&#8221;.<\/p>\n<p style=\"text-align: justify;\">Ha sido propuesta para el prestigioso reconocimiento de la Medalla Azul al M\u00e9rito profesional de la Orden de caballeros custodios de Calatrava la Vieja, junto al doctor Cavadas y el doctor L\u00f3pez Ibor.<\/p>\n<p style=\"text-align: center;\"><strong>EL CRISTO DEL RESCATE<\/strong><\/p>\n<p style=\"text-align: center;\"><strong>(Poema de Do\u00f1a Isabel M. Miralles)<\/strong><\/p>\n<p style=\"text-align: center;\">Hab\u00eda una imagen en tu cuarto<\/p>\n<p style=\"text-align: center;\">que jam\u00e1s te abandon\u00f3 un instante:<\/p>\n<p style=\"text-align: center;\">era un cristo vestido de morado,<\/p>\n<p style=\"text-align: center;\">con los ojos muy tristes, golpeado,<\/p>\n<p style=\"text-align: center;\">el cabello, de tan negro, chispeante,<\/p>\n<p style=\"text-align: center;\">en melena partida a cada lado.<\/p>\n<p style=\"text-align: center;\">Al centro de su pecho luc\u00eda un escapulario<\/p>\n<p style=\"text-align: center;\">de tonos amarillos, negros, blancos.<\/p>\n<p style=\"text-align: center;\">T\u00fa siempre lo mirabas con aire recogido,<\/p>\n<p style=\"text-align: center;\">en tus ojos brillaban la humildad y el fervor;<\/p>\n<p style=\"text-align: center;\">a veces una vela alumbraba su rostro,<\/p>\n<p style=\"text-align: center;\">la oraci\u00f3n por los tuyos era un grito de luz<\/p>\n<p style=\"text-align: center;\">en silenciosa escala hacia las altas puertas.<\/p>\n<p style=\"text-align: center;\">Mientras, lavabas nuestra ropa, cocinabas<\/p>\n<p style=\"text-align: center;\">o atend\u00edas con agrado a tus clientas.<\/p>\n<p style=\"text-align: center;\">Siempre estuvo en tu cuarto cual vig\u00eda:<\/p>\n<p style=\"text-align: center;\">si la puerta entreabr\u00eda, \u00c9l me miraba,<\/p>\n<p style=\"text-align: center;\">si la puerta cerraba, me segu\u00eda.<\/p>\n<p style=\"text-align: center;\">Era el Se\u00f1or tu c\u00f3mplice y amigo, tanto<\/p>\n<p style=\"text-align: center;\">que, en mi asombro de ni\u00f1a yo recuerdo<\/p>\n<p style=\"text-align: center;\">haberlo sorprendido un d\u00eda \u2013a veces espiaba-<\/p>\n<p style=\"text-align: center;\">la cara iluminada por tu vela, los labios<\/p>\n<p style=\"text-align: center;\">entreabiertos,<\/p>\n<p style=\"text-align: center;\">palomas de piedad reverberando,<\/p>\n<p style=\"text-align: center;\">la oraci\u00f3n que a su poder hab\u00edas encomendado.<\/p>\n<p style=\"text-align: center;\">\u00bfPor qu\u00e9 no pude verlo aquella noche,<\/p>\n<p style=\"text-align: center;\">me pregunto,<\/p>\n<p style=\"text-align: center;\">\u00faltima de tu existencia y de tu aliento?<\/p>\n<p style=\"text-align: center;\">Mir\u00e9 por todas partes y no estaba,<\/p>\n<p style=\"text-align: center;\">nada te dije, mas lo ech\u00e9 de menos<\/p>\n<p style=\"text-align: center;\">y al verte en la ma\u00f1ana evaporada<\/p>\n<p style=\"text-align: center;\">de este mundo que a marzo desped\u00eda,<\/p>\n<p style=\"text-align: center;\">a mi memoria vino el b\u00edblico sentir<\/p>\n<p style=\"text-align: center;\">de Cristo, exhausto en el Calvario:<\/p>\n<p style=\"text-align: center;\">\u201cPadre m\u00edo, \u00bfpor qu\u00e9 me has abandonado?\u201d<\/p>\n<p style=\"text-align: center;\">\u00bfQuiz\u00e1s sentiste t\u00fa lo mismo, el desamparo<\/p>\n<p style=\"text-align: center;\">en esa encrucijada en que la vida escapa?<\/p>\n<p style=\"text-align: center;\">\u00bfO acaso el Cristo del Rescate te aguardaba<\/p>\n<p style=\"text-align: center;\">en ese punto incierto del camino<\/p>\n<p style=\"text-align: center;\">en que tus fuerzas y tu alma se rindieron?<\/p>\n<p style=\"text-align: center;\">Quiero pensar que te encontraste<\/p>\n<p style=\"text-align: center;\">con ese dulce Cirineo divino<\/p>\n<p style=\"text-align: center;\">que, con tanto amor, en vida veneraste<\/p>\n<p style=\"text-align: center;\">y en tu rescate se hizo encontradizo.<\/p>\n<p style=\"text-align: right;\"><strong>Carlos \u00c1lvaro Segura<\/strong><\/p>\n<p style=\"text-align: right;\"><strong>Vicepresidente del Proyecto <\/strong><\/p>\n<p style=\"text-align: right;\"><strong>de Cultura Granada Costa<\/strong><\/p>\n<p style=\"text-align: right;\"><a href=\"https:\/\/www.frutaselporton.es\/apps\/wa1\/Pizarra.html\"><img decoding=\"async\" loading=\"lazy\" class=\"aligncenter size-full wp-image-25341\" src=\"http:\/\/granadacostanacional.es\/wp-content\/uploads\/2020\/09\/El-port\u00f3n.gif\" alt=\"El port\u00f3n\" width=\"787\" height=\"394\" \/><\/a><\/p>\n","protected":false},"excerpt":{"rendered":"<p>Desde el Proyecto Global de Cultura Granada Costa, tenemos el inmenso placer de presentar a nuestra nueva amiga y compa\u00f1era,&hellip;<\/p>\n","protected":false},"author":3,"featured_media":27651,"comment_status":"open","ping_status":"open","sticky":false,"template":"","format":"standard","meta":{"om_disable_all_campaigns":false,"_mi_skip_tracking":false,"_monsterinsights_sitenote_active":false,"_monsterinsights_sitenote_note":"","_monsterinsights_sitenote_category":0,"footnotes":""},"categories":[21],"tags":[],"aioseo_notices":[],"_links":{"self":[{"href":"https:\/\/granadacostaglobal.es\/index.php?rest_route=\/wp\/v2\/posts\/27650"}],"collection":[{"href":"https:\/\/granadacostaglobal.es\/index.php?rest_route=\/wp\/v2\/posts"}],"about":[{"href":"https:\/\/granadacostaglobal.es\/index.php?rest_route=\/wp\/v2\/types\/post"}],"author":[{"embeddable":true,"href":"https:\/\/granadacostaglobal.es\/index.php?rest_route=\/wp\/v2\/users\/3"}],"replies":[{"embeddable":true,"href":"https:\/\/granadacostaglobal.es\/index.php?rest_route=%2Fwp%2Fv2%2Fcomments&post=27650"}],"version-history":[{"count":0,"href":"https:\/\/granadacostaglobal.es\/index.php?rest_route=\/wp\/v2\/posts\/27650\/revisions"}],"wp:featuredmedia":[{"embeddable":true,"href":"https:\/\/granadacostaglobal.es\/index.php?rest_route=\/"}],"wp:attachment":[{"href":"https:\/\/granadacostaglobal.es\/index.php?rest_route=%2Fwp%2Fv2%2Fmedia&parent=27650"}],"wp:term":[{"taxonomy":"category","embeddable":true,"href":"https:\/\/granadacostaglobal.es\/index.php?rest_route=%2Fwp%2Fv2%2Fcategories&post=27650"},{"taxonomy":"post_tag","embeddable":true,"href":"https:\/\/granadacostaglobal.es\/index.php?rest_route=%2Fwp%2Fv2%2Ftags&post=27650"}],"curies":[{"name":"wp","href":"https:\/\/api.w.org\/{rel}","templated":true}]}}