{"id":27594,"date":"2021-03-10T10:48:42","date_gmt":"2021-03-10T10:48:42","guid":{"rendered":"http:\/\/granadacostanacional.es\/?p=27594"},"modified":"2021-03-10T10:48:42","modified_gmt":"2021-03-10T10:48:42","slug":"diario-de-un-poeta-el-dia-que-conoci-a-leopoldo-de-luis","status":"publish","type":"post","link":"https:\/\/granadacostaglobal.es\/?p=27594","title":{"rendered":"DIARIO DE UN POETA: EL D\u00cdA QUE CONOC\u00cd A LEOPOLDO DE LUIS"},"content":{"rendered":"<p style=\"text-align: justify;\"><strong>L<\/strong>a verdad es que nunca podr\u00e9 tener la capacidad suficiente para poder describir las emociones que he experimentado al conocer a personas, todas ellas, de una inteligencia superior a la m\u00eda en mi opini\u00f3n. En todas vi el reflejo de la grandeza de Dios, al dotarlas en su quehacer creativo como personas superiores, tanto si han sido poetas, escritores, pintores, escultores o cualquier otra forma creativa, fuese en el campo que fuese. El solo hecho de crear merece todo mi respeto y admiraci\u00f3n. Gracias a Dios, he podido conocer a muchas personas dotadas del aliento de Dios, lo cual me ha llenado de orgullo y, sobre todo, me ha servido para aprender de ellos e ir mejorando en mis pobres escritos. Nunca ha habido en m\u00ed ninguna vanidad ni orgullo fingido a la hora de contar que un d\u00eda conoc\u00ed a tal o cual personaje. En primer lugar, porque ninguno de ellos me mir\u00f3 por encima del hombro, como s\u00ed lo han hecho otras personas inferiores a ellos, que se cre\u00edan que eran grandes y trataron de apartarme de su camino. Algunos de ellos lo impidieron y otros \u2013los menos\u2013 s\u00ed consiguieron vetar el que yo participara en determinados eventos \u2013afirmando que no estaba a la altura de ellos\u2013. Vanidad de vanidades. Luego Dios o el destino hizo que todas esas personas participaran en los actos literarios que yo organizaba y publicaran en las dos revistas que fund\u00e9. Eso s\u00ed, jam\u00e1s les reproch\u00e9 nada y la mayor\u00eda fueron, despu\u00e9s, muy amigos m\u00edos.<\/p>\n<p style=\"text-align: justify;\">\u00a0\u00a0\u00a0\u00a0\u00a0\u00a0\u00a0\u00a0\u00a0\u00a0\u00a0 Leopoldo de Luis naci\u00f3 en C\u00f3rdoba en 1918 y falleci\u00f3 en Madrid en 2005. Su verdadero nombre era Leopoldo Urrutia de Luis. Con un a\u00f1o de edad sus padres se trasladaron a Valladolid, en donde estuvo viviendo hasta que march\u00f3 a Madrid para hacer el bachillerato con 16 a\u00f1os en el Liceo Franc\u00e9s. Durante la Guerra Civil, coincidi\u00f3 con el poeta Miguel Hern\u00e1ndez, al que hab\u00eda conocido en 1935, as\u00ed como a Gabriel Celaya y Le\u00f3n Felipe. Combati\u00f3 en el lado republicano. Quiz\u00e1s fue el motivo de que durante bastantes a\u00f1os estuviera un poco relegado de los cen\u00e1culos literarios del momento. Sus poemas se publicaron en las m\u00e1s prestigiosas revistas de Espa\u00f1a, incluida la revista <em>Arboleda<\/em>, de la que fui fundador y director durante 27 a\u00f1os. Estuvo prisionero en la plaza de toros de Ciudad Real y en el penal de Oca\u00f1a, donde coincidi\u00f3 nuevamente con Miguel Hern\u00e1ndez. Escribi\u00f3 la biograf\u00eda de Antonio Machado y de Vicente Aleixandre, del que fue muy amigo. Escribi\u00f3 m\u00e1s de 30 libros de poes\u00eda. Ha sido considerado uno de los representantes m\u00e1s importantes de la posguerra espa\u00f1ola.<\/p>\n<p style=\"text-align: justify;\">\u00a0\u00a0\u00a0\u00a0\u00a0\u00a0\u00a0\u00a0\u00a0\u00a0\u00a0 En 2004 fue nombrado hijo predilecto de Andaluc\u00eda y se le concedi\u00f3 la medalla de Oro de C\u00f3rdoba. Obtuvo la Medalla de Oro del C\u00edrculo de Bellas Artes de Madrid. El Ayuntamiento de Madrid puso una placa en la casa donde vivi\u00f3 y dio su nombre a una plaza; as\u00ed mismo, coloc\u00f3 un peque\u00f1o monumento en los jardines de la Biblioteca de V\u00e1zquez Montalb\u00e1n. Fue Premio Nacional de las Letras Espa\u00f1olas en el a\u00f1o 2000. Premio Nacional de Poes\u00eda 1974. Premio Ausi\u00e0s March 1968. Pedro Salinas 1952. Premio Internacional de Poes\u00eda Miguel Hern\u00e1ndez, en donde tuve el grand\u00edsimo honor de dar mi voto favorable para que se le otorgara el galard\u00f3n a requerimiento de la instituci\u00f3n que concede dichos premios en Orihuela. Premio \u00abLe\u00f3n Felipe\u00bb a los valores humanos. Qu\u00e9 duda cabe de que Leopoldo de Luis ha sido uno de los grandes poetas del siglo XX. Hombre de una gran cultura e inteligencia po\u00e9tica. Un poeta que llev\u00f3 casi a la perfecci\u00f3n las estructuras en sus sonetos, que est\u00e1n llenos de humanidad y sentido arm\u00f3nico, acompa\u00f1ado de un depurado l\u00e9xico. Quiz\u00e1s fue en las dos \u00faltimas d\u00e9cadas del siglo XX cuando Leopoldo adquiri\u00f3 la plenitud de su creatividad en sus poemas adorn\u00e1ndolos de una aureola versificadora. Era tambi\u00e9n un exquisito conferenciante y un excelente tertuliano. Escucharlo hablar era aprender y enriquecerse uno.<\/p>\n<p style=\"text-align: justify;\"><a href=\"http:\/\/granadacostanacional.es\/wp-content\/uploads\/2021\/03\/web.jpg\"><img decoding=\"async\" loading=\"lazy\" class=\"aligncenter wp-image-27595 size-large\" src=\"http:\/\/granadacostanacional.es\/wp-content\/uploads\/2021\/03\/web-1024x769.jpg\" alt=\"web\" width=\"1024\" height=\"769\" \/><\/a><\/p>\n<p style=\"text-align: justify;\">\u00a0\u00a0\u00a0\u00a0\u00a0\u00a0\u00a0\u00a0\u00a0\u00a0\u00a0 La primera vez que lo vi \u2013creo recordar\u2013 fue en una conferencia que dio en el sal\u00f3n de actos de la Banca March de Palma, organizado por la Agrupaci\u00f3n Hispana de Escritores (AHE). Aunque anteriormente hab\u00eda hablado con \u00e9l en varias ocasiones con motivo de proponerle que fuese el poeta invitado en un n\u00famero de la revista <em>Arboleda<\/em>, cosa que \u00e9l acept\u00f3. Al terminar la conferencia me di a conocer a \u00e9l, y estuvimos unos minutos hablando, ya que era requerido constantemente. La segunda vez que estuve con \u00e9l fue en Madrid, en un acto cultural celebrado en la Asociaci\u00f3n de Escritores y Artistas Espa\u00f1oles. En esa ocasi\u00f3n depart\u00ed con \u00e9l bastante tiempo. Recuerdo que me regal\u00f3 varios libros de poes\u00eda dedicados, que yo previamente a mi viaje a Madrid le hab\u00eda solicitado.<\/p>\n<p style=\"text-align: justify;\">\u00a0\u00a0\u00a0\u00a0\u00a0\u00a0\u00a0\u00a0\u00a0\u00a0\u00a0 La segunda vez que estuve con \u00e9l fue tambi\u00e9n en Madrid en la presentaci\u00f3n de un libro de A.R.M. Recuerdo que \u00e9l y yo est\u00e1bamos sentados en la primera fila de butacas del sal\u00f3n \u2013este estaba totalmente lleno ya que en la presentaci\u00f3n del libro participaban importantes personajes de la literatura\u2013. Recuerdo que al final de la presentaci\u00f3n hubo un coloquio que result\u00f3 muy interesante y gozoso para m\u00ed. Una persona asistente al acto \u2013intencionadamente\u2013 le hizo a la autora una pregunta bastante complicada a la que deb\u00eda contestar. Leopoldo y yo nos dimos cuenta del aprieto en que ella se encontraba. Pero, en ese instante prodigioso, Leopoldo de Luis contest\u00f3 a la pregunta d\u00e1ndonos una lecci\u00f3n de lo que era la poes\u00eda. Ese gesto sirvi\u00f3 para evitar que la autora del libro se viera en un apuro. La contundencia con que Leopoldo dio aquella lecci\u00f3n po\u00e9tica magistral me dej\u00f3, y dej\u00f3 al much\u00edsimo p\u00fablico asistente, maravillados. Comprend\u00ed la gran cultura y conocimiento que de la po\u00e9tica y la literatura en general ten\u00eda mi admirado Leopoldo. Ese mismo d\u00eda la autora del libro nos invit\u00f3 a unas quince personas a almorzar en un conocido restaurante muy cerca de la calle Leganitos. Estuve junto a Leopoldo y, entre el buen yantar y el exquisito vino, hablamos de la presentaci\u00f3n de esa tarde. En uno de los brindis que se hizo en la comida, derram\u00e9 la copa que ten\u00eda en la mano y, al desparramarse el vino, manch\u00f3 un poco la chaqueta de Leopoldo. Le ped\u00ed disculpas por ello y me contest\u00f3: \u00abNo te preocupes, ma\u00f1ana la llevar\u00e9 a la tintorer\u00eda\u00bb. Al terminar y con otras personas fuimos dando un paseo hasta el hotel donde estaba hospedado.<\/p>\n<p style=\"text-align: justify;\"><a href=\"https:\/\/www.valenzuela.es\/\"><img decoding=\"async\" loading=\"lazy\" class=\"aligncenter wp-image-26234 size-medium\" src=\"http:\/\/granadacostanacional.es\/wp-content\/uploads\/2020\/11\/Valenzuela-300x247.gif\" alt=\"Valenzuela\" width=\"300\" height=\"247\" \/><\/a><\/p>\n<p style=\"text-align: justify;\">\u00a0\u00a0\u00a0\u00a0\u00a0\u00a0\u00a0\u00a0\u00a0\u00a0\u00a0 La tercera vez que estuve con \u00e9l \u2013tambi\u00e9n en Madrid\u2013 fue en el entierro del poeta Jos\u00e9 Gerardo Manrique de Lara. Ya estaba bastante mayor y recuerdo que me dijo lo siguiente, que a\u00fan recuerdo, con un poco de humor: \u00abEspero que nunca vengas a mi entierro\u00bb<em>. <\/em>No fui a su entierro. No fue posible. Pero siempre lo recordar\u00e9 como una gran persona, un extraordinario poeta y un hombre de bien.<\/p>\n<p>&nbsp;<\/p>\n<p style=\"text-align: center;\"><strong>CUMPLEA\u00d1OS<\/strong><\/p>\n<p style=\"text-align: center;\">Un a\u00f1o es como un torpe dromedario<\/p>\n<p style=\"text-align: center;\">y abrimos sobre \u00e9l otro desierto.<\/p>\n<p style=\"text-align: center;\">Hemos venido en un camello muerto<\/p>\n<p style=\"text-align: center;\">sobre el que cabalgamos a diario.<\/p>\n<p style=\"text-align: center;\">\u00bfSer\u00e1 cada a\u00f1o otra cabalgadura?<\/p>\n<p style=\"text-align: center;\">\u00bfCumplir a\u00f1os ser\u00e1 algo m\u00e1s que un reto<\/p>\n<p style=\"text-align: center;\">o ser\u00e1 ir descubriendo ese secreto<\/p>\n<p style=\"text-align: center;\">que nos espera tras la puerta oscura?<\/p>\n<p style=\"text-align: center;\">Cumplir a\u00f1os es como apostar fuerte<\/p>\n<p style=\"text-align: center;\">por la lenta derrota de la muerte<\/p>\n<p style=\"text-align: center;\">y ver que a\u00fan sigue abierta nuestra herida.<\/p>\n<p style=\"text-align: center;\">Miguel Oscar Menassa: todo empieza<\/p>\n<p style=\"text-align: center;\">de nuevo cuando juegas otra pieza<\/p>\n<p style=\"text-align: center;\">en el ajedrez rojo de la vida.<\/p>\n<p style=\"text-align: center;\">L. de L.<\/p>\n<p>&nbsp;<\/p>\n<p style=\"text-align: right;\"><strong>Marcelino Arellano Alabarces<\/strong><\/p>\n<p style=\"text-align: right;\"><strong>Palma de Mallorca<\/strong><\/p>\n<p style=\"text-align: right;\"><a href=\"https:\/\/www.restauranteelpenon.es\/\"><img decoding=\"async\" loading=\"lazy\" class=\"aligncenter size-full wp-image-25846\" src=\"http:\/\/granadacostanacional.es\/wp-content\/uploads\/2020\/10\/Pe\u00f1\u00f3n-s.gif\" alt=\"Pe\u00f1\u00f3n s\" width=\"850\" height=\"562\" \/><\/a><\/p>\n","protected":false},"excerpt":{"rendered":"<p>La verdad es que nunca podr\u00e9 tener la capacidad suficiente para poder describir las emociones que he experimentado al conocer&hellip;<\/p>\n","protected":false},"author":3,"featured_media":11995,"comment_status":"open","ping_status":"open","sticky":false,"template":"","format":"standard","meta":{"om_disable_all_campaigns":false,"_mi_skip_tracking":false,"_monsterinsights_sitenote_active":false,"_monsterinsights_sitenote_note":"","_monsterinsights_sitenote_category":0,"footnotes":""},"categories":[21],"tags":[],"aioseo_notices":[],"_links":{"self":[{"href":"https:\/\/granadacostaglobal.es\/index.php?rest_route=\/wp\/v2\/posts\/27594"}],"collection":[{"href":"https:\/\/granadacostaglobal.es\/index.php?rest_route=\/wp\/v2\/posts"}],"about":[{"href":"https:\/\/granadacostaglobal.es\/index.php?rest_route=\/wp\/v2\/types\/post"}],"author":[{"embeddable":true,"href":"https:\/\/granadacostaglobal.es\/index.php?rest_route=\/wp\/v2\/users\/3"}],"replies":[{"embeddable":true,"href":"https:\/\/granadacostaglobal.es\/index.php?rest_route=%2Fwp%2Fv2%2Fcomments&post=27594"}],"version-history":[{"count":0,"href":"https:\/\/granadacostaglobal.es\/index.php?rest_route=\/wp\/v2\/posts\/27594\/revisions"}],"wp:featuredmedia":[{"embeddable":true,"href":"https:\/\/granadacostaglobal.es\/index.php?rest_route=\/"}],"wp:attachment":[{"href":"https:\/\/granadacostaglobal.es\/index.php?rest_route=%2Fwp%2Fv2%2Fmedia&parent=27594"}],"wp:term":[{"taxonomy":"category","embeddable":true,"href":"https:\/\/granadacostaglobal.es\/index.php?rest_route=%2Fwp%2Fv2%2Fcategories&post=27594"},{"taxonomy":"post_tag","embeddable":true,"href":"https:\/\/granadacostaglobal.es\/index.php?rest_route=%2Fwp%2Fv2%2Ftags&post=27594"}],"curies":[{"name":"wp","href":"https:\/\/api.w.org\/{rel}","templated":true}]}}