{"id":27548,"date":"2021-03-08T08:43:14","date_gmt":"2021-03-08T08:43:14","guid":{"rendered":"http:\/\/granadacostanacional.es\/?p=27548"},"modified":"2021-03-08T08:43:14","modified_gmt":"2021-03-08T08:43:14","slug":"don-jose-luis-ruiz-vidal-ganador-del-premio-internacional-de-las-letras-segura-de-haro-en-la-modalidad-de-soneto","status":"publish","type":"post","link":"https:\/\/granadacostaglobal.es\/?p=27548","title":{"rendered":"Don Jos\u00e9 Luis Ruiz Vidal, ganador del Premio Internacional de las LETRAS SEGURA DE HARO en la Modalidad de Soneto"},"content":{"rendered":"<p style=\"text-align: justify;\">Al reunirse el jurado del Premio Internacional de las LETRAS SEGURA DE HARO en la modalidad de Soneto, formado por Do\u00f1a Carmen Carrasco Ramos, Don Marcelino Arellano Alabarces, Do\u00f1a Inmaculada Rej\u00f3n Ruiz de Valdivia, Don Carlos \u00c1lvaro Segura Venegas y a propuesta de su Presidente, Don Jos\u00e9 Segura Haro, tras evaluar y valorar los m\u00e9ritos de los diferentes autores presentados por los miembros del Jurado, han decidido por unanimidad conceder el Premio de las LETRAS SEGURA DE HARO en la modalidad de Soneto 2021, al escritor y poeta <strong>Don Jos\u00e9 Luis Ruiz Vidal, <\/strong>por el poema \u201cAl Gran Poeta Carlos Ben\u00edtez Villodres\u201d. Don Carlos Ben\u00edtez es uno de los m\u00e1s grandes representantes del soneto dentro del Proyecto Global de Cultura Granada Costa, con un certamen dedicado a este tipo de poes\u00eda llevando por t\u00edtulo su nombre.<\/p>\n<p style=\"text-align: justify;\">El Premio consiste en galard\u00f3n m\u00e1s la edici\u00f3n de un poemario de poes\u00eda in\u00e9dita del autor, que ser\u00e1 dado a conocer junto al premio, el d\u00eda 1 de mayo durante la Primera Pir\u00e1mide Cultural Granada Costa que se celebrar\u00e1 en Molv\u00edzar. Este libro ser\u00e1 distribuido en librer\u00edas de la geograf\u00eda espa\u00f1ola y en diferentes presentaciones que se acordar\u00e1n con el autor.<\/p>\n<p style=\"text-align: justify;\"><strong>POEMA GANADOR: <\/strong><\/p>\n<p style=\"text-align: center;\"><strong>AL GRAN POETA CARLOS BEN\u00cdTEZ VILLODRES<\/strong><\/p>\n<p style=\"text-align: center;\"><strong>Mi admirado amigo<\/strong><\/p>\n<p style=\"text-align: center;\"><strong>\u00a0<\/strong><\/p>\n<p style=\"text-align: center;\"><strong>\u00a0<\/strong><\/p>\n<p style=\"text-align: center;\">Forjado bajo el sol de Andaluc\u00eda;<\/p>\n<p style=\"text-align: center;\">el yunque fue su sangre malague\u00f1a<\/p>\n<p style=\"text-align: center;\">que, ansiosa de poemas se despe\u00f1a<\/p>\n<p style=\"text-align: center;\">formando cataratas de armon\u00eda.<\/p>\n<p style=\"text-align: center;\">Poeta que es orgullo y galan\u00eda<\/p>\n<p style=\"text-align: center;\">en esta hermosa tierra, tan risue\u00f1a,<\/p>\n<p style=\"text-align: center;\">que lleva por blas\u00f3n, de Santo y se\u00f1a,<\/p>\n<p style=\"text-align: center;\">sus versos de jazm\u00edn y malvas\u00eda.<\/p>\n<p style=\"text-align: center;\">Hechiza con su musa, que se encela<\/p>\n<p style=\"text-align: center;\">en busca de esa l\u00edmpida espinela<\/p>\n<p style=\"text-align: center;\">que surge de su numen m\u00e1s secreto.<\/p>\n<p style=\"text-align: center;\">Y luego, ante el murmullo de una fuente,<\/p>\n<p style=\"text-align: center;\">compone arte mayor, como un torrente,<\/p>\n<p style=\"text-align: center;\">plasmando en la cuartilla un gran soneto.<\/p>\n<p style=\"text-align: justify;\">Y, para que conste, y se cumpla lo aqu\u00ed acordado, se firma este documento en Granada a ocho de marzo de 2021 a las 10:00 horas.<\/p>\n<p style=\"text-align: center;\">Jos\u00e9 Segura Haro<\/p>\n<p style=\"text-align: center;\">Presidente del Jurado de premios y distinciones<\/p>\n<p style=\"text-align: center;\"><strong><a href=\"http:\/\/www.frutasfajardo.com\/\"><img decoding=\"async\" loading=\"lazy\" class=\"aligncenter size-full wp-image-25928\" src=\"http:\/\/granadacostanacional.es\/wp-content\/uploads\/2020\/11\/Frutas-Fajardo-1.gif\" alt=\"Frutas Fajardo\" width=\"590\" height=\"425\" \/><\/a><\/strong><\/p>\n","protected":false},"excerpt":{"rendered":"<p>Al reunirse el jurado del Premio Internacional de las LETRAS SEGURA DE HARO en la modalidad de Soneto, formado por&hellip;<\/p>\n","protected":false},"author":3,"featured_media":27549,"comment_status":"open","ping_status":"open","sticky":false,"template":"","format":"standard","meta":{"om_disable_all_campaigns":false,"_mi_skip_tracking":false,"_monsterinsights_sitenote_active":false,"_monsterinsights_sitenote_note":"","_monsterinsights_sitenote_category":0,"footnotes":""},"categories":[21],"tags":[],"aioseo_notices":[],"_links":{"self":[{"href":"https:\/\/granadacostaglobal.es\/index.php?rest_route=\/wp\/v2\/posts\/27548"}],"collection":[{"href":"https:\/\/granadacostaglobal.es\/index.php?rest_route=\/wp\/v2\/posts"}],"about":[{"href":"https:\/\/granadacostaglobal.es\/index.php?rest_route=\/wp\/v2\/types\/post"}],"author":[{"embeddable":true,"href":"https:\/\/granadacostaglobal.es\/index.php?rest_route=\/wp\/v2\/users\/3"}],"replies":[{"embeddable":true,"href":"https:\/\/granadacostaglobal.es\/index.php?rest_route=%2Fwp%2Fv2%2Fcomments&post=27548"}],"version-history":[{"count":0,"href":"https:\/\/granadacostaglobal.es\/index.php?rest_route=\/wp\/v2\/posts\/27548\/revisions"}],"wp:featuredmedia":[{"embeddable":true,"href":"https:\/\/granadacostaglobal.es\/index.php?rest_route=\/"}],"wp:attachment":[{"href":"https:\/\/granadacostaglobal.es\/index.php?rest_route=%2Fwp%2Fv2%2Fmedia&parent=27548"}],"wp:term":[{"taxonomy":"category","embeddable":true,"href":"https:\/\/granadacostaglobal.es\/index.php?rest_route=%2Fwp%2Fv2%2Fcategories&post=27548"},{"taxonomy":"post_tag","embeddable":true,"href":"https:\/\/granadacostaglobal.es\/index.php?rest_route=%2Fwp%2Fv2%2Ftags&post=27548"}],"curies":[{"name":"wp","href":"https:\/\/api.w.org\/{rel}","templated":true}]}}