{"id":27473,"date":"2021-02-26T12:53:24","date_gmt":"2021-02-26T12:53:24","guid":{"rendered":"http:\/\/granadacostanacional.es\/?p=27473"},"modified":"2021-02-26T12:53:24","modified_gmt":"2021-02-26T12:53:24","slug":"la-magia-del-cambio","status":"publish","type":"post","link":"https:\/\/granadacostaglobal.es\/?p=27473","title":{"rendered":"LA MAGIA DEL CAMBIO"},"content":{"rendered":"<p style=\"text-align: justify;\"><strong>Lola Ben\u00edtez Molina<\/strong><\/p>\n<p style=\"text-align: justify;\"><strong>\u00a0<\/strong><\/p>\n<p style=\"text-align: justify;\">Hace escasos d\u00edas le\u00ed la siguiente reflexi\u00f3n del periodista David Cantero sobre la libertad de expresi\u00f3n en nuestro pa\u00eds: \u201cNo nos falta la libertad de expresi\u00f3n, lo que realmente escasea es el sentido com\u00fan y la educaci\u00f3n y la cultura y la sensatez y la decencia y la sensibilidad y el respeto y la responsabilidad y la dignidad y la humildad y la coherencia\u2026 No s\u00e9 a d\u00f3nde va el mundo al que trajimos a nuestros hijos, y eso da mucho miedo\u2026\u201d Me sent\u00ed tremendamente identificada con su preocupaci\u00f3n y comprend\u00ed el alcance de sus palabras. Est\u00e1 totalmente en lo cierto. Se puede ejercer la libertad de expresi\u00f3n, pero una m\u00e1xima deber\u00eda ser \u201cno faltar el respeto a nadie\u201d. La sinraz\u00f3n no conduce a nada positivo, pero en nuestras manos est\u00e1 buscar soluciones haciendo uso de esa coherencia.<\/p>\n<p style=\"text-align: justify;\">\u00a0\u00a0\u00a0\u00a0\u00a0\u00a0\u00a0\u00a0\u00a0\u00a0\u00a0 Hemos experimentado, con las circunstancias actuales, c\u00f3mo puede cambiar todo en segundos, lo que nos hace comprobar la vulnerabilidad del ser humano. Las metas o sue\u00f1os forjados se ven alterados porque nada es como anhelamos. Sin embargo, la conocida frase: \u201cNo hay mal que cien a\u00f1os dure\u201d nos aferra a la superficie de salvaci\u00f3n, ante el naufragio aparente. Es la magia del cambio, tambi\u00e9n, la que nos hace avanzar y vislumbrar, en el lejano horizonte, las luces de que a buen puerto avanzamos. Que no decaigan las fuerzas que, con esperanza, el cambio llegar\u00e1 y tocaremos la tierra, llenos de gozo, tras habernos encontrado perdidos en nuestro propio interior. Ardua lucha que habr\u00e1 merecido la pena, pues volveremos a sentir la mano amiga que nos abraza y besa sin temor. Todo lo inefable quedar\u00e1 atr\u00e1s para mostrarnos que, en nuestro mundo real, que palpamos y sentimos, vale la pena vivir. Ese cambio ser\u00e1 m\u00e1gico y nos har\u00e1 despertar del yugo que nos somete. Radiantes saldremos una vez m\u00e1s, triunfantes, por haber ganado la partida al enemigo infatigable. El cansancio y la espera habr\u00e1n merecido la pena en el camino para nuestra propia redenci\u00f3n.<\/p>\n<p style=\"text-align: justify;\">\u00a0\u00a0\u00a0\u00a0\u00a0\u00a0\u00a0\u00a0\u00a0\u00a0\u00a0 A ese enemigo invisible venceremos. Que no decaiga el \u00e1nimo. La alegr\u00eda volver\u00e1 a reinar en las profundidades y el letargo de los naufragios har\u00e1 latir el coraz\u00f3n con la intensidad y la fuerza que lo hace en un ni\u00f1o, que a\u00fan no ha conocido lo que significa la palabra \u201cincertidumbre\u201d. Derrotaremos al pesimismo aferrados a quien todo lo puede.<\/p>\n<p style=\"text-align: justify;\">\u00a0\u00a0\u00a0\u00a0\u00a0\u00a0\u00a0\u00a0\u00a0\u00a0\u00a0 Hace falta coherencia y creer que se puede conseguir lo propuesto con tes\u00f3n y sin faltar a ese respeto y dignidad que cada uno merece.<\/p>\n<p style=\"text-align: justify;\">\u00a0\u00a0\u00a0\u00a0\u00a0\u00a0\u00a0\u00a0\u00a0\u00a0\u00a0 Para S\u00f3crates \u201cel secreto del cambio es enfocar toda tu energ\u00eda, no en la lucha contra lo viejo, sino en la construcci\u00f3n de lo nuevo\u201d.<\/p>\n<p style=\"text-align: justify;\"><a href=\"http:\/\/granadacostanacional.es\/la-tahiba\/\"><img decoding=\"async\" loading=\"lazy\" class=\"aligncenter wp-image-25412 size-full\" src=\"http:\/\/granadacostanacional.es\/wp-content\/uploads\/2020\/09\/Merendero-e1610709626218.gif\" alt=\"Merendero\" width=\"900\" height=\"807\" \/><\/a><\/p>\n","protected":false},"excerpt":{"rendered":"<p>Lola Ben\u00edtez Molina \u00a0 Hace escasos d\u00edas le\u00ed la siguiente reflexi\u00f3n del periodista David Cantero sobre la libertad de expresi\u00f3n&hellip;<\/p>\n","protected":false},"author":2,"featured_media":25876,"comment_status":"open","ping_status":"open","sticky":false,"template":"","format":"standard","meta":{"om_disable_all_campaigns":false,"_mi_skip_tracking":false,"_monsterinsights_sitenote_active":false,"_monsterinsights_sitenote_note":"","_monsterinsights_sitenote_category":0,"footnotes":""},"categories":[21,30],"tags":[],"aioseo_notices":[],"_links":{"self":[{"href":"https:\/\/granadacostaglobal.es\/index.php?rest_route=\/wp\/v2\/posts\/27473"}],"collection":[{"href":"https:\/\/granadacostaglobal.es\/index.php?rest_route=\/wp\/v2\/posts"}],"about":[{"href":"https:\/\/granadacostaglobal.es\/index.php?rest_route=\/wp\/v2\/types\/post"}],"author":[{"embeddable":true,"href":"https:\/\/granadacostaglobal.es\/index.php?rest_route=\/wp\/v2\/users\/2"}],"replies":[{"embeddable":true,"href":"https:\/\/granadacostaglobal.es\/index.php?rest_route=%2Fwp%2Fv2%2Fcomments&post=27473"}],"version-history":[{"count":0,"href":"https:\/\/granadacostaglobal.es\/index.php?rest_route=\/wp\/v2\/posts\/27473\/revisions"}],"wp:featuredmedia":[{"embeddable":true,"href":"https:\/\/granadacostaglobal.es\/index.php?rest_route=\/"}],"wp:attachment":[{"href":"https:\/\/granadacostaglobal.es\/index.php?rest_route=%2Fwp%2Fv2%2Fmedia&parent=27473"}],"wp:term":[{"taxonomy":"category","embeddable":true,"href":"https:\/\/granadacostaglobal.es\/index.php?rest_route=%2Fwp%2Fv2%2Fcategories&post=27473"},{"taxonomy":"post_tag","embeddable":true,"href":"https:\/\/granadacostaglobal.es\/index.php?rest_route=%2Fwp%2Fv2%2Ftags&post=27473"}],"curies":[{"name":"wp","href":"https:\/\/api.w.org\/{rel}","templated":true}]}}