{"id":27462,"date":"2021-02-24T12:19:25","date_gmt":"2021-02-24T12:19:25","guid":{"rendered":"http:\/\/granadacostanacional.es\/?p=27462"},"modified":"2021-02-24T12:19:25","modified_gmt":"2021-02-24T12:19:25","slug":"libro-recomendado-sentir-en-soledad-de-soledad-durnes-casanal","status":"publish","type":"post","link":"https:\/\/granadacostaglobal.es\/?p=27462","title":{"rendered":"Libro Recomendado &#8220;Sentir en Soledad&#8221; de Soledad Durnes Casa\u00f1al"},"content":{"rendered":"<h2 style=\"text-align: center;\">Podr\u00e1 leer el libro entero a trav\u00e9s de este enlace\u00a0<span style=\"color: #0000ff;\"><a style=\"color: #0000ff;\" href=\"http:\/\/granadacostanacional.es\/downloads\/Sentir en Soledad.pdf\">&#8220;Sentir en Soledad&#8221;<\/a><\/span><\/h2>\n<p>&nbsp;<\/p>\n<h2 style=\"text-align: center;\"><strong>INTRODUCCI\u00d3N AL LIBRO\u00a0<\/strong><strong>SENTIR EN SOLEDAD, <\/strong><\/h2>\n<h2 style=\"text-align: center;\"><strong>DE SOLEDAD DURNES CASA\u00d1AL<\/strong><\/h2>\n<p>&nbsp;<\/p>\n<p style=\"text-align: justify;\">Vaya por delante que jam\u00e1s me atrever\u00eda a hacer de cr\u00edtico de un libro de poes\u00eda, ya que se deben tener unos grandes conocimientos de la po\u00e9tica y, sobre todo, dejar a un lado los sentimientos del alma. Hay que despojarla de sensibilidad y realizar un examen exhaustivo buscando con lupa aquello que est\u00e1 mal confeccionado y mal escrito.<\/p>\n<p style=\"text-align: justify;\">\u00a0\u00a0\u00a0\u00a0\u00a0\u00a0\u00a0\u00a0\u00a0\u00a0 Qu\u00e9 duda cabe de que muchas personas que escriben poes\u00eda, en la mayor\u00eda de los casos, se dejan llevar por los sentimientos a la hora de componer un poema, predominando el estado an\u00edmico del momento y usando el coraz\u00f3n en los versos como moneda de cambio, es decir, prevaleciendo m\u00e1s los recuerdos on\u00edricos guardados en su alma que el valor conceptual de lo que est\u00e1 escribiendo. El poeta \u2013o muchos de ellos-, hoy d\u00eda, es un contador de emociones y experiencias vividas, por lo que resultar\u00e1 ser siempre una poes\u00eda sencilla y vac\u00eda de artificios po\u00e9ticos, casi nunca con valores definidos; es decir, no hay que buscar en los poemas hallazgos ling\u00fc\u00edsticos, ni descubrimientos metaf\u00f3ricos, ni siquiera ver en ellos un rayo de luz novedoso. Son en s\u00ed mismos sentimientos, nostalgias, a\u00f1oranzas y corazones abiertos.<\/p>\n<p style=\"text-align: justify;\">\u00a0\u00a0\u00a0\u00a0\u00a0\u00a0\u00a0\u00a0\u00a0\u00a0 Aunque soy bastante reacio a escribir pr\u00f3logos para libros de poes\u00eda, y teniendo en cuenta que en ellos se ha de hablar bien del autor y su obra, as\u00ed como que soy muy sincero en lo que digo, me veo casi siempre en la coyuntura de si lo que voy a plasmar entra dentro de una visi\u00f3n realista sobre ese libro o si, por el contrario, me voy a dejar invadir de los sentimientos del autor y al final voy a transmitir lo que quer\u00eda expresar. Espero que en esta ocasi\u00f3n no suceda as\u00ed y, si sucede, ser\u00e1 debido a una falsa percepci\u00f3n de la realidad emocional del libro en cuesti\u00f3n.<\/p>\n<p style=\"text-align: justify;\">\u00a0\u00a0\u00a0\u00a0\u00a0\u00a0\u00a0\u00a0\u00a0\u00a0 Soledad Durnes Casa\u00f1al es una mujer excepcional. Hablemos de la mujer porque, si el lector conoce a la autora, podr\u00e1 \u2013sin duda alguna- conocer y adentrarse sin prejuicios dentro del alma del libro. Para empezar, diremos que por la sangre de Soledad corren los genes del gran poeta que fue Alberto Casa\u00f1al Shakery, un autor de larga trayectoria y muy valorado en Espa\u00f1a, especialmente en Arag\u00f3n, por lo que Soledad, desde peque\u00f1a, ha podido beber en la fuente clara de los versos de su abuelo. Ella tiene personalidad propia y sus poemas est\u00e1n alejados del estilo depurado de su antepasado. Y, aunque Soledad sorbi\u00f3 en el venero primigenio de la fuente cristalina de su abuelo, no ha querido seguir ese sendero o no ha podido. Ello no es ni malo ni bueno, en todo caso,\u00a0 Soledad tiene una identidad creativa propia, con nuevos sentires y una nueva forma de expresar los sentimientos de su alma. La vida de nuestra autora no ha sido precisamente de color de rosa; por el contrario, ha sido una vida de desdichas, penalidades, sufrimientos, carencias de cari\u00f1o y afectos por aquellas personas que, en su momento, m\u00e1s cercanas estaban a ella. Es por ello por lo que me atrever\u00eda a decir que Soledad encontr\u00f3 su salvaci\u00f3n en poder escribir poes\u00eda, eso fue el escape an\u00edmico para, en su d\u00eda, salir de la depresi\u00f3n. Afortunadamente, Soledad ha encontrado la estabilidad en su actual matrimonio, que le ha proporcionado el clima adecuado para que nuestra amiga pueda expresar como estrellas parpadeantes la emoci\u00f3n que lleva al alma. Soledad es una mujer valiente, animosa, divertida, dicharachera, que disfruta con todas las emociones art\u00edsticas que sabe desarrollar y a las que se entrega en cuerpo y alma.<\/p>\n<p style=\"text-align: justify;\">\u00a0\u00a0\u00a0\u00a0\u00a0\u00a0\u00a0\u00a0\u00a0\u00a0 Tiene ya una buena cantidad de libros publicados, de poes\u00eda y pensamientos. Es una gran activista cultural, pinta, escribe, hace baile de sal\u00f3n, materia en la que ha ganado bastantes premios; colabora en el peri\u00f3dico <em>Granada Costa<\/em>, con poes\u00eda, prosa, entrevistas y art\u00edculos; participa en m\u00faltiples actos culturales y en asociaciones a las cuales pertenece. Se podr\u00eda decir de ella que es una mujer polifac\u00e9tica.<\/p>\n<p style=\"text-align: justify;\">\u00a0\u00a0\u00a0\u00a0\u00a0\u00a0\u00a0\u00a0\u00a0\u00a0 Este libro que nos ocupa hoy, <em>SENTIR EN SOLEDAD<\/em>, comprende diferentes estilos de poes\u00eda y est\u00e1 dividido en tres partes heterog\u00e9neas: poes\u00eda, sonetos y coplas y cantares encerrando este \u00faltimo estilo: fandangos, verdiales, seguiriyas, jotas y saetas.<\/p>\n<p style=\"text-align: justify;\">\u00a0\u00a0\u00a0\u00a0\u00a0\u00a0\u00a0\u00a0\u00a0\u00a0 Soledad se refleja en su poes\u00eda, expresa el estado del momento, sin olvidar la musicalidad que sabe imprimir a sus versos y el ritmo que predomina en todo el libro. Entender las diferencias estil\u00edsticas del libro, por apartados, ser\u00e1 en todo caso funci\u00f3n para personas muy entendidas en estos estilos, sobre todos los cantados, a los que Soledad les da vida y que sonar\u00e1n seg\u00fan la val\u00eda de quien los cante. Al leerlo, uno se impregna de los aromas que Soledad Durnes Casa\u00f1al ha querido transmitir al lector. Su\u00a0 poes\u00eda es sencilla, llena de ternura y afectos, que quiere introducir dentro del coraz\u00f3n de las personas a las que se lo ha dedicado. Que no busque el lector en este libro cansancio ni aspereza al leerlo, ya que por todas sus p\u00e1ginas brilla una luz interior que nos transportar\u00e1 a la luminosidad imperecedera de las emociones y de los sentimientos, el amor, la bondad, la sonrisa, la amistad y el compa\u00f1erismo. Los poemas de este libro os har\u00e1n pasar momentos deliciosos, porque Soledad no ha mentido en ning\u00fan momento al escribirlos, ha sido muy sincera y en cada uno de ellos nos ha regalado una parte de ella misma.<\/p>\n<p style=\"text-align: justify;\">\u00a0\u00a0\u00a0\u00a0\u00a0\u00a0\u00a0\u00a0\u00a0\u00a0 Que cada lector, una vez lo haya le\u00eddo, saque las conclusiones que considere oportunas, porque cada uno de nosotros lloramos con l\u00e1grimas diferentes. Enhorabuena, amiga Soledad, leer tu libro me ha llenado de momentos m\u00e1gicos y de emociones inextinguibles. Y ya, para terminar, he de decirte que para m\u00ed ha sido todo un honor escribir esta introducci\u00f3n a tu libro, ni mejor ni peor que otra persona m\u00e1s entendida en la materia lo hubiese\u00a0 podido hacer, pues ning\u00fan amanecer es igual a otro amanecer, ni ning\u00fan coraz\u00f3n siente igual a otro coraz\u00f3n. Enhorabuena por tu estupendo libro y sigue por ese camino de sentimientos que tan bien t\u00fa sabes sembrar de flores.<\/p>\n<p>&nbsp;<\/p>\n<p style=\"text-align: right;\"><strong><em>Marcelino Arellano Alabarces<\/em><\/strong><\/p>\n<p style=\"text-align: right;\"><strong><em>Septiembre, 2016<\/em><\/strong><\/p>\n<p style=\"text-align: right;\"><a href=\"http:\/\/redoficial.citroen.es\/motril\"><img decoding=\"async\" loading=\"lazy\" class=\"aligncenter size-large wp-image-25899\" src=\"http:\/\/granadacostanacional.es\/wp-content\/uploads\/2020\/10\/anuncio-limer-1024x620.jpg\" alt=\"anuncio limer\" width=\"1024\" height=\"620\" \/><\/a><\/p>\n","protected":false},"excerpt":{"rendered":"<p>Podr\u00e1 leer el libro entero a trav\u00e9s de este enlace\u00a0&#8220;Sentir en Soledad&#8221; &nbsp; INTRODUCCI\u00d3N AL LIBRO\u00a0SENTIR EN SOLEDAD, DE SOLEDAD&hellip;<\/p>\n","protected":false},"author":2,"featured_media":27463,"comment_status":"open","ping_status":"open","sticky":false,"template":"","format":"standard","meta":{"om_disable_all_campaigns":false,"_mi_skip_tracking":false,"_monsterinsights_sitenote_active":false,"_monsterinsights_sitenote_note":"","_monsterinsights_sitenote_category":0,"footnotes":""},"categories":[21,29,30],"tags":[],"aioseo_notices":[],"_links":{"self":[{"href":"https:\/\/granadacostaglobal.es\/index.php?rest_route=\/wp\/v2\/posts\/27462"}],"collection":[{"href":"https:\/\/granadacostaglobal.es\/index.php?rest_route=\/wp\/v2\/posts"}],"about":[{"href":"https:\/\/granadacostaglobal.es\/index.php?rest_route=\/wp\/v2\/types\/post"}],"author":[{"embeddable":true,"href":"https:\/\/granadacostaglobal.es\/index.php?rest_route=\/wp\/v2\/users\/2"}],"replies":[{"embeddable":true,"href":"https:\/\/granadacostaglobal.es\/index.php?rest_route=%2Fwp%2Fv2%2Fcomments&post=27462"}],"version-history":[{"count":0,"href":"https:\/\/granadacostaglobal.es\/index.php?rest_route=\/wp\/v2\/posts\/27462\/revisions"}],"wp:featuredmedia":[{"embeddable":true,"href":"https:\/\/granadacostaglobal.es\/index.php?rest_route=\/"}],"wp:attachment":[{"href":"https:\/\/granadacostaglobal.es\/index.php?rest_route=%2Fwp%2Fv2%2Fmedia&parent=27462"}],"wp:term":[{"taxonomy":"category","embeddable":true,"href":"https:\/\/granadacostaglobal.es\/index.php?rest_route=%2Fwp%2Fv2%2Fcategories&post=27462"},{"taxonomy":"post_tag","embeddable":true,"href":"https:\/\/granadacostaglobal.es\/index.php?rest_route=%2Fwp%2Fv2%2Ftags&post=27462"}],"curies":[{"name":"wp","href":"https:\/\/api.w.org\/{rel}","templated":true}]}}