{"id":27453,"date":"2021-02-23T15:49:50","date_gmt":"2021-02-23T15:49:50","guid":{"rendered":"http:\/\/granadacostanacional.es\/?p=27453"},"modified":"2021-02-23T15:49:50","modified_gmt":"2021-02-23T15:49:50","slug":"la-radio-pasada-presente-y-futura-a-toda-costa","status":"publish","type":"post","link":"https:\/\/granadacostaglobal.es\/?p=27453","title":{"rendered":"La \u201cRADIO\u201d pasada, presente y futura \u2013 A TODA COSTA"},"content":{"rendered":"<h2>\u00a1Se afirma que las se\u00f1ales de radio son captadas en el COSMOS!<\/h2>\n<p style=\"text-align: justify;\">Tras recibir un estudio de viabilidad en 2011 y a propuesta de Espa\u00f1a, el Consejo Ejecutivo de la UNESCO, recomend\u00f3 a la Conferencia General que se proclamara el \u201cD\u00eda Mundial de la Radio\u201d.<\/p>\n<p style=\"text-align: justify;\">Y es que muchos espa\u00f1olitos recordamos la RADIO como algo que nos retrotrae a \u00e9pocas juveniles, \u201cDiego Valor\u201d, &#8220;Matilde, Perico y Periqu\u00edn&#8221; y por las noches \u201cUstedes son formidables\u201d del insigne Alberto Oliveras, entre otros muchos programas y concursos.<\/p>\n<p style=\"text-align: justify;\">La m\u00fasica de boleros, partidos de f\u00fatbol y noticias configuraban el escenario de nuestras audiciones preferidas junto a las canciones publicitarias cuya letra era pegadiza para recordarlas: \u201cLos muebles Peris\u201d o el \u201cOkal\u201d.<\/p>\n<p style=\"text-align: justify;\">En la actualidad la radio sigue gozando de buena salud y yo estoy en ese grupo de \u201coptimistas\u201d que opina que desde el universo gal\u00e1ctico los alien\u00edgenas o extraterrestres\u00a0se comunicar\u00e1n con nosotros a trav\u00e9s de las ondas hertzianas. La se\u00f1al de radio es universal y bien conocida, ser\u00eda algo que tendr\u00edamos en com\u00fan con otra inteligencia superior.<\/p>\n<p style=\"text-align: justify;\"><a href=\"http:\/\/granadacostanacional.es\/wp-content\/uploads\/2021\/02\/2021-02-19_015032.jpg\"><img decoding=\"async\" loading=\"lazy\" class=\"aligncenter wp-image-27454 size-large\" src=\"http:\/\/granadacostanacional.es\/wp-content\/uploads\/2021\/02\/2021-02-19_015032-798x1024.jpg\" alt=\"2021-02-19_015032\" width=\"798\" height=\"1024\" \/><\/a><\/p>\n<p style=\"text-align: justify;\">Tanto es as\u00ed que me esper\u00e9 unos d\u00edas, desde la fecha de la celebraci\u00f3n 13 de este mes de febrero, en poner este art\u00edculo, por cuanto intu\u00ed la posibilidad de que este a\u00f1o tan catastr\u00f3fico por la pandemia, como por la enrevesada pol\u00edtica, se resolver\u00eda con una llamada hacia la concordia desde el &lt;&lt;m\u00e1s all\u00e1&gt;&gt;, para solucionar los problemas de los que estamos &lt;&lt;m\u00e1s aqu\u00ed&gt;&gt;.<\/p>\n<p style=\"text-align: justify;\">\u00a1Nada!, no les importa que nuestros dirigentes hayan traicionado sus promesas electorales, que no den ninguna explicaci\u00f3n coherente y que quieran racionalizar lo irracional.<\/p>\n<p style=\"text-align: justify;\">Seguiremos esperando esa llamada de luz, mientras disfrutamos de la trasmisi\u00f3n \u201cterr\u00edcola\u201d convencional, que perdura y subsiste a pesar de Internet, redes sociales y otros medios y\/o aparatos tecnol\u00f3gicos.<\/p>\n<p style=\"text-align: justify;\"><strong><em>\u201cLoa a la RADIO que tanto nos aport\u00f3, aporta y aportar\u00e1\u201d\u00a0<\/em><\/strong><\/p>\n<p style=\"text-align: right;\"><em><strong>Francisco Ponce Carrasco<\/strong><\/em><\/p>\n<p><a href=\"https:\/\/www.frutaselporton.es\/apps\/wa1\/Pizarra.html\"><img decoding=\"async\" loading=\"lazy\" class=\"aligncenter size-full wp-image-25341\" src=\"http:\/\/granadacostanacional.es\/wp-content\/uploads\/2020\/09\/El-port\u00f3n.gif\" alt=\"El port\u00f3n\" width=\"787\" height=\"394\" \/><\/a><\/p>\n","protected":false},"excerpt":{"rendered":"<p>\u00a1Se afirma que las se\u00f1ales de radio son captadas en el COSMOS! Tras recibir un estudio de viabilidad en 2011&hellip;<\/p>\n","protected":false},"author":2,"featured_media":24452,"comment_status":"open","ping_status":"open","sticky":false,"template":"","format":"standard","meta":{"om_disable_all_campaigns":false,"_mi_skip_tracking":false,"_monsterinsights_sitenote_active":false,"_monsterinsights_sitenote_note":"","_monsterinsights_sitenote_category":0,"footnotes":""},"categories":[21,30],"tags":[],"aioseo_notices":[],"_links":{"self":[{"href":"https:\/\/granadacostaglobal.es\/index.php?rest_route=\/wp\/v2\/posts\/27453"}],"collection":[{"href":"https:\/\/granadacostaglobal.es\/index.php?rest_route=\/wp\/v2\/posts"}],"about":[{"href":"https:\/\/granadacostaglobal.es\/index.php?rest_route=\/wp\/v2\/types\/post"}],"author":[{"embeddable":true,"href":"https:\/\/granadacostaglobal.es\/index.php?rest_route=\/wp\/v2\/users\/2"}],"replies":[{"embeddable":true,"href":"https:\/\/granadacostaglobal.es\/index.php?rest_route=%2Fwp%2Fv2%2Fcomments&post=27453"}],"version-history":[{"count":0,"href":"https:\/\/granadacostaglobal.es\/index.php?rest_route=\/wp\/v2\/posts\/27453\/revisions"}],"wp:featuredmedia":[{"embeddable":true,"href":"https:\/\/granadacostaglobal.es\/index.php?rest_route=\/"}],"wp:attachment":[{"href":"https:\/\/granadacostaglobal.es\/index.php?rest_route=%2Fwp%2Fv2%2Fmedia&parent=27453"}],"wp:term":[{"taxonomy":"category","embeddable":true,"href":"https:\/\/granadacostaglobal.es\/index.php?rest_route=%2Fwp%2Fv2%2Fcategories&post=27453"},{"taxonomy":"post_tag","embeddable":true,"href":"https:\/\/granadacostaglobal.es\/index.php?rest_route=%2Fwp%2Fv2%2Ftags&post=27453"}],"curies":[{"name":"wp","href":"https:\/\/api.w.org\/{rel}","templated":true}]}}