{"id":27398,"date":"2021-02-18T16:45:47","date_gmt":"2021-02-18T16:45:47","guid":{"rendered":"http:\/\/granadacostanacional.es\/?p=27398"},"modified":"2021-02-18T16:45:47","modified_gmt":"2021-02-18T16:45:47","slug":"libro-recomendado-poetica-de-noviembre-de-jesus-solano","status":"publish","type":"post","link":"https:\/\/granadacostaglobal.es\/?p=27398","title":{"rendered":"Libro Recomendado &#8220;Po\u00e9tica de Noviembre&#8221; de Jes\u00fas Solano"},"content":{"rendered":"<h2 style=\"text-align: center;\">Podr\u00e1 leer el libro entero a trav\u00e9s de este enlace\u00a0<span style=\"color: #0000ff;\"><a style=\"color: #0000ff;\" href=\"http:\/\/granadacostanacional.es\/downloads\/Poetica de Noviembre.pdf\">&#8220;Po\u00e9tica de Noviembre&#8221;<\/a><\/span><\/h2>\n<p>&nbsp;<\/p>\n<h2 style=\"text-align: center;\">AL LECTOR DE ESTE LIBRO<\/h2>\n<p>&nbsp;<\/p>\n<p>La cultura es, como todos sabemos, aquel n\u00facleo en donde est\u00e1n comprendidos como v\u00e1lidos una serie de valores tanto \u00e9ticos como est\u00e9ticos de un conjunto de seres humanos. Ah\u00ed donde hay consenso en las creencias religiosas o metaf\u00edsicas, en la forma de reproducir la vida material, en la concepci\u00f3n que se tiene de lo bello y de lo bueno. En general, la actitud que se tiene hacia la existencia y la realidad. Esa cosmovisi\u00f3n aceptada como cierta y que de ella se derivan valores para la vida.<\/p>\n<p>La variedad de expresiones culturales obedece a las distintas cosmovisiones que diferentes grupos humanos guardan en las diferencias que existen tanto en el tiempo como en el espacio. A partir del Renacimiento, y con \u00e9l la aparici\u00f3n de la Edad Moderna, se ampli\u00f3 y fue posible la apelaci\u00f3n a la diferenciaci\u00f3n que existe entre los seres humanos; esta tendencia, un poco ficticia en la realidad de la pr\u00e1ctica concreta de la vida, ha logrado que en nuestra sociedad posmoderna surja un fen\u00f3meno de expresi\u00f3n antes desconocido por la sociedad humana: el fen\u00f3meno de la subcultura. As\u00ed es que encontramos de un lado a la &#8220;Cultura Oficial&#8221; y en contraparte a las diversas &#8220;Subculturas&#8221; dentro de un mismo tiempo y espacio.<\/p>\n<p>A primera vista parece un tanto contradictoria hablar de Subcultura en el seno de una cultura, \u00bfno ser\u00eda acaso la subcultura m\u00e1s bien una forma alterna de la cultura oficial? La respuesta es un rotundo no. La raz\u00f3n gira en tomo a esto: la subcultura es primero un reto a los valores formales convencionales en la medida en que estos, en nuestra sociedad, tienden a volver al hombre en un ser unidimensional en donde solo es v\u00e1lida una sola cosmovisi\u00f3n y en consecuencia una sola forma de actitud hacia la existencia, y con ello, surge el absolutismo y la represi\u00f3n de la expresi\u00f3n del esp\u00edritu humano&#8230;<\/p>\n<p>&nbsp;<\/p>\n<p><a href=\"http:\/\/granadacostanacional.es\/wp-content\/uploads\/2021\/01\/Playa-San-Cristobal.png\"><img decoding=\"async\" loading=\"lazy\" class=\"aligncenter size-large wp-image-26941\" src=\"http:\/\/granadacostanacional.es\/wp-content\/uploads\/2021\/01\/Playa-San-Cristobal-1024x687.png\" alt=\"Playa San Cristobal\" width=\"1024\" height=\"687\" \/><\/a><\/p>\n","protected":false},"excerpt":{"rendered":"<p>Podr\u00e1 leer el libro entero a trav\u00e9s de este enlace\u00a0&#8220;Po\u00e9tica de Noviembre&#8221; &nbsp; AL LECTOR DE ESTE LIBRO &nbsp; La&hellip;<\/p>\n","protected":false},"author":2,"featured_media":27399,"comment_status":"open","ping_status":"open","sticky":false,"template":"","format":"standard","meta":{"om_disable_all_campaigns":false,"_mi_skip_tracking":false,"_monsterinsights_sitenote_active":false,"_monsterinsights_sitenote_note":"","_monsterinsights_sitenote_category":0,"footnotes":""},"categories":[21,29,30],"tags":[],"aioseo_notices":[],"_links":{"self":[{"href":"https:\/\/granadacostaglobal.es\/index.php?rest_route=\/wp\/v2\/posts\/27398"}],"collection":[{"href":"https:\/\/granadacostaglobal.es\/index.php?rest_route=\/wp\/v2\/posts"}],"about":[{"href":"https:\/\/granadacostaglobal.es\/index.php?rest_route=\/wp\/v2\/types\/post"}],"author":[{"embeddable":true,"href":"https:\/\/granadacostaglobal.es\/index.php?rest_route=\/wp\/v2\/users\/2"}],"replies":[{"embeddable":true,"href":"https:\/\/granadacostaglobal.es\/index.php?rest_route=%2Fwp%2Fv2%2Fcomments&post=27398"}],"version-history":[{"count":0,"href":"https:\/\/granadacostaglobal.es\/index.php?rest_route=\/wp\/v2\/posts\/27398\/revisions"}],"wp:featuredmedia":[{"embeddable":true,"href":"https:\/\/granadacostaglobal.es\/index.php?rest_route=\/"}],"wp:attachment":[{"href":"https:\/\/granadacostaglobal.es\/index.php?rest_route=%2Fwp%2Fv2%2Fmedia&parent=27398"}],"wp:term":[{"taxonomy":"category","embeddable":true,"href":"https:\/\/granadacostaglobal.es\/index.php?rest_route=%2Fwp%2Fv2%2Fcategories&post=27398"},{"taxonomy":"post_tag","embeddable":true,"href":"https:\/\/granadacostaglobal.es\/index.php?rest_route=%2Fwp%2Fv2%2Ftags&post=27398"}],"curies":[{"name":"wp","href":"https:\/\/api.w.org\/{rel}","templated":true}]}}