{"id":27269,"date":"2021-02-16T13:16:16","date_gmt":"2021-02-16T13:16:16","guid":{"rendered":"http:\/\/granadacostanacional.es\/?p=27269"},"modified":"2021-02-16T13:16:16","modified_gmt":"2021-02-16T13:16:16","slug":"la-pintora-pepa-cortes-expondra-sus-cuadros-en-la-primera-piramide-cultural-granada-costa","status":"publish","type":"post","link":"https:\/\/granadacostaglobal.es\/?p=27269","title":{"rendered":"La pintora Pepa Cort\u00e9s expondr\u00e1 sus cuadros en la Primera Pir\u00e1mide Cultural Granada Costa"},"content":{"rendered":"<p style=\"text-align: justify;\">Pepa Cort\u00e9s, una mujer enraizada en el arte pict\u00f3rico. &#8220;Siempre Activa&#8221; en su pluralidad de actividades, y al mismo tiempo &#8220;relajada y gozosa&#8221; en su interior, mientras crea, entra y sale, va y viene, hace esto, pero atiende a lo otro&#8230;<\/p>\n<p style=\"text-align: justify;\">S\u00ed, &#8220;activa y relajada&#8221; al mismo tiempo, mientras se entretiene con sus &#8220;Musas&#8221; que le ponen alas doradas a su imaginaci\u00f3n, le resuelven sus dudas, renuevan sus energ\u00edas, afinan sus sentimientos y le revelan las secretas claves para magnificar su Arte. &#8220;Activa, relajada y gozosa&#8221; al mismo tiempo mientras contempla la Naturaleza y se interioriza en ella: la contempla, la admira y la disfruta, capta sus ocultos mensajes, y, sobre todo, la ama. &#8220;Activa, relajada y gozosa&#8221; mientras en l\u00edrico \u00e9xtasis pinta y nos ofrece sus \u00f3leos, sus marinas y bodegones rebosantes de &#8220;Luz, Colorido, Armon\u00eda, Belleza, Sensibilidad y Trascendencia&#8221;.<\/p>\n<p style=\"text-align: justify;\"><strong>EXPOSICIONES DE PINTURA:<\/strong><\/p>\n<p style=\"text-align: justify;\">La Cartuja de Valldemossa: Mallorca. 2006, Exposici\u00f3n Colectiva en Festival Park. Mallorca. 2006, La Cartuja de Valldemossa. Mallorca. 2007, Paseo de la Pechina. Valencia. 2007, Cruz Roja en S\u00f3ller. Mallorca. 2007, Galer\u00eda Joana Frontera, Mallorca, 2008, Moebel, Pol\u00edgono de Santa Ponsa. Mallorca. 2008, Galer\u00eda de Inca, Mallorca. 2008, Centro Andaluz de Pollensa, Mallorca. 2008, Exposici\u00f3n Colectiva Festival Park, con Jos\u00e9 Munar. Mallorca 2008, Fundaci\u00f3n Jaime Ribot Amengual. Petra. Mallorca 2008, Benisalem, Mallora, 2008. Hotel Villa Paguera. Mallorca. 2008, Ayuntamiento de Calvi\u00e1, Mallorca. 2008, Casa de Andaluc\u00eda en Baleares. Mallorca. 2008, Exposici\u00f3n Colectiva. Claustro de San Antonio. Palma. 2008, Casa de Andaluc\u00eda en Baleares, 2009, Galer\u00eda de Arte. Abdera, (Granada). 2010, Parque de las Estaciones. Mallorca. 2010, En &#8220;El Molinar&#8221;, Mallorca, 2010, Cruz Roja, S\u00f3ller (Mallorca) 2010 y 2012, Exposici\u00f3n Colectiva en la galer\u00eda Pascual De Cabo, 2011. Pinos Puente (Granada) 2011, &#8220;La Herradura&#8221; (Granada). 2011, Hotel Cambrils. S\u00f3ller (Mallorca)). 2012, &#8220;La Herradura&#8221; (Granada) 2012, Exposici\u00f3n Colectiva en &#8220;La Herradura&#8221; (Granada) 2012., Exposici\u00f3n Colectiva Casal Paguera (Mallorca). 2012, Hotel Helios. Almu\u00f1\u00e9car, (Granada) 2013, Casa Cultural de Churriana de la Vega (Granada) 2013, Caja General de Motril (Granada) 2013, Bas\u00edlica de la Cartuja. (Granada) 2013, Casa Cultural de Santa Ponsa 2014, Exposici\u00f3n Colectiva en Art Viu. Palma de Mallorca 2014. Exposici\u00f3n individual &#8220;Pinceladas&#8221; en la Sala De Exposiciones De Los Jardines Nazar\u00edes \u2013 V\u00e9lez De Benaudalla, Granada, 2015. Exposici\u00f3n individual en la Casa de la Agricultura de Valencia, 2016. Exposici\u00f3n individual en el Centro de Cultura de Llucmajor, Mallorca, 2016. Exposici\u00f3n individual en la Casa de las Cadenas, Villa del R\u00edo, C\u00f3rdoba, 2017. Exposici\u00f3n individual en la Casa de la Condesa de Motril, 2018. Exposici\u00f3n de \u00d3leos en la Casa Condesa De Torre-Isabel, 2019.<\/p>\n<p style=\"text-align: justify;\"><strong>PREMIOS Y DISTINCIONES:<\/strong><\/p>\n<ul style=\"text-align: justify;\">\n<li>Segundo Premio de pintura en la Casa de Andaluc\u00eda en Baleares. 2005.<\/li>\n<li>Primer Premio de Pintura en la Casa de Andaluc\u00eda en Baleares. 2007.<\/li>\n<li>Primer Premio de pintura en &#8220;La Herradura&#8221;. (Granada) 2012.<\/li>\n<li>Distinci\u00f3n Cultural en el Hotel Helios Almu\u00f1\u00e9car. (Granada) 2013.<\/li>\n<li>Medalla de Oro por M\u00e9rito al Trabajo, otorgada por el Club &#8220;Granada Costa&#8221; (Granada) 2013.<\/li>\n<li>Primer premio del certamen internacional &#8220;Granada Costa&#8221; 2014.<\/li>\n<li>Edici\u00f3n del libro &#8220;Pinceladas. 2012.<\/li>\n<li>Ilustraci\u00f3n para la portada del libro &#8220;Seguir\u00e9 tu camino&#8221;, de Marcelino Arellano. 2013.<\/li>\n<li>Donaci\u00f3n del cuadro &#8220;Jun\u00edpero Serra&#8221;. Petra. (Mallorca) 2013.<\/li>\n<\/ul>\n<p style=\"text-align: justify;\"><strong>PUBLICACIONES<\/strong><\/p>\n<ul>\n<li style=\"text-align: justify;\">Edici\u00f3n del libro \u201cPinceladas&#8221;. 2012.<\/li>\n<\/ul>\n<p><a href=\"http:\/\/granadacostanacional.es\/wp-content\/uploads\/2021\/02\/Pinceladas-3d-1.jpg\"><img decoding=\"async\" loading=\"lazy\" class=\"aligncenter size-medium wp-image-27273\" src=\"http:\/\/granadacostanacional.es\/wp-content\/uploads\/2021\/02\/Pinceladas-3d-1-263x300.jpg\" alt=\"Pinceladas 3d\" width=\"263\" height=\"300\" \/><\/a><\/p>\n<ul>\n<li style=\"text-align: justify;\">Ilustraci\u00f3n para la portada del libro \u201cSeguir\u00e9 tu camino\u201d, de Marcelino Arellano. 2013.<\/li>\n<\/ul>\n<p><a href=\"http:\/\/granadacostanacional.es\/wp-content\/uploads\/2021\/02\/Portada-Marcelino-Arellano-Seguire-tu-camino-3D-copia.jpg\"><img decoding=\"async\" loading=\"lazy\" class=\"aligncenter size-medium wp-image-27270\" src=\"http:\/\/granadacostanacional.es\/wp-content\/uploads\/2021\/02\/Portada-Marcelino-Arellano-Seguire-tu-camino-3D-copia-228x300.jpg\" alt=\"Portada - Marcelino Arellano - Seguire tu camino 3D copia\" width=\"228\" height=\"300\" \/><\/a><\/p>\n<ul>\n<li style=\"text-align: justify;\">Donaci\u00f3n del cuadro \u201cJun\u00edpero Serra\u201d. Petra, Mallorca, 2013.<\/li>\n<li style=\"text-align: justify;\">Su pintura ha sido elegida para la ilustraci\u00f3n del calendario de PM Gestores Administrativos de Motril a\u00f1o 2014 y 2015.<\/li>\n<li style=\"text-align: justify;\">Ilustraci\u00f3n para la portada del libro \u201cAntolog\u00eda Po\u00e9tica Granada Costa dedicada al Papa Juan Pablo II\u201d, de Marcelino Arellano. 2021.<\/li>\n<\/ul>\n<p><a href=\"http:\/\/granadacostanacional.es\/wp-content\/uploads\/2021\/02\/Poratada-Antologia-Juan-Pablo-II.jpg\"><img decoding=\"async\" loading=\"lazy\" class=\"aligncenter size-medium wp-image-27214\" src=\"http:\/\/granadacostanacional.es\/wp-content\/uploads\/2021\/02\/Poratada-Antologia-Juan-Pablo-II-212x300.jpg\" alt=\"Poratada Antologia Juan Pablo II\" width=\"212\" height=\"300\" \/><\/a><\/p>\n<h2 style=\"text-align: center;\"><\/h2>\n<p>&nbsp;<\/p>\n<h2 style=\"text-align: center;\">ALGUNAS OBRAS DE LA PINTORA PEPA CORT\u00c9S<\/h2>\n<p><a href=\"http:\/\/granadacostanacional.es\/wp-content\/uploads\/2021\/02\/Imagen13.jpg\"><img decoding=\"async\" loading=\"lazy\" class=\"aligncenter wp-image-27274\" src=\"http:\/\/granadacostanacional.es\/wp-content\/uploads\/2021\/02\/Imagen13-300x248.jpg\" alt=\"Imagen13\" width=\"600\" height=\"497\" \/><\/a><\/p>\n<p>&nbsp;<\/p>\n<p><a href=\"http:\/\/granadacostanacional.es\/wp-content\/uploads\/2021\/02\/Imagen12.jpg\"><img decoding=\"async\" loading=\"lazy\" class=\"aligncenter wp-image-27279\" src=\"http:\/\/granadacostanacional.es\/wp-content\/uploads\/2021\/02\/Imagen12-300x241.jpg\" alt=\"Imagen12\" width=\"600\" height=\"483\" \/><\/a><\/p>\n<p>&nbsp;<\/p>\n<p><a href=\"http:\/\/granadacostanacional.es\/wp-content\/uploads\/2021\/02\/Imagen8.jpg\"><img decoding=\"async\" loading=\"lazy\" class=\"aligncenter wp-image-27278\" src=\"http:\/\/granadacostanacional.es\/wp-content\/uploads\/2021\/02\/Imagen8-300x243.jpg\" alt=\"Imagen8\" width=\"600\" height=\"485\" \/><\/a><\/p>\n<p>&nbsp;<\/p>\n<p><a href=\"http:\/\/granadacostanacional.es\/wp-content\/uploads\/2021\/02\/Imagen9.jpg\"><img decoding=\"async\" loading=\"lazy\" class=\"aligncenter wp-image-27277\" src=\"http:\/\/granadacostanacional.es\/wp-content\/uploads\/2021\/02\/Imagen9-300x229.jpg\" alt=\"Imagen9\" width=\"600\" height=\"459\" \/><\/a><\/p>\n<p>&nbsp;<\/p>\n<p><a href=\"http:\/\/granadacostanacional.es\/wp-content\/uploads\/2021\/02\/Imagen10.jpg\"><img decoding=\"async\" loading=\"lazy\" class=\"aligncenter wp-image-27276\" src=\"http:\/\/granadacostanacional.es\/wp-content\/uploads\/2021\/02\/Imagen10-300x229.jpg\" alt=\"Imagen10\" width=\"600\" height=\"458\" \/><\/a><\/p>\n<p>&nbsp;<\/p>\n<p><a href=\"http:\/\/granadacostanacional.es\/wp-content\/uploads\/2021\/02\/Imagen11.jpg\"><img decoding=\"async\" loading=\"lazy\" class=\"aligncenter wp-image-27275\" src=\"http:\/\/granadacostanacional.es\/wp-content\/uploads\/2021\/02\/Imagen11-300x225.jpg\" alt=\"Imagen11\" width=\"600\" height=\"451\" \/><\/a><\/p>\n<p>&nbsp;<\/p>\n<p style=\"text-align: right;\"><em><strong>Redacci\u00f3n Granada Costa<\/strong><\/em><\/p>\n<p style=\"text-align: right;\"><a href=\"http:\/\/www.itrabo.es\/\"><img decoding=\"async\" loading=\"lazy\" class=\"aligncenter size-full wp-image-25975\" src=\"http:\/\/granadacostanacional.es\/wp-content\/uploads\/2020\/11\/web-itrabo.gif\" alt=\"web itrabo\" width=\"689\" height=\"567\" \/><\/a><\/p>\n","protected":false},"excerpt":{"rendered":"<p>Pepa Cort\u00e9s, una mujer enraizada en el arte pict\u00f3rico. &#8220;Siempre Activa&#8221; en su pluralidad de actividades, y al mismo tiempo&hellip;<\/p>\n","protected":false},"author":3,"featured_media":27284,"comment_status":"open","ping_status":"open","sticky":false,"template":"","format":"standard","meta":{"om_disable_all_campaigns":false,"_mi_skip_tracking":false,"_monsterinsights_sitenote_active":false,"_monsterinsights_sitenote_note":"","_monsterinsights_sitenote_category":0,"footnotes":""},"categories":[21],"tags":[],"aioseo_notices":[],"_links":{"self":[{"href":"https:\/\/granadacostaglobal.es\/index.php?rest_route=\/wp\/v2\/posts\/27269"}],"collection":[{"href":"https:\/\/granadacostaglobal.es\/index.php?rest_route=\/wp\/v2\/posts"}],"about":[{"href":"https:\/\/granadacostaglobal.es\/index.php?rest_route=\/wp\/v2\/types\/post"}],"author":[{"embeddable":true,"href":"https:\/\/granadacostaglobal.es\/index.php?rest_route=\/wp\/v2\/users\/3"}],"replies":[{"embeddable":true,"href":"https:\/\/granadacostaglobal.es\/index.php?rest_route=%2Fwp%2Fv2%2Fcomments&post=27269"}],"version-history":[{"count":0,"href":"https:\/\/granadacostaglobal.es\/index.php?rest_route=\/wp\/v2\/posts\/27269\/revisions"}],"wp:featuredmedia":[{"embeddable":true,"href":"https:\/\/granadacostaglobal.es\/index.php?rest_route=\/"}],"wp:attachment":[{"href":"https:\/\/granadacostaglobal.es\/index.php?rest_route=%2Fwp%2Fv2%2Fmedia&parent=27269"}],"wp:term":[{"taxonomy":"category","embeddable":true,"href":"https:\/\/granadacostaglobal.es\/index.php?rest_route=%2Fwp%2Fv2%2Fcategories&post=27269"},{"taxonomy":"post_tag","embeddable":true,"href":"https:\/\/granadacostaglobal.es\/index.php?rest_route=%2Fwp%2Fv2%2Ftags&post=27269"}],"curies":[{"name":"wp","href":"https:\/\/api.w.org\/{rel}","templated":true}]}}