{"id":27198,"date":"2021-02-13T08:56:26","date_gmt":"2021-02-13T08:56:26","guid":{"rendered":"http:\/\/granadacostanacional.es\/?p=27198"},"modified":"2021-02-13T08:56:26","modified_gmt":"2021-02-13T08:56:26","slug":"el-pintor-paco-ariza-participara-en-la-proxima-piramide-cultural-granada-costa","status":"publish","type":"post","link":"https:\/\/granadacostaglobal.es\/?p=27198","title":{"rendered":"El pintor Paco Ariza participar\u00e1 en la pr\u00f3xima Pir\u00e1mide Cultural Granada Costa"},"content":{"rendered":"<p style=\"text-align: center;\"><strong>El pintor Paco Ariza, conocido como &#8220;El guitarrista&#8221;,\u00a0participar\u00e1 en la pr\u00f3xima Pir\u00e1mide Cultural Granada Costa, que se celebrar\u00e1 entre el 17 de abril y el 2 de mayo de 2021<\/strong><\/p>\n<p style=\"text-align: justify;\">Paco Ariza empez\u00f3 pintando cer\u00e1mica en Talavera de la Reina, Toledo. Estudi\u00f3 en diferentes Academias de Arte en Palma de Mallorca.<\/p>\n<p style=\"text-align: justify;\">Ha expuesto en diferentes Galer\u00edas de Arte y Centros Culturales en Baleares, Andaluc\u00eda, Zaragoza, Madrid, Cantabria y en diferentes pa\u00edses de Europa, \u00c1frica y Am\u00e9rica.<\/p>\n<p style=\"text-align: justify;\"><strong>Entre los\u00a0diferentes simposios de Arte en que ha\u00a0participado<\/strong>, encontramos:<\/p>\n<p style=\"text-align: justify;\">EUROPA: Austria, Hungr\u00eda, Italia, Ruman\u00eda, Alemania, Eslovaquia, Finlandia, Croacia\u2026<\/p>\n<p style=\"text-align: justify;\">\u00c1FRICA: Egipto (El Gouna y Universidad de Minia) y en Marruecos (Rabat y Marrakech).<\/p>\n<p style=\"text-align: justify;\">AM\u00c9RICA: Argentina (Villa de Merla).<\/p>\n<p style=\"text-align: justify;\"><strong>Y<\/strong> <strong>ha organizado los siguientes simposios:<\/strong><\/p>\n<p style=\"text-align: justify;\"><strong>\u201cARTE ESPA\u00d1A\u201d<\/strong><\/p>\n<p style=\"text-align: justify;\">en Ria\u00f1o, Cantabria en 1999, 2000 y 2001.<\/p>\n<p style=\"text-align: justify;\"><strong>\u201cMEETING ART ALMU\u00d1\u00c9CAR\u201d<\/strong><\/p>\n<p style=\"text-align: justify;\">Desde hace 9 a\u00f1os, organiza el symposium internaciuonal MAA, en Almu\u00f1\u00e9car, Granada<\/p>\n<p style=\"text-align: justify;\">Es Presidente de la Asociaci\u00f3n ARTE SUR \u2013 ALMU\u00d1\u00c9CAR, habiendo expuesto en diferentes localidades de Granada, M\u00e1laga y C\u00f3rdoba. Ha participado en exposiciones de Mail Art en diferentes ciudades de Europa, y es organizador en Almu\u00f1\u00e9car.<\/p>\n<p style=\"text-align: justify;\">Ha participado en \u201cTile Project, destino: El Mundo\u201d, en Instalaciones colectivas de cer\u00e1mica (realizada en Artesan\u00eda Talaverana) en: Azerbaiy\u00e1n, Bosnia, Canad\u00e1, Finlandia, Francia, Alemania, India, Israel, M\u00e9jico, Nueva Zelanda, Filipinas, Ruman\u00eda, Sur\u00e1frica, Corea del Sur, Chinch\u00f3n (Espa\u00f1a), Taiw\u00e1n, Turqu\u00eda, USA, Vietnam, y Pa\u00eds de Gales.<\/p>\n<p style=\"text-align: justify;\">Nuestro compa\u00f1ero, el escritor y poeta <strong>Alfonso Monteagudo<\/strong>, escribi\u00f3 los siguientes textos a los que se puede acceder a trav\u00e9s de la Hemeroteca Granada Costa:<\/p>\n<p style=\"text-align: justify;\">Peri\u00f3dico n\u00ba 438, de 31 de julio de 2015 (pg. 22). Habla sobre el\u00a0Grupo Art\u00edstico Acentos, espec\u00edficamente de la Exposici\u00f3n Internacional Mail Art, en la que particip\u00f3 Paco Ariza.<\/p>\n<p style=\"text-align: justify;\">Enlace:\u00a0<span style=\"color: #3366ff;\"><a style=\"color: #3366ff;\" href=\"http:\/\/granadacostanacional.es\/downloads\/GC438.pdf\">http:\/\/granadacostanacional.es\/downloads\/GC438.pdf<\/a><\/span><\/p>\n<p style=\"text-align: justify;\">Peri\u00f3dico n\u00ba 439, de 31 de agosto de 2015 (pgs. 12 y 13). Entrevista al propio Paco Ariza.<\/p>\n<p style=\"text-align: justify;\">Enlace:\u00a0<span style=\"color: #3366ff;\"><a style=\"color: #3366ff;\" href=\"http:\/\/granadacostanacional.es\/downloads\/GC%20439.pdf\">http:\/\/granadacostanacional.es\/downloads\/GC%20439.pdf<\/a><\/span><\/p>\n<p style=\"text-align: justify;\">\n<h2 style=\"text-align: center;\"><strong>Algunas de\u00a0las obras con que participar\u00e1 en la Primera Pir\u00e1mide Cultural:<\/strong><\/h2>\n<p style=\"text-align: justify;\"><a href=\"http:\/\/granadacostanacional.es\/wp-content\/uploads\/2021\/02\/DESNUDO-CON-ARENA-\u00f3leo-80-X-60.jpg\"><img decoding=\"async\" loading=\"lazy\" class=\"aligncenter size-large wp-image-27201\" src=\"http:\/\/granadacostanacional.es\/wp-content\/uploads\/2021\/02\/DESNUDO-CON-ARENA-\u00f3leo-80-X-60-752x1024.jpg\" alt=\"DESNUDO CON ARENA \u00f3leo 80 X 60\" width=\"752\" height=\"1024\" \/><\/a><\/p>\n<p style=\"text-align: justify;\">\n<p style=\"text-align: justify;\"><a href=\"http:\/\/granadacostanacional.es\/wp-content\/uploads\/2021\/02\/CASTILLO-BELLVER.1-\u00f3leo-61-X-46.jpg\"><img decoding=\"async\" loading=\"lazy\" class=\"aligncenter size-large wp-image-27203\" src=\"http:\/\/granadacostanacional.es\/wp-content\/uploads\/2021\/02\/CASTILLO-BELLVER.1-\u00f3leo-61-X-46-762x1024.jpg\" alt=\"CASTILLO BELLVER.1 \u00f3leo 61 X 46\" width=\"762\" height=\"1024\" \/><\/a><\/p>\n<p style=\"text-align: justify;\">\n<p style=\"text-align: justify;\"><a href=\"http:\/\/granadacostanacional.es\/wp-content\/uploads\/2021\/02\/KENDLIMAJOR-HUNGR\u00cdA-\u00f3leo-61-X-46.jpg\"><img decoding=\"async\" loading=\"lazy\" class=\"aligncenter size-large wp-image-27204\" src=\"http:\/\/granadacostanacional.es\/wp-content\/uploads\/2021\/02\/KENDLIMAJOR-HUNGR\u00cdA-\u00f3leo-61-X-46.jpg\" alt=\"KENDLIMAJOR, HUNGR\u00cdA \u00f3leo 61 X 46\" width=\"710\" height=\"960\" \/><\/a><\/p>\n<p style=\"text-align: justify;\">\n<p style=\"text-align: justify;\"><a href=\"http:\/\/granadacostanacional.es\/wp-content\/uploads\/2021\/02\/CASTILLO-TEMPLARIO-\u00f3leo-73-X-60.jpg\"><img decoding=\"async\" loading=\"lazy\" class=\"aligncenter size-large wp-image-27205\" src=\"http:\/\/granadacostanacional.es\/wp-content\/uploads\/2021\/02\/CASTILLO-TEMPLARIO-\u00f3leo-73-X-60-784x1024.jpg\" alt=\"CASTILLO TEMPLARIO, \u00f3leo 73 X 60\" width=\"784\" height=\"1024\" \/><\/a><\/p>\n<p style=\"text-align: justify;\">\n<p style=\"text-align: justify;\"><a href=\"http:\/\/granadacostanacional.es\/wp-content\/uploads\/2021\/02\/CASTILLO-BELLVER.3-\u00f3leo-70-X-50.jpg\"><img decoding=\"async\" loading=\"lazy\" class=\"aligncenter size-large wp-image-27206\" src=\"http:\/\/granadacostanacional.es\/wp-content\/uploads\/2021\/02\/CASTILLO-BELLVER.3-\u00f3leo-70-X-50-719x1024.jpg\" alt=\"CASTILLO BELLVER.3 \u00f3leo 70 X 50\" width=\"719\" height=\"1024\" \/><\/a><\/p>\n<p style=\"text-align: justify;\">\n<p style=\"text-align: justify;\"><a href=\"http:\/\/granadacostanacional.es\/wp-content\/uploads\/2021\/02\/CASTILLO-BELLVER.2-\u00f3leo-70-X-50.jpg\"><img decoding=\"async\" loading=\"lazy\" class=\"aligncenter size-large wp-image-27207\" src=\"http:\/\/granadacostanacional.es\/wp-content\/uploads\/2021\/02\/CASTILLO-BELLVER.2-\u00f3leo-70-X-50-720x1024.jpg\" alt=\"CASTILLO BELLVER.2 \u00f3leo 70 X 50\" width=\"720\" height=\"1024\" \/><\/a><\/p>\n<p style=\"text-align: justify;\">\n<p style=\"text-align: justify;\"><a href=\"http:\/\/granadacostanacional.es\/wp-content\/uploads\/2021\/02\/TALAVERA.-pastel-47-X-58.jpg\"><img decoding=\"async\" loading=\"lazy\" class=\"aligncenter size-large wp-image-27200\" src=\"http:\/\/granadacostanacional.es\/wp-content\/uploads\/2021\/02\/TALAVERA.-pastel-47-X-58-1024x723.jpg\" alt=\"TALAVERA. pastel 47 X 58\" width=\"1024\" height=\"723\" \/><\/a><\/p>\n<p style=\"text-align: justify;\">\n<p style=\"text-align: justify;\"><a href=\"http:\/\/granadacostanacional.es\/wp-content\/uploads\/2021\/02\/C\u00c1DIZ.-pastel-54-X-45.jpg\"><img decoding=\"async\" loading=\"lazy\" class=\"aligncenter size-large wp-image-27199\" src=\"http:\/\/granadacostanacional.es\/wp-content\/uploads\/2021\/02\/C\u00c1DIZ.-pastel-54-X-45-1024x762.jpg\" alt=\"C\u00c1DIZ. pastel 54 X 45\" width=\"1024\" height=\"762\" \/><\/a><\/p>\n<p style=\"text-align: right;\"><strong>Redacci\u00f3n Granada Costa<\/strong><\/p>\n<p style=\"text-align: justify;\">\n<p style=\"text-align: justify;\">\n","protected":false},"excerpt":{"rendered":"<p>El pintor Paco Ariza, conocido como &#8220;El guitarrista&#8221;,\u00a0participar\u00e1 en la pr\u00f3xima Pir\u00e1mide Cultural Granada Costa, que se celebrar\u00e1 entre el&hellip;<\/p>\n","protected":false},"author":3,"featured_media":27202,"comment_status":"open","ping_status":"open","sticky":false,"template":"","format":"standard","meta":{"om_disable_all_campaigns":false,"_mi_skip_tracking":false,"_monsterinsights_sitenote_active":false,"_monsterinsights_sitenote_note":"","_monsterinsights_sitenote_category":0,"footnotes":""},"categories":[21],"tags":[],"aioseo_notices":[],"_links":{"self":[{"href":"https:\/\/granadacostaglobal.es\/index.php?rest_route=\/wp\/v2\/posts\/27198"}],"collection":[{"href":"https:\/\/granadacostaglobal.es\/index.php?rest_route=\/wp\/v2\/posts"}],"about":[{"href":"https:\/\/granadacostaglobal.es\/index.php?rest_route=\/wp\/v2\/types\/post"}],"author":[{"embeddable":true,"href":"https:\/\/granadacostaglobal.es\/index.php?rest_route=\/wp\/v2\/users\/3"}],"replies":[{"embeddable":true,"href":"https:\/\/granadacostaglobal.es\/index.php?rest_route=%2Fwp%2Fv2%2Fcomments&post=27198"}],"version-history":[{"count":0,"href":"https:\/\/granadacostaglobal.es\/index.php?rest_route=\/wp\/v2\/posts\/27198\/revisions"}],"wp:featuredmedia":[{"embeddable":true,"href":"https:\/\/granadacostaglobal.es\/index.php?rest_route=\/"}],"wp:attachment":[{"href":"https:\/\/granadacostaglobal.es\/index.php?rest_route=%2Fwp%2Fv2%2Fmedia&parent=27198"}],"wp:term":[{"taxonomy":"category","embeddable":true,"href":"https:\/\/granadacostaglobal.es\/index.php?rest_route=%2Fwp%2Fv2%2Fcategories&post=27198"},{"taxonomy":"post_tag","embeddable":true,"href":"https:\/\/granadacostaglobal.es\/index.php?rest_route=%2Fwp%2Fv2%2Ftags&post=27198"}],"curies":[{"name":"wp","href":"https:\/\/api.w.org\/{rel}","templated":true}]}}