{"id":27075,"date":"2021-02-05T11:27:18","date_gmt":"2021-02-05T11:27:18","guid":{"rendered":"http:\/\/granadacostanacional.es\/?p=27075"},"modified":"2021-02-05T11:27:18","modified_gmt":"2021-02-05T11:27:18","slug":"el-servicio-de-pediatria-del-hospital-arnau-forma-profesores-en-primeros-auxilios-y-tecnicas-de-reanimacion-cardiopulmonar","status":"publish","type":"post","link":"https:\/\/granadacostaglobal.es\/?p=27075","title":{"rendered":"El Servicio de Pediatr\u00eda  primeros auxilios y t\u00e9cnicas de reanimaci\u00f3n cardiopulmonar"},"content":{"rendered":"<div data-original-attrs=\"{&quot;style&quot;:&quot;&quot;}\">\n<div data-original-attrs=\"{&quot;style&quot;:&quot;&quot;}\"><\/div>\n<div data-original-attrs=\"{&quot;style&quot;:&quot;&quot;}\"><\/div>\n<div data-original-attrs=\"{&quot;style&quot;:&quot;&quot;}\"><strong>LOS NI\u00d1OS SALVAN VIDAS&#8230;.. Formaci\u00f3n para Profesores y Profesoras&#8230;\u00a0<\/strong><\/div>\n<\/div>\n<div data-original-attrs=\"{&quot;style&quot;:&quot;&quot;}\"><\/div>\n<div data-original-attrs=\"{&quot;style&quot;:&quot;&quot;}\">\n<div data-original-attrs=\"{&quot;style&quot;:&quot;&quot;}\"><\/div>\n<div style=\"text-align: justify;\" data-original-attrs=\"{&quot;style&quot;:&quot;&quot;}\">El viernes d\u00eda 5 de febrero; se ha realizado una nueva edici\u00f3n del proyecto:Los ni\u00f1os salvan vidas, durante la jornada un total de 27 profesores de centros de toda la provincia de Lleida asistieron a las jornadas sobre apoyo vital b\u00e1sico y reanimaci\u00f3n cardiopulmonar\u00a0 que se celebr\u00f3 en las dependencias del Aula Hospitalaria Dr. Antoni Cambrod\u00ed del Hospital Universitario Arnau de Vilanova de Lleida. Pero esta edici\u00f3n de manera Virtual dado la necesidad.<\/div>\n<\/div>\n<div data-original-attrs=\"{&quot;style&quot;:&quot;&quot;}\"><span data-keep-original-tag=\"false\" data-original-attrs=\"{&quot;style&quot;:&quot;&quot;}\">\u00a0<\/span><\/div>\n<div data-original-attrs=\"{&quot;style&quot;:&quot;&quot;}\">\n<div data-original-attrs=\"{&quot;style&quot;:&quot;&quot;}\"><a href=\"https:\/\/www.blogger.com\/blog\/post\/edit\/8296838327692226924\/6111590194427881039?hl=es#\" data-original-attrs=\"{&quot;data-original-href&quot;:&quot;https:\/\/1.bp.blogspot.com\/-NDqEWC_OUro\/YB0I5PmkOyI\/AAAAAAAArbo\/u3YqMFXvbcg7eMLmgni0fpAe98OuypDcwCLcBGAsYHQ\/s1600\/3907549f-e98f-4593-85b0-994a2172401b.jpg&quot;,&quot;style&quot;:&quot;&quot;}\"><img decoding=\"async\" loading=\"lazy\" src=\"https:\/\/1.bp.blogspot.com\/-NDqEWC_OUro\/YB0I5PmkOyI\/AAAAAAAArbo\/u3YqMFXvbcg7eMLmgni0fpAe98OuypDcwCLcBGAsYHQ\/w471-h265\/3907549f-e98f-4593-85b0-994a2172401b.jpg\" width=\"471\" height=\"265\" border=\"0\" data-original-height=\"900\" data-original-width=\"1600\" \/><\/a><\/div>\n<div data-original-attrs=\"{&quot;style&quot;:&quot;&quot;}\"><\/div>\n<div style=\"text-align: justify;\" data-original-attrs=\"{&quot;style&quot;:&quot;&quot;}\">\u00a0<span data-keep-original-tag=\"false\" data-original-attrs=\"{&quot;style&quot;:&quot;&quot;}\">La sesi\u00f3n ha sido inaugurada por el Sr.\u00a0<span data-keep-original-tag=\"false\" data-original-attrs=\"{&quot;style&quot;:&quot;&quot;,&quot;color&quot;:&quot;inherit&quot;}\">Carles Vernet Saureu en representaci\u00f3n del Departamento de Educaci\u00f3n a lleida y el Dr. Eduard Sol\u00e9 Jefe de Pediar\u00eda en el Hospital Arnau de Vilanova de Lleida y la Dra To\u00f1y Castillo desde el\u00a0 Aula Hospitalaria que actuaba de coordinadora de la sesi\u00f3n.\u00a0<\/span><\/span><\/div>\n<div style=\"text-align: justify;\" data-original-attrs=\"{&quot;style&quot;:&quot;&quot;}\"><\/div>\n<div style=\"text-align: justify;\"><span data-keep-original-tag=\"false\" data-original-attrs=\"{&quot;style&quot;:&quot;&quot;}\">El curso, organizado por el Servicio de Pediatr\u00eda con la colaboraci\u00f3n del Departamento de Educaci\u00f3n, ha sido impartido por los doctores Eduard Sol\u00e9, Jordi Garcia y Alba Gair\u00ed, en coordinaci\u00f3n con la doctora To\u00f1y Castillo, docente del Aula Hospitalaria. Su objetivo es proporcionar a los educadores las t\u00e9cnicas b\u00e1sicas de primeros auxilios para que adquieran conocimientos en el manejo de situaciones urgentes que pueden surgir en el \u00e1mbito escolar y darles herramientas para su resoluci\u00f3n.<\/span><\/div>\n<div style=\"text-align: justify;\">\n<div data-original-attrs=\"{&quot;style&quot;:&quot;&quot;}\"><span data-keep-original-tag=\"false\" data-original-attrs=\"{&quot;style&quot;:&quot;&quot;,&quot;face&quot;:&quot;\\&quot;helvetica neue\\&quot; , \\&quot;arial\\&quot; , \\&quot;helvetica\\&quot; , sans-serif&quot;}\">\u00a0<\/span><\/div>\n<div data-original-attrs=\"{&quot;style&quot;:&quot;&quot;}\"><span data-keep-original-tag=\"false\" data-original-attrs=\"{&quot;style&quot;:&quot;&quot;,&quot;face&quot;:&quot;\\&quot;helvetica neue\\&quot; , \\&quot;arial\\&quot; , \\&quot;helvetica\\&quot; , sans-serif&quot;}\">El taller\u00a0 con simuladores pretende facilitar la actividad de los docentes encargados de tratar los temas relacionados con los primeros auxilios en diversos momentos del proceso educativo. El taller se propone tambi\u00e9n la formaci\u00f3n del profesorado por parte de profesionales sanitarios m\u00e9dicos y enfermeros a trav\u00e9s de la realizaci\u00f3n de una sesi\u00f3n informativa-formativa a profesorado de diferentes niveles educativos para dar pautas encaminadas a promover la seguridad y los primeros auxilios en el \u00e1mbito escolar.<\/span><\/div>\n<\/div>\n<div style=\"text-align: justify;\" data-original-attrs=\"{&quot;style&quot;:&quot;&quot;}\"><span data-keep-original-tag=\"false\" data-original-attrs=\"{&quot;style&quot;:&quot;&quot;,&quot;face&quot;:&quot;\\&quot;helvetica neue\\&quot; , \\&quot;arial\\&quot; , \\&quot;helvetica\\&quot; , sans-serif&quot;}\">\u00a0<\/span><\/div>\n<div data-original-attrs=\"{&quot;style&quot;:&quot;&quot;}\">\n<div style=\"text-align: justify;\" data-original-attrs=\"{&quot;style&quot;:&quot;&quot;}\"><strong><span data-keep-original-tag=\"false\" data-original-attrs=\"{&quot;style&quot;:&quot;&quot;,&quot;face&quot;:&quot;\\&quot;helvetica neue\\&quot; , \\&quot;arial\\&quot; , \\&quot;helvetica\\&quot; , sans-serif&quot;}\">Los objetivos de la formaci\u00f3n\u00a0son:<\/span><\/strong><\/div>\n<div style=\"text-align: justify;\" data-original-attrs=\"{&quot;style&quot;:&quot;&quot;}\"><span data-keep-original-tag=\"false\" data-original-attrs=\"{&quot;style&quot;:&quot;&quot;,&quot;face&quot;:&quot;\\&quot;helvetica neue\\&quot; , \\&quot;arial\\&quot; , \\&quot;helvetica\\&quot; , sans-serif&quot;}\">\u00a0<\/span><\/div>\n<div data-original-attrs=\"{&quot;style&quot;:&quot;&quot;}\"><span data-keep-original-tag=\"false\" data-original-attrs=\"{&quot;style&quot;:&quot;&quot;,&quot;face&quot;:&quot;\\&quot;helvetica neue\\&quot; , \\&quot;arial\\&quot; , \\&quot;helvetica\\&quot; , sans-serif&quot;}\">-Proporcionar un conocimiento de los aspectos m\u00e1s relevantes de la prevenci\u00f3n de riesgos.<\/span><\/div>\n<div data-original-attrs=\"{&quot;style&quot;:&quot;&quot;}\">\n<div data-original-attrs=\"{&quot;style&quot;:&quot;&quot;}\"><span data-keep-original-tag=\"false\" data-original-attrs=\"{&quot;style&quot;:&quot;&quot;,&quot;face&quot;:&quot;\\&quot;helvetica neue\\&quot; , \\&quot;arial\\&quot; , \\&quot;helvetica\\&quot; , sans-serif&quot;}\">-Dar pautas para promover la seguridad, la prevenci\u00f3n de accidentes y los primeros auxilios a las actividades did\u00e1cticas habituales, con el apoyo de una Gu\u00eda de Primeros Auxilios.<\/span><\/div>\n<div data-original-attrs=\"{&quot;style&quot;:&quot;&quot;}\"><span data-keep-original-tag=\"false\" data-original-attrs=\"{&quot;style&quot;:&quot;&quot;,&quot;face&quot;:&quot;\\&quot;helvetica neue\\&quot; , \\&quot;arial\\&quot; , \\&quot;helvetica\\&quot; , sans-serif&quot;}\">-Ense\u00f1ar t\u00e9cnicas de soporte b\u00e1sico vital (SBV) al profesorado.<\/span><\/div>\n<div data-original-attrs=\"{&quot;style&quot;:&quot;&quot;}\"><span data-keep-original-tag=\"false\" data-original-attrs=\"{&quot;style&quot;:&quot;&quot;,&quot;face&quot;:&quot;\\&quot;helvetica neue\\&quot; , \\&quot;arial\\&quot; , \\&quot;helvetica\\&quot; , sans-serif&quot;}\">\u00a0<\/span><\/div>\n<div>\n<div style=\"text-align: justify;\" data-original-attrs=\"{&quot;style&quot;:&quot;&quot;}\"><strong><span data-keep-original-tag=\"false\" data-original-attrs=\"{&quot;style&quot;:&quot;&quot;,&quot;face&quot;:&quot;\\&quot;helvetica neue\\&quot; , \\&quot;arial\\&quot; , \\&quot;helvetica\\&quot; , sans-serif&quot;}\">Contenidos:<\/span><\/strong><\/div>\n<div style=\"text-align: justify;\" data-original-attrs=\"{&quot;style&quot;:&quot;&quot;}\"><span data-keep-original-tag=\"false\" data-original-attrs=\"{&quot;style&quot;:&quot;&quot;,&quot;face&quot;:&quot;\\&quot;helvetica neue\\&quot; , \\&quot;arial\\&quot; , \\&quot;helvetica\\&quot; , sans-serif&quot;}\">\u00a0<\/span><\/div>\n<div style=\"text-align: justify;\" data-original-attrs=\"{&quot;style&quot;:&quot;&quot;}\"><span data-keep-original-tag=\"false\" data-original-attrs=\"{&quot;style&quot;:&quot;&quot;,&quot;face&quot;:&quot;\\&quot;helvetica neue\\&quot; , \\&quot;arial\\&quot; , \\&quot;helvetica\\&quot; , sans-serif&quot;}\">Se presenta Web de intercomunicaci\u00f3n centros \/ pediatr\u00eda ..<\/span><\/div>\n<div style=\"text-align: justify;\" data-original-attrs=\"{&quot;style&quot;:&quot;&quot;}\"><span data-keep-original-tag=\"false\" data-original-attrs=\"{&quot;style&quot;:&quot;&quot;,&quot;face&quot;:&quot;\\&quot;helvetica neue\\&quot; , \\&quot;arial\\&quot; , \\&quot;helvetica\\&quot; , sans-serif&quot;}\">\u00a0<\/span><\/div>\n<div style=\"text-align: justify;\" data-original-attrs=\"{&quot;style&quot;:&quot;&quot;}\">\n<p><span data-keep-original-tag=\"false\" data-original-attrs=\"{&quot;style&quot;:&quot;&quot;,&quot;face&quot;:&quot;\\&quot;helvetica neue\\&quot; , \\&quot;arial\\&quot; , \\&quot;helvetica\\&quot; , sans-serif&quot;}\"><strong>Primer m\u00f3dulo:<\/strong>\u00a0Soporte Vital B\u00e1sico (SVB) + DEA.<\/span><\/p>\n<div data-original-attrs=\"{&quot;style&quot;:&quot;&quot;}\"><span data-keep-original-tag=\"false\" data-original-attrs=\"{&quot;style&quot;:&quot;&quot;,&quot;face&quot;:&quot;\\&quot;helvetica neue\\&quot; , \\&quot;arial\\&quot; , \\&quot;helvetica\\&quot; , sans-serif&quot;}\"><strong>Segundo m\u00f3dulo:<\/strong>\u00a0(SBV) incidencias m\u00e9dicas en la escuela y crisis respiratorias (asma &#8230;).\u00a0<\/span><\/div>\n<div data-original-attrs=\"{&quot;style&quot;:&quot;&quot;}\"><span data-keep-original-tag=\"false\" data-original-attrs=\"{&quot;style&quot;:&quot;&quot;,&quot;face&quot;:&quot;\\&quot;helvetica neue\\&quot; , \\&quot;arial\\&quot; , \\&quot;helvetica\\&quot; , sans-serif&quot;}\">P\u00e9rdidas de conciencia, fiebre repentina., Convulsiones, reacciones\u00a0<\/span><\/div>\n<div data-original-attrs=\"{&quot;style&quot;:&quot;&quot;}\"><span data-keep-original-tag=\"false\" data-original-attrs=\"{&quot;style&quot;:&quot;&quot;,&quot;face&quot;:&quot;\\&quot;helvetica neue\\&quot; , \\&quot;arial\\&quot; , \\&quot;helvetica\\&quot; , sans-serif&quot;}\">\u2022 al\u00e9rgicas, alumnado con diabetes .<\/span><\/div>\n<\/div>\n<div style=\"text-align: justify;\" data-original-attrs=\"{&quot;style&quot;:&quot;&quot;}\"><span data-keep-original-tag=\"false\" data-original-attrs=\"{&quot;style&quot;:&quot;&quot;,&quot;face&quot;:&quot;\\&quot;helvetica neue\\&quot; , \\&quot;arial\\&quot; , \\&quot;helvetica\\&quot; , sans-serif&quot;}\"><strong>Tercer m\u00f3dulo:<\/strong> accidentalidad (hemorragias, lesiones dentales, contusiones y fracturas, inmovilizaciones).<\/span><\/div>\n<\/div>\n<\/div>\n<\/div>\n<div style=\"text-align: justify;\"><span data-keep-original-tag=\"false\" data-original-attrs=\"{&quot;style&quot;:&quot;&quot;,&quot;face&quot;:&quot;\\&quot;helvetica neue\\&quot; , \\&quot;arial\\&quot; , \\&quot;helvetica\\&quot; , sans-serif&quot;}\">\u00a0<\/span><\/div>\n<\/div>\n<div style=\"text-align: justify;\" data-original-attrs=\"{&quot;style&quot;:&quot;&quot;}\"><span data-keep-original-tag=\"false\" data-original-attrs=\"{&quot;style&quot;:&quot;&quot;}\"><strong>Se inician las Jornadas<\/strong> con una aproximaci\u00f3n a las emergencias m\u00e1s usuales en los Centros Educativos por parte del Dr. Sol\u00e9 dando paso a la presentaci\u00f3n de materiales realizados por la Dra. <a href=\"http:\/\/granadacostanacional.es\/wp-content\/uploads\/2021\/02\/5caa6eb7-9011-40be-8cd7-183afb679a5e.jpg\"><img decoding=\"async\" loading=\"lazy\" class=\"size-medium wp-image-27093 alignleft\" src=\"http:\/\/granadacostanacional.es\/wp-content\/uploads\/2021\/02\/5caa6eb7-9011-40be-8cd7-183afb679a5e-225x300.jpg\" alt=\"5caa6eb7-9011-40be-8cd7-183afb679a5e\" width=\"225\" height=\"300\" \/><\/a>To\u00f1y Castillo con el asesoramiento del equipo de formaci\u00f3n &#8221; Los ni\u00f1os Salvan vidas. Version castellano\/catal\u00e1n &#8220;<\/span><\/div>\n<div data-original-attrs=\"{&quot;style&quot;:&quot;&quot;}\"><span data-keep-original-tag=\"false\" data-original-attrs=\"{&quot;style&quot;:&quot;&quot;}\">\u00a0<\/span><\/div>\n<div style=\"text-align: justify;\" data-original-attrs=\"{&quot;style&quot;:&quot;&quot;}\">\n<div data-original-attrs=\"{&quot;style&quot;:&quot;&quot;}\"><a href=\"https:\/\/www.blogger.com\/blog\/post\/edit\/8296838327692226924\/6111590194427881039?hl=es#\" data-original-attrs=\"{&quot;data-original-href&quot;:&quot;https:\/\/1.bp.blogspot.com\/-EEvCSr12CQk\/YB0RQbn2zFI\/AAAAAAAArb4\/5CIPxXjrRukv-MRs67c7zmB30GUOJc0-gCLcBGAsYHQ\/s861\/801fa90e-193c-4799-99e7-71d2daed171f.jpg&quot;,&quot;style&quot;:&quot;&quot;}\"><img decoding=\"async\" src=\"https:\/\/1.bp.blogspot.com\/-EEvCSr12CQk\/YB0RQbn2zFI\/AAAAAAAArb4\/5CIPxXjrRukv-MRs67c7zmB30GUOJc0-gCLcBGAsYHQ\/s320\/801fa90e-193c-4799-99e7-71d2daed171f.jpg\" height=\"320\" border=\"0\" data-original-height=\"861\" data-original-width=\"640\" \/><\/a><a href=\"https:\/\/www.blogger.com\/blog\/post\/edit\/8296838327692226924\/6111590194427881039?hl=es#\" data-original-attrs=\"{&quot;data-original-href&quot;:&quot;https:\/\/1.bp.blogspot.com\/-Imr7bjYBkjo\/YB0RS1KK7PI\/AAAAAAAArb8\/aE46udkWop0Cx7ZY0dNbzjhZbL1KpPGFACLcBGAsYHQ\/s866\/07177136-aaf3-42ac-91a5-ee65fae799f6.jpg&quot;,&quot;style&quot;:&quot;&quot;}\"><img decoding=\"async\" src=\"https:\/\/1.bp.blogspot.com\/-Imr7bjYBkjo\/YB0RS1KK7PI\/AAAAAAAArb8\/aE46udkWop0Cx7ZY0dNbzjhZbL1KpPGFACLcBGAsYHQ\/s320\/07177136-aaf3-42ac-91a5-ee65fae799f6.jpg\" height=\"320\" border=\"0\" data-original-height=\"866\" data-original-width=\"640\" \/><\/a><a href=\"http:\/\/granadacostanacional.es\/wp-content\/uploads\/2021\/02\/ff3853b3-dd01-42e9-b2ee-f9cfee475ebe.jpg\"><img decoding=\"async\" loading=\"lazy\" class=\"alignnone size-medium wp-image-27078\" src=\"http:\/\/granadacostanacional.es\/wp-content\/uploads\/2021\/02\/ff3853b3-dd01-42e9-b2ee-f9cfee475ebe-236x300.jpg\" alt=\"ff3853b3-dd01-42e9-b2ee-f9cfee475ebe\" width=\"236\" height=\"300\" \/><\/a><a href=\"http:\/\/granadacostanacional.es\/wp-content\/uploads\/2021\/02\/e27c8385-d642-4867-a546-5f901d0ae647.jpg\"><img decoding=\"async\" loading=\"lazy\" class=\"alignnone size-medium wp-image-27079\" src=\"http:\/\/granadacostanacional.es\/wp-content\/uploads\/2021\/02\/e27c8385-d642-4867-a546-5f901d0ae647-205x300.jpg\" alt=\"e27c8385-d642-4867-a546-5f901d0ae647\" width=\"205\" height=\"300\" \/><\/a><\/div>\n<div data-original-attrs=\"{&quot;style&quot;:&quot;&quot;}\"><a href=\"http:\/\/granadacostanacional.es\/wp-content\/uploads\/2021\/02\/bf0300b4-9412-4fa8-8d87-415c0b008bcd.jpg\"><img decoding=\"async\" loading=\"lazy\" class=\"size-medium wp-image-27081 alignleft\" src=\"http:\/\/granadacostanacional.es\/wp-content\/uploads\/2021\/02\/bf0300b4-9412-4fa8-8d87-415c0b008bcd-300x225.jpg\" alt=\"bf0300b4-9412-4fa8-8d87-415c0b008bcd\" width=\"300\" height=\"225\" \/><\/a><\/div>\n<p>La Dra Alba Gair\u00ed ha presentado los casos que se acostumbra a darse de manera frecuente en los centros realizando de manera interactiva con los profesores una presentaci\u00f3n basada en las necesidades que manifiestan los profesores.<\/p>\n<\/div>\n<p>&nbsp;<\/p>\n<p>&nbsp;<\/p>\n<p>&nbsp;<\/p>\n<p>&nbsp;<\/p>\n<p>&nbsp;<\/p>\n<div data-original-attrs=\"{&quot;style&quot;:&quot;&quot;}\"><span style=\"font-size: x-large;\"><a href=\"http:\/\/granadacostanacional.es\/wp-content\/uploads\/2021\/02\/WhatsApp-Image-2021-02-05-at-11.40.16.jpeg\"><img decoding=\"async\" loading=\"lazy\" class=\"size-medium wp-image-27083 alignleft\" src=\"http:\/\/granadacostanacional.es\/wp-content\/uploads\/2021\/02\/WhatsApp-Image-2021-02-05-at-11.40.16-300x225.jpeg\" alt=\"WhatsApp Image 2021-02-05 at 11.40.16\" width=\"300\" height=\"225\" \/><\/a><\/span>El Dr. Eduard Sol\u00e9\u00a0 va realizar su exposici\u00f3n sobre las\u00a0t\u00e9cnicas de soporte b\u00e1sico vital (SBV) al profesorado.<\/div>\n<div data-original-attrs=\"{&quot;style&quot;:&quot;&quot;}\"><\/div>\n<div data-original-attrs=\"{&quot;style&quot;:&quot;&quot;}\"><\/div>\n<div data-original-attrs=\"{&quot;style&quot;:&quot;&quot;}\"><\/div>\n<div data-original-attrs=\"{&quot;style&quot;:&quot;&quot;}\">\n<p><a href=\"http:\/\/https:\/\/www.youtube.com\/watch?v=qiU-Ptu0qCU\">http:\/\/https:\/\/www.youtube.com\/watch?v=qiU-Ptu0qCU<\/a><\/p>\n<\/div>\n","protected":false},"excerpt":{"rendered":"<p>LOS NI\u00d1OS SALVAN VIDAS&#8230;.. Formaci\u00f3n para Profesores y Profesoras&#8230;\u00a0 El viernes d\u00eda 5 de febrero; se ha realizado una nueva&hellip;<\/p>\n","protected":false},"author":4,"featured_media":27088,"comment_status":"open","ping_status":"open","sticky":false,"template":"","format":"standard","meta":{"om_disable_all_campaigns":false,"_mi_skip_tracking":false,"_monsterinsights_sitenote_active":false,"_monsterinsights_sitenote_note":"","_monsterinsights_sitenote_category":0,"footnotes":""},"categories":[25,21,35,22,19,30],"tags":[],"aioseo_notices":[],"_links":{"self":[{"href":"https:\/\/granadacostaglobal.es\/index.php?rest_route=\/wp\/v2\/posts\/27075"}],"collection":[{"href":"https:\/\/granadacostaglobal.es\/index.php?rest_route=\/wp\/v2\/posts"}],"about":[{"href":"https:\/\/granadacostaglobal.es\/index.php?rest_route=\/wp\/v2\/types\/post"}],"author":[{"embeddable":true,"href":"https:\/\/granadacostaglobal.es\/index.php?rest_route=\/wp\/v2\/users\/4"}],"replies":[{"embeddable":true,"href":"https:\/\/granadacostaglobal.es\/index.php?rest_route=%2Fwp%2Fv2%2Fcomments&post=27075"}],"version-history":[{"count":0,"href":"https:\/\/granadacostaglobal.es\/index.php?rest_route=\/wp\/v2\/posts\/27075\/revisions"}],"wp:featuredmedia":[{"embeddable":true,"href":"https:\/\/granadacostaglobal.es\/index.php?rest_route=\/"}],"wp:attachment":[{"href":"https:\/\/granadacostaglobal.es\/index.php?rest_route=%2Fwp%2Fv2%2Fmedia&parent=27075"}],"wp:term":[{"taxonomy":"category","embeddable":true,"href":"https:\/\/granadacostaglobal.es\/index.php?rest_route=%2Fwp%2Fv2%2Fcategories&post=27075"},{"taxonomy":"post_tag","embeddable":true,"href":"https:\/\/granadacostaglobal.es\/index.php?rest_route=%2Fwp%2Fv2%2Ftags&post=27075"}],"curies":[{"name":"wp","href":"https:\/\/api.w.org\/{rel}","templated":true}]}}