{"id":27062,"date":"2021-02-03T16:27:05","date_gmt":"2021-02-03T16:27:05","guid":{"rendered":"http:\/\/granadacostanacional.es\/?p=27062"},"modified":"2021-02-03T16:27:05","modified_gmt":"2021-02-03T16:27:05","slug":"libro-recomendado-voces-silenciosas-de-tony-castillo-elena-sagues-y-carme-tello","status":"publish","type":"post","link":"https:\/\/granadacostaglobal.es\/?p=27062","title":{"rendered":"Libro Recomendado &#8220;Voces Silenciosas&#8221; de To\u00f1y Castillo, Elena Sagu\u00e9s y Carme Tello"},"content":{"rendered":"<p>Podr\u00e1 leer el libro entero a trav\u00e9s de este enlace\u00a0<a href=\"http:\/\/granadacostanacional.es\/downloads\/Voces silenciosas.pdf\">&#8220;Voces Silenciosas&#8221;<\/a><\/p>\n<p>&nbsp;<\/p>\n<p style=\"text-align: justify;\"><u>Autoras<\/u><\/p>\n<p style=\"text-align: justify;\">\n<p style=\"text-align: justify;\">Dra. <strong>To\u00f1y Castillo Mel\u00e9ndez<\/strong>. Directora Aula Hospitalaria Antoni Cambrod\u00ed (HUAVLL). Couching. Directora Asesor\u00eda Psicopedag\u00f3gica Dra. Castillo. Directora adjunta para Catalu\u00f1a y Delegada Nacional Aulas Hospitalarias en el Proyecto Nacional de Cultura Granada Costa.<\/p>\n<p style=\"text-align: justify;\">\n<p style=\"text-align: justify;\">Sra. <strong>Elena Sagu\u00e9s Carracero<\/strong>. Profesora de Educaci\u00f3n Infantil. Trabajo de Fin de Grado (TFG) titulado \u201c<em>La prevenci\u00f3n del Bullying hacia el alumnado con Necesidades Educativas Especiales en Educaci\u00f3n Infantil\u201d<\/em><\/p>\n<p style=\"text-align: justify;\">\n<p style=\"text-align: justify;\">Dra. <strong>Carme Tello Casany<\/strong>. Psic\u00f3loga Cl\u00ednica. Desarroll\u00f3 su carrera profesional en el Centro de Salud Mental de Lleida de San Juan de Dios hasta su jubilaci\u00f3n. Profesora asociada jubilada de la Facultad de Medicina de la Universidad de Lleida. Presidenta de la Asociaci\u00f3n Catalana para la Infancia Maltratada (ACIM). Presidenta International Attachment Network Iberoamericana (IAN-IA). Patrona de la Fundaci\u00f3n Ferran Angulo<\/p>\n<p style=\"text-align: justify;\">\n<p style=\"text-align: justify;\">\n<p style=\"text-align: justify;\">Colaboraci\u00f3n especial: Relato \u201c<em>Miguel no juega<\/em>\u201d de <strong>Juan M. Gil Arrones<\/strong>. Pediatra del Centro de Salud Santa Ana de Dos Hermanas, provincia de Sevilla, coautor de protocolos de atenci\u00f3n a menores v\u00edctimas de maltrato o que est\u00e1n en situaci\u00f3n de riesgo social. Miembro de la Comisi\u00f3n Provincial de Medidas de Protecci\u00f3n de Menores de Sevilla. Vocal de la Sociedad Espa\u00f1ola de Pediatr\u00eda Social. Miembro del Grupo Motor de \u201cRED SABIA\u201d promovida por el Observatorio de Infancia en Andaluc\u00eda, la Escuela Andaluza de Salud P\u00fablica y la Consejer\u00eda de Salud.\u00a0 Coordinador del Grupo de Trabajo sobre Abuso Sexual en la Infancia, de la Real Academia de Medicina de Sevilla.<\/p>\n<p style=\"text-align: justify;\">\n<p style=\"text-align: justify;\">Ilustraci\u00f3n: Portada y contraportada: <strong>In\u00e9s Gonz\u00e1lez Vega<\/strong>. Publicista e ilustradora.<\/p>\n<p style=\"text-align: justify;\">\n<p style=\"text-align: justify;\">Correcci\u00f3n: <strong>Noelia Sirat Castillo<\/strong>. Escritora y music\u00f3loga.<\/p>\n<p style=\"text-align: justify;\">\n<p style=\"text-align: justify;\"><a href=\"https:\/\/www.restauranteelpenon.es\/\"><img decoding=\"async\" loading=\"lazy\" class=\"aligncenter size-full wp-image-25846\" src=\"http:\/\/granadacostanacional.es\/wp-content\/uploads\/2020\/10\/Pe\u00f1\u00f3n-s.gif\" alt=\"Pe\u00f1\u00f3n s\" width=\"850\" height=\"562\" \/><\/a><\/p>\n","protected":false},"excerpt":{"rendered":"<p>Podr\u00e1 leer el libro entero a trav\u00e9s de este enlace\u00a0&#8220;Voces Silenciosas&#8221; &nbsp; Autoras Dra. To\u00f1y Castillo Mel\u00e9ndez. Directora Aula Hospitalaria&hellip;<\/p>\n","protected":false},"author":2,"featured_media":27063,"comment_status":"open","ping_status":"open","sticky":false,"template":"","format":"standard","meta":{"om_disable_all_campaigns":false,"_mi_skip_tracking":false,"_monsterinsights_sitenote_active":false,"_monsterinsights_sitenote_note":"","_monsterinsights_sitenote_category":0,"footnotes":""},"categories":[21,29,30],"tags":[],"aioseo_notices":[],"_links":{"self":[{"href":"https:\/\/granadacostaglobal.es\/index.php?rest_route=\/wp\/v2\/posts\/27062"}],"collection":[{"href":"https:\/\/granadacostaglobal.es\/index.php?rest_route=\/wp\/v2\/posts"}],"about":[{"href":"https:\/\/granadacostaglobal.es\/index.php?rest_route=\/wp\/v2\/types\/post"}],"author":[{"embeddable":true,"href":"https:\/\/granadacostaglobal.es\/index.php?rest_route=\/wp\/v2\/users\/2"}],"replies":[{"embeddable":true,"href":"https:\/\/granadacostaglobal.es\/index.php?rest_route=%2Fwp%2Fv2%2Fcomments&post=27062"}],"version-history":[{"count":0,"href":"https:\/\/granadacostaglobal.es\/index.php?rest_route=\/wp\/v2\/posts\/27062\/revisions"}],"wp:featuredmedia":[{"embeddable":true,"href":"https:\/\/granadacostaglobal.es\/index.php?rest_route=\/"}],"wp:attachment":[{"href":"https:\/\/granadacostaglobal.es\/index.php?rest_route=%2Fwp%2Fv2%2Fmedia&parent=27062"}],"wp:term":[{"taxonomy":"category","embeddable":true,"href":"https:\/\/granadacostaglobal.es\/index.php?rest_route=%2Fwp%2Fv2%2Fcategories&post=27062"},{"taxonomy":"post_tag","embeddable":true,"href":"https:\/\/granadacostaglobal.es\/index.php?rest_route=%2Fwp%2Fv2%2Ftags&post=27062"}],"curies":[{"name":"wp","href":"https:\/\/api.w.org\/{rel}","templated":true}]}}