{"id":26909,"date":"2021-01-25T08:50:22","date_gmt":"2021-01-25T08:50:22","guid":{"rendered":"http:\/\/granadacostanacional.es\/?p=26909"},"modified":"2021-01-25T08:50:22","modified_gmt":"2021-01-25T08:50:22","slug":"amor-real-en-sierra-nevada","status":"publish","type":"post","link":"https:\/\/granadacostaglobal.es\/?p=26909","title":{"rendered":"Amor Real en Sierra Nevada"},"content":{"rendered":"<h3 style=\"text-align: center;\">Batir de alas por amor del \u00e1guila real<\/h3>\n<p style=\"text-align: justify;\">La reina de las aves, tan poderosa como admirada por los hombres a lo largo de la historia. Las legiones romanas ya coronaban estandartes militares con su temida figura. En el otro conf\u00edn del mundo, la leyenda del imperio azteca la convirti\u00f3 en s\u00edmbolo de la naci\u00f3n mejicana&#8230;<\/p>\n<p style=\"text-align: justify;\">Es el mes de febrero, el momento elegido por nuestras \u00e1guilas para entregarse a la pasi\u00f3n. Qu\u00e9 mejor instante, el del \u00edntimo encuentro de la regia rapaz, para culminar metaf\u00f3ricamente toda la pureza, libertad y silencio que se respira en estas monta\u00f1as.<\/p>\n<p style=\"text-align: justify;\">Orgullosa, erguida sobre su remota atalaya de roca, la hembra lleva desde primera hora de la tarde atenta a las acrobacias a\u00e9reas de su pareja.<\/p>\n<p style=\"text-align: justify;\">Apenas un punto colgado del cielo luminoso del Valle de Lecr\u00edn, el macho describe a gran altura c\u00edrculos conc\u00e9ntricos cada vez m\u00e1s anchos. Planea de forma parsimoniosa, sin prisa, sobre las f\u00e9rtiles tierras de El Padul y sus lagunas.<\/p>\n<p style=\"text-align: justify;\">Dej\u00e1ndose mecer por las corrientes t\u00e9rmicas de este d\u00eda anormalmente caluroso del mes de febrero, tal vez no solamente pretenda llamar la atenci\u00f3n de su compa\u00f1era. Quiz\u00e1 pudiera estar aprovechando tan ventajosa posici\u00f3n, mientras escudri\u00f1a el territorio al detalle, para de paso agasajarla con su peculiar &#8220;regalo&#8221; de San Valent\u00edn en forma de sustanciosa presa.<\/p>\n<p style=\"text-align: justify;\">Recorre entonces la portentosa mirada del \u00e1guila cada rinc\u00f3n del impenetrable carrizal que envuelve al misterioso manantial de El Ojo Oscuro. Siguiendo el camino de vida que trazan las Madres, emprende rumbo decidido al sur, buscando la salida natural de las aguas hacia el R\u00edo D\u00farcal una vez rebasada la Turbera de Ag\u00eda.<\/p>\n<p style=\"text-align: justify;\"><a href=\"http:\/\/granadacostanacional.es\/wp-content\/uploads\/2021\/01\/Foto-David-R\u00edos.jpg\"><img decoding=\"async\" loading=\"lazy\" class=\"aligncenter wp-image-26910 size-large\" src=\"http:\/\/granadacostanacional.es\/wp-content\/uploads\/2021\/01\/Foto-David-R\u00edos-1024x688.jpg\" alt=\"Foto David R\u00edos\" width=\"1024\" height=\"688\" \/><\/a><\/p>\n<p style=\"text-align: justify;\">La mirada c\u00f3mplice de la pareja desde las faldas de Sierra Nevada le anima a prolongar la exhibici\u00f3n de su vuelo sobre las poblaciones de Cozv\u00edjar, D\u00farcal y C\u00f3nchar. Los ni\u00f1os han salido ya del colegio y apuran la merienda jugando en parques y plazas. Hay algunos, los m\u00e1s so\u00f1adores, que juegan a adivinar formas y figuras de las nubes en el cielo&#8230; hoy se llevan como recompensa la silueta de la reina de las aves sobrevolando su propia imaginaci\u00f3n.<\/p>\n<p style=\"text-align: justify;\">Apenas le bastan un par de poderosos aleteos para proyectarse sobre los extensos dominios del cultivo de c\u00edtrico. Genuino mar de perlas naranjas y amarillas donde navegan, guiadas por altivos m\u00e1stiles de torres de iglesia, originales &#8220;embarcaciones&#8221; de paredes blancas y rojos tejados en pueblos como Murchas, Acequias, Talar\u00e1 \u00f3 Chite&#8230; localidades todas ellas agrupadas dentro de un mismo t\u00e9rmino municipal: Lecr\u00edn, que da nombre al resto del Valle.<\/p>\n<p style=\"text-align: justify;\">Es precisamente en esta \u00e9poca de a\u00f1o cuando huertos y bancales muestran sus mejores galas. La mejor fecha sin duda para entender, en todo su amplio esplendor, la denominaci\u00f3n de &#8220;Valle de la Alegr\u00eda&#8221; acu\u00f1ada para esta singular comarca granadina.<\/p>\n<p style=\"text-align: justify;\">Contrasta la sobriedad del \u00e1guila real en su vuelo, acompasado y elegante, con la exuberancia de color y la luminosidad que visten ahora naranjos y limoneros.<\/p>\n<p style=\"text-align: justify;\">Ya le sucedi\u00f3 m\u00e1s de cinco siglos atr\u00e1s al rey de Granada Muley Hac\u00e9n. Depuesto del trono por sus s\u00fabditos, el padre de Boabdil pas\u00f3 los \u00faltimos d\u00edas de vida recluido en el Castillo de Mond\u00fajar. El optimismo que emanaba el Valle en su m\u00e1ximo apogeo no hac\u00eda sino acrecentar la desolaci\u00f3n interior en la que se hallaba postrado, durante el ocaso de su existencia, el otrora valeroso gerifalte.<\/p>\n<p style=\"text-align: justify;\">M\u00e1s acorde con el estado de \u00e1nimo del anciano emir, con la austera belleza del planeo de nuestra \u00e1guila, el paisaje desgarrador y solitario de las altas cumbres de Sierra Nevada cuenta la leyenda que ofreci\u00f3 al soberano morada ideal para su eterno descanso&#8230;<\/p>\n<p style=\"text-align: justify;\">Advierte entonces la experta cazadora que la densa cubierta vegetal que tapiza all\u00ed las laderas no es buen lugar sobre el que desplegar sus majestuosas alas. Ella tambi\u00e9n pertenece a esos amplios horizontes inh\u00f3spitos y quebrados, cincelados por el hielo y el viento, que tanto ansiaba Muley Hac\u00e9n.<\/p>\n<p style=\"text-align: justify;\">El reflejo esmeralda que los rayos del atardecer dibujan sobre la quietud de las aguas embalsadas de B\u00e9znar le recuerda que es momento de regresar.<\/p>\n<p style=\"text-align: justify;\">De volver con las garras vac\u00edas, sin regalo de San Valent\u00edn, pero con el esp\u00edritu henchido del privilegio que supone prospectar diariamente este territorio incomparable. Con su \u00faltima y decidida pirueta de aproximaci\u00f3n a la hembra parece querer transmitirle toda esta emoci\u00f3n, el p\u00e1lpito y sincero latido de una naturaleza que en apenas unos instantes llegar\u00e1 a su punto culminante. El del momento justo en el que &#8220;el batir de alas por amor&#8221; nos acabe obsequiando, al menos un a\u00f1o m\u00e1s, con la presencia de la reina de las aves en nuestras sierras.<\/p>\n<p style=\"text-align: right;\"><strong>Por David R\u00edos<\/strong><\/p>\n","protected":false},"excerpt":{"rendered":"<p>Batir de alas por amor del \u00e1guila real La reina de las aves, tan poderosa como admirada por los hombres&hellip;<\/p>\n","protected":false},"author":3,"featured_media":24522,"comment_status":"open","ping_status":"open","sticky":false,"template":"","format":"standard","meta":{"om_disable_all_campaigns":false,"_mi_skip_tracking":false,"_monsterinsights_sitenote_active":false,"_monsterinsights_sitenote_note":"","_monsterinsights_sitenote_category":0,"footnotes":""},"categories":[21],"tags":[],"aioseo_notices":[],"_links":{"self":[{"href":"https:\/\/granadacostaglobal.es\/index.php?rest_route=\/wp\/v2\/posts\/26909"}],"collection":[{"href":"https:\/\/granadacostaglobal.es\/index.php?rest_route=\/wp\/v2\/posts"}],"about":[{"href":"https:\/\/granadacostaglobal.es\/index.php?rest_route=\/wp\/v2\/types\/post"}],"author":[{"embeddable":true,"href":"https:\/\/granadacostaglobal.es\/index.php?rest_route=\/wp\/v2\/users\/3"}],"replies":[{"embeddable":true,"href":"https:\/\/granadacostaglobal.es\/index.php?rest_route=%2Fwp%2Fv2%2Fcomments&post=26909"}],"version-history":[{"count":0,"href":"https:\/\/granadacostaglobal.es\/index.php?rest_route=\/wp\/v2\/posts\/26909\/revisions"}],"wp:featuredmedia":[{"embeddable":true,"href":"https:\/\/granadacostaglobal.es\/index.php?rest_route=\/"}],"wp:attachment":[{"href":"https:\/\/granadacostaglobal.es\/index.php?rest_route=%2Fwp%2Fv2%2Fmedia&parent=26909"}],"wp:term":[{"taxonomy":"category","embeddable":true,"href":"https:\/\/granadacostaglobal.es\/index.php?rest_route=%2Fwp%2Fv2%2Fcategories&post=26909"},{"taxonomy":"post_tag","embeddable":true,"href":"https:\/\/granadacostaglobal.es\/index.php?rest_route=%2Fwp%2Fv2%2Ftags&post=26909"}],"curies":[{"name":"wp","href":"https:\/\/api.w.org\/{rel}","templated":true}]}}