{"id":26845,"date":"2021-01-18T09:00:32","date_gmt":"2021-01-18T09:00:32","guid":{"rendered":"http:\/\/granadacostanacional.es\/?p=26845"},"modified":"2021-01-18T09:00:32","modified_gmt":"2021-01-18T09:00:32","slug":"a-rogelio-garrido-montanana-donde-tu-estas-florece-el-amor","status":"publish","type":"post","link":"https:\/\/granadacostaglobal.es\/?p=26845","title":{"rendered":"A ROGELIO GARRIDO MONTA\u00d1ANA \u201cDonde t\u00fa est\u00e1s florece el amor\u201d"},"content":{"rendered":"<p style=\"text-align: justify;\">Comenzar\u00e9 como en los cuentos de hadas: \u00c9rase que se era una ma\u00f1ana de dorado oto\u00f1o valenciano cuando, cual carill\u00f3n, comenz\u00f3 a sonar el timbre del tel\u00e9fono. Displicente, lo descolgu\u00e9 y al otro lado del hilo telef\u00f3nico oigo una voz, llena de c\u00e1lidos matices y optimismo, preguntando por m\u00ed. <em>-\u00bfDo\u00f1a Carmen Carrasco?- S\u00ed, d\u00edgame-<\/em> respondo extra\u00f1ada al no reconocer a mi interlocutor. Y a continuaci\u00f3n, inesperadamente, recibo una gran alegr\u00eda, de las pocas que nos da la vida, al escuchar: <em>Tengo el gusto de comunicarle que ha sido la ganadora del Primer Premio en el 2\u00ba Certamen Internacional de Relatos \u201cEscritor Rogelio Garrido Monta\u00f1ana\u201d, 2013.<\/em><\/p>\n<p style=\"text-align: justify;\">\u00a0\u00a0\u00a0\u00a0\u00a0\u00a0\u00a0\u00a0\u00a0 &#8211;<em>\u00a1No me lo puedo creer! <\/em>-fue mi inmediata respuesta. Y de pronto, el oto\u00f1o se volvi\u00f3 m\u00e1s dorado.<\/p>\n<p style=\"text-align: justify;\">\u00a0\u00a0\u00a0\u00a0\u00a0\u00a0\u00a0\u00a0\u00a0 Luego, hablamos y hablamos y, a lo largo de la conversaci\u00f3n, te ofreciste gentilmente para hacerme el pr\u00f3logo del libro correspondiente al premio, ofrecimiento que acept\u00e9 consider\u00e1ndolo un honor para m\u00ed. \u00a1Y qu\u00e9 hermoso comentario me dedicaste diciendo sobre el libro que \u201cera un poema en prosa!\u201d.<\/p>\n<p style=\"text-align: justify;\">\u00a0\u00a0\u00a0\u00a0\u00a0\u00a0\u00a0\u00a0\u00a0 Gracias, querido amigo Rogelio, por haberme escrito ese pr\u00f3logo y brindarme tu amistad y compa\u00f1erismo siendo yo, entonces, una perfecta desconocida para ti y, pr\u00e1cticamente, para \u00a0<strong>Granada Costa<\/strong>, ya que apenas llevaba unos meses como socia.<\/p>\n<p style=\"text-align: justify;\">\u00a0\u00a0\u00a0\u00a0\u00a0\u00a0\u00a0\u00a0\u00a0 M\u00e1s tarde, a trav\u00e9s de tus libros, art\u00edculos, cartas a Ofelia, y a tu buen hacer como escritor y poeta y mejor persona, -aparte las agradables conversaciones que, a trav\u00e9s de nuestro com\u00fan amigo el tel\u00e9fono, sostuvimos-, te fui conociendo mejor. Cada vez fui descubriendo una nueva faceta tuya que, cual prisma de cristal, reflejaba la riqueza de tus conocimientos (escritor, poeta, articulista, terapeuta, fundador, conferenciante, rapsoda\u2026 \u00a1un hombre del Renacimiento!). Todo ello, unido a una innata humildad y sencillez. \u00a1Qu\u00e9 f\u00e1cil te resultaba ser tan natural siendo tan sabio! En eso consist\u00eda tu gran carisma.<\/p>\n<p style=\"text-align: justify;\">\u00a0\u00a0\u00a0\u00a0\u00a0\u00a0\u00a0\u00a0\u00a0 \u00bfSabes? En uno de los actos, de tantos como tenemos en nuestra agenda los que nos dedicamos con amor y buena voluntad a las letras, eleg\u00ed para recitar el precioso poema <strong>\u201cLa Voz del Vino\u201d,<\/strong> perteneciente a tu libro <strong>\u201cPoemas del Vino\u201d.<\/strong> Fue un acierto pues s\u00e9 que tu poes\u00eda gust\u00f3 mucho a los asistentes. Despu\u00e9s, les ofrec\u00ed una copa de ese exquisito licor al que le dedicaste el poema y yo brind\u00e9 por ti dese\u00e1ndote, como dicen en mi tierra, toda la <em>baraka<\/em> (suerte) del mundo. Y, haciendo m\u00edo uno de los versos que le compusiste al vino, yo me tomo la libertad de repetirlo aqu\u00ed para dedicarlo a tu persona: <strong><em>\u201cDonde t\u00fa est\u00e1s florece el amor\u201d.<\/em><\/strong><\/p>\n<p style=\"text-align: justify;\">\u00a0\u00a0\u00a0\u00a0\u00a0\u00a0\u00a0\u00a0\u00a0 Querido Rogelio, qu\u00e9 lejos quedaron esos soliloquios a trav\u00e9s del tel\u00e9fono. Ya no volveremos a sostener aquellas charlas amenas en las que siempre te desped\u00edas contando alguna an\u00e9cdota o algo gracioso y, sobre todo, optimista, como t\u00fa eras. Mirando siempre el lado positivo de las cosas y de la vida, pese a que \u00faltimamente esta no fue demasiado amable contigo. Pero t\u00fa pod\u00edas con todo y, cual bravo marinero, luchabas hasta alcanzar la orilla por lejana que esta se encontrase o fuerte que fuese la marea. Eras un avatar. Un sibarita amante de la vida, de lo bello, de la mujer, a la cual considerabas una diosa digna de admiraci\u00f3n y amor en toda la extensi\u00f3n de la palabra. Lo demuestras en este inspirado poema dedicado a una mujer ideal o\u2026 que quiz\u00e1 fue real en tu vida.<\/p>\n<p style=\"text-align: center;\"><strong>TAL COMO ERES<\/strong><\/p>\n<p style=\"text-align: center;\">Te quiero,<\/p>\n<p style=\"text-align: center;\">sin exigirte nada.<\/p>\n<p style=\"text-align: center;\">Tal como eres, como fuiste ayer,<\/p>\n<p style=\"text-align: center;\">como ser\u00e1s ma\u00f1ana.<\/p>\n<p style=\"text-align: center;\">Te quiero,<\/p>\n<p style=\"text-align: center;\">aunque cambies de signo a cada hora.<\/p>\n<p style=\"text-align: center;\">(La mujer tiene fases<\/p>\n<p style=\"text-align: center;\">y ra\u00edces ocultas, porque es diosa,<\/p>\n<p style=\"text-align: center;\">\u00a1y nadie es qui\u00e9n para pedirle siempre<\/p>\n<p style=\"text-align: center;\">respuesta a cada cosa!)<\/p>\n<p style=\"text-align: center;\">Te quiero porque s\u00ed, porque te sue\u00f1o<\/p>\n<p style=\"text-align: center;\">y enloquece mi entra\u00f1a.<\/p>\n<p style=\"text-align: center;\">Porque eres deliciosa como el vino,<\/p>\n<p style=\"text-align: center;\">misteriosa como una adivinanza,<\/p>\n<p style=\"text-align: center;\">\u00a1y esencial como el aire,<\/p>\n<p style=\"text-align: center;\">como la luz y el agua!<\/p>\n<p style=\"text-align: center;\">Te quiero,<\/p>\n<p style=\"text-align: center;\">sin exigirte nada.<\/p>\n<p style=\"text-align: center;\">Que baile tu silencio<\/p>\n<p style=\"text-align: center;\">con mi charla rom\u00e1ntica,<\/p>\n<p style=\"text-align: center;\">y si lloro o t\u00fa lloras<\/p>\n<p style=\"text-align: center;\">sequemos sin reproches nuestras l\u00e1grimas\u2026<\/p>\n<p style=\"text-align: center;\">Mi placer ser\u00e1 el tuyo,<\/p>\n<p style=\"text-align: center;\">sin que por ello tengas<\/p>\n<p style=\"text-align: center;\">que depender como esclava del m\u00edo.<\/p>\n<p style=\"text-align: center;\">Que cuando quieras y cuando te plazca,<\/p>\n<p style=\"text-align: center;\">tu fantas\u00eda juegue con la m\u00eda:<\/p>\n<p style=\"text-align: center;\">\u00a1eso solo me basta!<\/p>\n<p style=\"text-align: justify;\">\u00a0\u00a0\u00a0\u00a0\u00a0\u00a0\u00a0\u00a0\u00a0 Cu\u00e1nto amor emanaba de ti. Leyendo de nuevo tus poemas amorosos, dedicados a ese eterno sentimiento que renacer\u00e1 mientras exista una nueva Eva y un nuevo Ad\u00e1n, me adentro en tu ya on\u00edrico mundo pleno de sentimientos, a coraz\u00f3n abierto, hacia todo lo que te rodeaba: la poes\u00eda, la Naturaleza, tus amigos, tu profesi\u00f3n, los libros que, afortunadamente, nos has dejado como legado inapreciable, tesoro cultural que desde que partiste hacia otra dimensi\u00f3n, adquieren nuevos valores a\u00f1adidos\u00a0 a los que en vida les diste con tu inspiraci\u00f3n de buen poeta plasmada en versos como este que he escogido, bell\u00edsimo poema lleno de melancol\u00eda.<\/p>\n<p style=\"text-align: center;\"><strong>\u00a1ACU\u00c9RDATE DE M\u00cd!<\/strong><\/p>\n<p style=\"text-align: center;\">Cuando en el cielo oscuro truene<\/p>\n<p style=\"text-align: center;\">y en la ciudad sombr\u00eda llueva,<\/p>\n<p style=\"text-align: center;\">entorna tus pupilas<\/p>\n<p style=\"text-align: center;\">\u00a1y acu\u00e9rdate de m\u00ed!<\/p>\n<p style=\"text-align: center;\">Piensa en el rito alegre de mis manos,<\/p>\n<p style=\"text-align: center;\">en nuestros devaneos<\/p>\n<p style=\"text-align: center;\">con m\u00fasica dulzona a media luz,<\/p>\n<p style=\"text-align: center;\">\u00a1con aquel vino turbio que prefer\u00edas t\u00fa!<\/p>\n<p style=\"text-align: center;\">Entorna tus pupilas<\/p>\n<p style=\"text-align: center;\">\u00a1y acu\u00e9rdate de m\u00ed!<\/p>\n<p style=\"text-align: center;\">En el ba\u00fal revuelto de tu alma<\/p>\n<p style=\"text-align: center;\">escondiste alhajas de mi amor:<\/p>\n<p style=\"text-align: center;\">Ad\u00f3rnate con ellas en tus sue\u00f1os,<\/p>\n<p style=\"text-align: center;\">\u00a1y acu\u00e9rdate de m\u00ed!<\/p>\n<p style=\"text-align: center;\">Cuando todo te sea indiferente<\/p>\n<p style=\"text-align: center;\">y te estorben las risas y las fiestas;<\/p>\n<p style=\"text-align: center;\">cuando ignores la causa de tus melancol\u00edas<\/p>\n<p style=\"text-align: center;\">y sean las estrellas tus \u00fanicas amigas\u2026<\/p>\n<p style=\"text-align: center;\">\u00a1No te descorazones:<\/p>\n<p style=\"text-align: center;\">liba el n\u00e9ctar jugoso de mis versos<\/p>\n<p style=\"text-align: center;\">y bebe de aquel vino retoz\u00f3n<\/p>\n<p style=\"text-align: center;\">que siempre te pon\u00eda de fiesta el coraz\u00f3n!<\/p>\n<p style=\"text-align: center;\">Y yo, aunque distante, con mi telepat\u00eda,<\/p>\n<p style=\"text-align: center;\">me filtrar\u00e9 en tu relajaci\u00f3n.<\/p>\n<p style=\"text-align: center;\">Te dormir\u00e9 con l\u00e1nguidas caricias,<\/p>\n<p style=\"text-align: center;\">\u00a1y al despertar lo har\u00e1s<\/p>\n<p style=\"text-align: center;\">ba\u00f1ada de ilusi\u00f3n!<\/p>\n<p style=\"text-align: justify;\">\u00a0\u00a0\u00a0\u00a0\u00a0\u00a0\u00a0\u00a0\u00a0 \u00a1Qu\u00e9 decir de este otro poema dedicado a una hoja ca\u00edda del padre \u00e1rbol y zaherida por el viento a quien, con tu empat\u00eda hacia todo ser vivo, quieres aliviar y endulzar en tu destierro, rog\u00e1ndole asimismo que ella tambi\u00e9n comparta tu soledad.<\/p>\n<p style=\"text-align: center;\"><strong>HOJA CA\u00cdDA DEL \u00c1RBOL<\/strong><\/p>\n<p style=\"text-align: center;\">Hoja ca\u00edda del \u00e1rbol<\/p>\n<p style=\"text-align: center;\">dando tumbos por el suelo,<\/p>\n<p style=\"text-align: center;\">resignada como un duelo.<\/p>\n<p style=\"text-align: center;\">Hoja vencida y errante<\/p>\n<p style=\"text-align: center;\">zaherida por el viento:<\/p>\n<p style=\"text-align: center;\">\u00a1si compartes mi destino,<\/p>\n<p style=\"text-align: center;\">yo endulzar\u00e9 tu destierro!<\/p>\n<p style=\"text-align: center;\">Ser\u00e1 tu lecho este libro<\/p>\n<p style=\"text-align: center;\">de versos que estoy leyendo;<\/p>\n<p style=\"text-align: center;\">me servir\u00e1s de se\u00f1al<\/p>\n<p style=\"text-align: center;\">cuando lo abro y lo cierro.<\/p>\n<p style=\"text-align: center;\">T\u00fa est\u00e1s sola y yo tambi\u00e9n,<\/p>\n<p style=\"text-align: center;\">pero si quieres, podemos<\/p>\n<p style=\"text-align: center;\">yo aliviar tu amarga pena<\/p>\n<p style=\"text-align: center;\">y t\u00fa mi hondo desconsuelo\u2026<\/p>\n<p style=\"text-align: center;\">Hablar\u00e9 a veces solo<\/p>\n<p style=\"text-align: center;\">y otras guardar\u00e9 silencio;<\/p>\n<p style=\"text-align: center;\">y si te placen mis cosas,<\/p>\n<p style=\"text-align: center;\">ideas y sentimientos,<\/p>\n<p style=\"text-align: center;\">y consientes que a ratos<\/p>\n<p style=\"text-align: center;\">te entretengas con leyendas,<\/p>\n<p style=\"text-align: center;\">con caricias y con besos,<\/p>\n<p style=\"text-align: center;\">\u00a1tal vez nos enamoraremos!<\/p>\n<p style=\"text-align: center;\">Hoja ca\u00edda del \u00e1rbol,<\/p>\n<p style=\"text-align: center;\">celebremos nuestro encuentro:<\/p>\n<p style=\"text-align: center;\">\u00a1yo mimar\u00e9 tu existencia<\/p>\n<p style=\"text-align: center;\">y t\u00fa ser\u00e1s mi amuleto!<\/p>\n<p style=\"text-align: justify;\">\u00a0\u00a0\u00a0\u00a0 \u00a0\u00a0\u00a0\u00a0\u00a0El vino. \u00a1Ah, el tema del vino! En versos tuyos, <em>el vino nos hace risue\u00f1os, sensitivos, sublimes, trascendentes, silenciosos en \u00e9xtasis y artistas elocuentes, \u00a1nos torna adolescentes y ni\u00f1os inoentes!<\/em><\/p>\n<p style=\"text-align: justify;\">Documentad\u00edsimo, interesante e imprescindible, tu libro <strong>Historia del vino en la<\/strong> <strong>Humanidad<\/strong>, enriquecido con ilustraciones de fotos de cuadros y esculturas alusivas al licor del que Baco dio buena cuenta en sus festines.<\/p>\n<p style=\"text-align: justify;\">Asimismo, en tu poemario <strong>Poemas del Vino <\/strong>dedicas todos tus poemas a este n\u00e9ctar predilecto de los dioses y de los paladares selectos, como lo era el tuyo, exquisito sumiller que sab\u00eda saborear la esencia y la ambros\u00eda del esp\u00edritu del vino.<\/p>\n<p style=\"text-align: justify;\">Hermoso este tu soneto dedicado al vino solicitado en muchas bodegas, restaurantes y vinotecas.<\/p>\n<p style=\"text-align: center;\"><strong>SONETO AL VINO<\/strong><\/p>\n<p style=\"text-align: center;\">Con tu virtud, haga fr\u00edo o calor,<\/p>\n<p style=\"text-align: center;\">alegras cualquier parte del Planeta.<\/p>\n<p style=\"text-align: center;\">Eres la m\u00e1s universal receta<\/p>\n<p style=\"text-align: center;\">para aliviar el \u00edntimo dolor.<\/p>\n<p style=\"text-align: center;\">Eres gentil y m\u00edstico se\u00f1or.<\/p>\n<p style=\"text-align: center;\">Festivo como una pandereta<\/p>\n<p style=\"text-align: center;\">o callado como un anacoreta,<\/p>\n<p style=\"text-align: center;\"><strong>\u00a1donde t\u00fa est\u00e9s florecer\u00e1 el amor!<\/strong><\/p>\n<p style=\"text-align: center;\">Oh Vino, hasta el mismo Jesucristo<\/p>\n<p style=\"text-align: center;\">de su sangre el s\u00edmbolo te hizo.<\/p>\n<p style=\"text-align: center;\">\u00a1El alma nos seduces con tu hechizo!<\/p>\n<p style=\"text-align: center;\">Eres noble, elocuente, sabio y listo.<\/p>\n<p style=\"text-align: center;\">Para no estar ni triste ni enfermizo,<\/p>\n<p style=\"text-align: center;\">contigo cada d\u00eda me bautizo!<\/p>\n<p style=\"text-align: justify;\">\u00a0\u00a0\u00a0\u00a0\u00a0\u00a0\u00a0\u00a0\u00a0 Hasta a tu adorable <strong>Ofelia<\/strong>, a la cual diste vida nuevamente entre las p\u00e1ginas del peri\u00f3dico de Granada Costa, en tus poemas dedicados al vino, la invitabas a que se allegase a ti, para aliviar su pena en su locura, y la esperabas con <em>dos cordiales copas del vino que alegra las entra\u00f1as.<\/em><\/p>\n<p style=\"text-align: justify;\"><em>\u00a0<\/em><\/p>\n<p style=\"text-align: center;\"><strong>OFELIA<\/strong><\/p>\n<p style=\"text-align: center;\">(fragmento)<\/p>\n<p style=\"text-align: center;\">Dulce Ofelia, la m\u00e1s sublime y bella<\/p>\n<p style=\"text-align: center;\">creaci\u00f3n del vate ingl\u00e9s<\/p>\n<p style=\"text-align: center;\">en su tr\u00e1gica leyenda,<\/p>\n<p style=\"text-align: center;\">\u00a1oh v\u00edctima inocente del amor!<\/p>\n<p style=\"text-align: center;\">Coronada de flores, perdida la raz\u00f3n,<\/p>\n<p style=\"text-align: center;\">llevas una azucena en la mano<\/p>\n<p style=\"text-align: center;\">y en la otra tu propio coraz\u00f3n\u2026<\/p>\n<p style=\"text-align: center;\">Desde que me anunciaste tu llegada<\/p>\n<p style=\"text-align: center;\">adorn\u00e9 mi morada,<\/p>\n<p style=\"text-align: center;\">\u00a1y te espero con dos cordiales copas<\/p>\n<p style=\"text-align: center;\">y este vino que alegra las entra\u00f1as!&#8230;<\/p>\n<p style=\"text-align: justify;\">\u00a0\u00a0\u00a0\u00a0\u00a0\u00a0\u00a0\u00a0\u00a0 Gran poeta, elijo un \u00faltimo verso tuyo dedicado al vino, imprescindible en las etiquetas del buen vino de Granada Costa, <strong>Eva, licor de vino<\/strong> y<strong> Se\u00f1or\u00edo de Molv\u00edzar <\/strong>entre, las que con orgullo, ostento yo tambi\u00e9n en sendas botellas con mi foto, que guardo como oro en pa\u00f1o.<\/p>\n<p style=\"text-align: center;\"><strong>LA VOZ DEL VINO<\/strong><\/p>\n<p style=\"text-align: center;\">Si quieres, ser\u00e9 tu amigo.<\/p>\n<p style=\"text-align: center;\">Para tus alegr\u00edas y en tus penas,<\/p>\n<p style=\"text-align: center;\">en tus horas amargas o serenas,<\/p>\n<p style=\"text-align: center;\">cuenta conmigo.<\/p>\n<p style=\"text-align: center;\">T\u00fa b\u00e9beme despacio,<\/p>\n<p style=\"text-align: center;\">que yo soy enemigo de las prisas<\/p>\n<p style=\"text-align: center;\">y amante de las pl\u00e1cidas sonrisas.<\/p>\n<p style=\"text-align: center;\">T\u00fa b\u00e9beme y ver\u00e1s<\/p>\n<p style=\"text-align: center;\">c\u00f3mo florecen rosas en tus sue\u00f1os.<\/p>\n<p style=\"text-align: center;\">\u00a1Los problemas m\u00e1s grandes,<\/p>\n<p style=\"text-align: center;\">yo los hago peque\u00f1os!<\/p>\n<p style=\"text-align: center;\">Si me bebes con tino,<\/p>\n<p style=\"text-align: center;\">ser\u00e1 gratificante tu destino.<\/p>\n<p style=\"text-align: center;\">Conf\u00eda en mis virtudes,<\/p>\n<p style=\"text-align: center;\">que si triste y herido est\u00e1 tu coraz\u00f3n<\/p>\n<p style=\"text-align: center;\">yo puedo devolverle la ilusi\u00f3n.<\/p>\n<p style=\"text-align: center;\">Baco y Anacreonte,<\/p>\n<p style=\"text-align: center;\">Omar Khayy\u00e1n y S\u00e9neca,<\/p>\n<p style=\"text-align: center;\">saben que tengo savia fraternal<\/p>\n<p style=\"text-align: center;\">y soy medicinal.<\/p>\n<p style=\"text-align: center;\">Si quieres, ser\u00e9 tu amigo.<\/p>\n<p style=\"text-align: center;\">A cambio, no abuses<\/p>\n<p style=\"text-align: center;\">de mis dones te pido.<\/p>\n<p style=\"text-align: center;\">Cuando me necesites, aunque tengas<\/p>\n<p style=\"text-align: center;\">el alma enferma y el cuerpo abatido,<\/p>\n<p style=\"text-align: center;\">\u00a1cuenta conmigo!<\/p>\n<p style=\"text-align: justify;\">\u00a0\u00a0\u00a0\u00a0\u00a0\u00a0\u00a0\u00a0\u00a0 Querido Rogelio, ahora escribir\u00e1s tus poemas en el Cielo. Y si te asomas entre nubes desde \u00e9l, ver\u00e1s que seguimos queri\u00e9ndote. Que la huella de tu paso por Granada Costa ha sido muy profunda y tu recuerdo jam\u00e1s desaparecer\u00e1 perdido en el \u00e9ter entre las nebulosas del tiempo y el espacio. Ser\u00e1 perenne porque significaste mucho para este gran Proyecto de Cultura y para todos los socios que te conocieron. Ten por seguro que tus versos pasar\u00e1n de una a otra generaci\u00f3n cuando llegue a sus manos alguno de tus libros o descorchen una botella de buen vino y lean sobre la etiqueta tu ya m\u00edtico poema <strong>La voz del Vino.<\/strong><\/p>\n<p style=\"text-align: justify;\">No te digo adi\u00f3s porque tan solo te alejaste <em>una tarde oto\u00f1al con \u00e1rboles desnudos y ambiente melanc\u00f3lico<\/em>, cuando in eternum te fuiste camino de la gloria.<\/p>\n<p style=\"text-align: justify;\">In memoriam del gran poeta\u00a0 Rogelio Garrido Monta\u00f1ana.<\/p>\n<p style=\"text-align: right;\"><strong>Carmen Carrasco Ramos<\/strong><\/p>\n<p style=\"text-align: right;\"><strong>Profesora, escritora y poeta<\/strong><\/p>\n<p style=\"text-align: right;\"><strong>Delegada Nacional de Poes\u00eda de la Academia de las Ciencias, <\/strong><\/p>\n<p style=\"text-align: right;\"><strong>Bellas Artes y Buenas Letras Granada Costa<\/strong><\/p>\n<p style=\"text-align: right;\"><a href=\"http:\/\/granadacostanacional.es\/wp-content\/uploads\/2020\/09\/Carmen-carrasco-r.jpg\"><img decoding=\"async\" loading=\"lazy\" class=\"alignright size-medium wp-image-25356\" src=\"http:\/\/granadacostanacional.es\/wp-content\/uploads\/2020\/09\/Carmen-carrasco-r-300x174.jpg\" alt=\"Carmen carrasco r\" width=\"300\" height=\"174\" \/><\/a><\/p>\n<p style=\"text-align: right;\"><a href=\"http:\/\/www.itrabo.es\/\"><img decoding=\"async\" loading=\"lazy\" class=\"aligncenter size-full wp-image-25975\" src=\"http:\/\/granadacostanacional.es\/wp-content\/uploads\/2020\/11\/web-itrabo.gif\" alt=\"web itrabo\" width=\"689\" height=\"567\" \/><\/a><\/p>\n","protected":false},"excerpt":{"rendered":"<p>Comenzar\u00e9 como en los cuentos de hadas: \u00c9rase que se era una ma\u00f1ana de dorado oto\u00f1o valenciano cuando, cual carill\u00f3n,&hellip;<\/p>\n","protected":false},"author":2,"featured_media":26846,"comment_status":"open","ping_status":"open","sticky":false,"template":"","format":"standard","meta":{"om_disable_all_campaigns":false,"_mi_skip_tracking":false,"_monsterinsights_sitenote_active":false,"_monsterinsights_sitenote_note":"","_monsterinsights_sitenote_category":0,"footnotes":""},"categories":[21,30],"tags":[],"aioseo_notices":[],"_links":{"self":[{"href":"https:\/\/granadacostaglobal.es\/index.php?rest_route=\/wp\/v2\/posts\/26845"}],"collection":[{"href":"https:\/\/granadacostaglobal.es\/index.php?rest_route=\/wp\/v2\/posts"}],"about":[{"href":"https:\/\/granadacostaglobal.es\/index.php?rest_route=\/wp\/v2\/types\/post"}],"author":[{"embeddable":true,"href":"https:\/\/granadacostaglobal.es\/index.php?rest_route=\/wp\/v2\/users\/2"}],"replies":[{"embeddable":true,"href":"https:\/\/granadacostaglobal.es\/index.php?rest_route=%2Fwp%2Fv2%2Fcomments&post=26845"}],"version-history":[{"count":0,"href":"https:\/\/granadacostaglobal.es\/index.php?rest_route=\/wp\/v2\/posts\/26845\/revisions"}],"wp:featuredmedia":[{"embeddable":true,"href":"https:\/\/granadacostaglobal.es\/index.php?rest_route=\/"}],"wp:attachment":[{"href":"https:\/\/granadacostaglobal.es\/index.php?rest_route=%2Fwp%2Fv2%2Fmedia&parent=26845"}],"wp:term":[{"taxonomy":"category","embeddable":true,"href":"https:\/\/granadacostaglobal.es\/index.php?rest_route=%2Fwp%2Fv2%2Fcategories&post=26845"},{"taxonomy":"post_tag","embeddable":true,"href":"https:\/\/granadacostaglobal.es\/index.php?rest_route=%2Fwp%2Fv2%2Ftags&post=26845"}],"curies":[{"name":"wp","href":"https:\/\/api.w.org\/{rel}","templated":true}]}}