{"id":26811,"date":"2021-01-17T09:30:43","date_gmt":"2021-01-17T09:30:43","guid":{"rendered":"http:\/\/granadacostanacional.es\/?p=26811"},"modified":"2021-01-17T09:30:43","modified_gmt":"2021-01-17T09:30:43","slug":"fortalecer-nuestro-exterior-para-engrandecer-nuestro-interior","status":"publish","type":"post","link":"https:\/\/granadacostaglobal.es\/?p=26811","title":{"rendered":"Fortalecer nuestro exterior para engrandecer nuestro interior"},"content":{"rendered":"<p style=\"text-align: justify;\">Tengo la sensaci\u00f3n de que se sigue sin atender lo suficientemente la educaci\u00f3n emocional, lastre para una educaci\u00f3n demasiado competencial en el sentido m\u00e1s literal del t\u00e9rmino. En una \u00e9poca donde prevalece el racionalismo frente al espiritualismo que no es sentimentalismo, cabe de todo menos aut\u00e9nticos sentimientos. Otra cosa era o es el sentido com\u00fan que por cierto, desaparece cuando afecta al bolsillo o a la d\u00e9bil econom\u00eda que padecemos en la navidad m\u00e1s triste e incierta de nuestro S.XXI.<\/p>\n<p style=\"text-align: justify;\">El caso es que el desempleo se ha incrementado hasta un empobrecimiento significativo, que lleva aparejado un \u201csinpoder vivir\u201d para muchas familias, que no saben o no pueden, sin salirles las cuentas para no cerrar sus negocios, y no digamos la hosteler\u00eda si no se les ayuda. Parece ser que lo que m\u00e1s importa sigue siendo la \u201cburrocracia digital\u201d de papeles y m\u00e1s papeles para cobrar la renta m\u00ednima, o reducir impuestos o aplicar los ertes; sin facilitar ni satisfacer realmente sus necesidades lo mismo que ocurre respecto a los resultados de evaluaci\u00f3n educativa a la que cualquier docente se tiene que enfrentar, para justificar que lo importante es el no abandono escolar y la igualdad de oportunidades pero nada preocupante el abandono del esfuerzo, y el respeto por los que quieren estudiar, dejando toda la responsabilidad en manos de unas intenciones, que nunca se llevan a cabo debidamente, en el respeto a la convivencia ni a la hora de decidir la promoci\u00f3n de un alumnado no preparado. M\u00e1s de lo mismo del \u201cvuelva usted ma\u00f1ana\u201d equivalente \u201ca marear la perdiz\u201d.<\/p>\n<p style=\"text-align: justify;\">Como si lo que siempre y es lo \u00fanico que importa es la valoraci\u00f3n de la religi\u00f3n frente a una materia alternativa. O sobre la lengua vehicular o no, para no o s\u00ed crear discriminaci\u00f3n ling\u00fc\u00edstica, es decir, para minusvalorar la lengua espa\u00f1ola aunque t\u00edmidamente el Tribunal Superior de Justicia la exija en un 25%. Pero en esta \u00e9poca de incertidumbre, de ausencia desgarradora de valores, de mentiras que se impone a la verdad, de zancadillas y manipulaci\u00f3n en el lenguaje, donde se adolece de un esp\u00edritu cr\u00edtico, enriquecedor y respetuoso con las diferencias de opini\u00f3n; en el que lo que suma no se tiene en cuenta, ni hay pactos por los intereses generales sino conflictos o diatribas para sobresalir y avasallar al contrario.<\/p>\n<p style=\"text-align: justify;\">Hace falta m\u00e1s que nunca el sentido com\u00fan y la solidaridad con el pr\u00f3jimo, o m\u00e1s desfavorecido, donde la lucha contra la injusticia deber\u00eda ser un baluarte que nos haga recapacitar y pensar hacia d\u00f3nde vamos por derroteros cada vez m\u00e1s descaminados o perdidos en un mundo de fr\u00e1gil y dudosa humanidad, respecto a los que quieren trabajar o estudiar.<\/p>\n<p style=\"text-align: justify;\">En un mundo de hipocres\u00eda y postureo, en el que la vanidad est\u00e1 m\u00e1s valorada que la verdad o autenticidad. Lo digo porque llega una \u00e9poca con la navidad que se presta a ello, pero para que la Navidad tenga verdaderamente su sentido, debe extenderse cuanto menos a muchos otros d\u00edas del a\u00f1o, en que la gente se juega la vida para buscar refugio en para\u00edsos de otros territorios, que no cumplen sus expectativas, ni lo prometido a personas que no tienen recursos para tener o mantener un trabajo o los requisitos b\u00e1sicos de luz, agua y alimentos para sustentar a su familia, despu\u00e9s de sentirse abandonados. Con unos gobiernos que en vez de hablar s\u00f3lo de los problemas, deber\u00edan afrontarlos y arreglarlos, porque no deber\u00edamos ser tan maquiav\u00e9licos, ya que pocos ven lo que somos y muchos ven s\u00f3lo lo que aparentamos. Lo importante es que cada cual aporte lo mejor para el otro.<\/p>\n<p style=\"text-align: justify;\">En este sentido hay que pensar m\u00e1s en lo que la gente necesita, no en lo que quiere o\u00edr. Por eso no hay que callar, el silencio es c\u00f3mplice de la mentira de la zona de confort en la que los gobernantes se sit\u00faan. Hay que actuar con la cabeza pero no hueca, sobretodo si es con la sinceridad del coraz\u00f3n, porque los que presumen de amigos o empat\u00eda, no se van cuando los dem\u00e1s se marchan, pues \u201cun verdadero amigo es aquel que llega cuando todos se han ido\u201d como dir\u00eda Albert Camus. Porque muchos critican por lo que ven pero pocos lo hacen por lo que saben\u2026<\/p>\n<p>&nbsp;<\/p>\n<p style=\"text-align: right;\"><strong>Francisco Velasco Rey<\/strong><\/p>\n<p style=\"text-align: right;\"><strong>Profesor y Escritor<\/strong><\/p>\n<p style=\"text-align: right;\"><strong>Almu\u00f1\u00e9car-Granada<\/strong><\/p>\n<p style=\"text-align: right;\">\n<p><a href=\"https:\/\/www.valenzuela.es\/\"><img decoding=\"async\" loading=\"lazy\" class=\"aligncenter size-large wp-image-26234\" src=\"http:\/\/granadacostanacional.es\/wp-content\/uploads\/2020\/11\/Valenzuela-1024x843.gif\" alt=\"Valenzuela\" width=\"1024\" height=\"843\" \/><\/a><\/p>\n","protected":false},"excerpt":{"rendered":"<p>Tengo la sensaci\u00f3n de que se sigue sin atender lo suficientemente la educaci\u00f3n emocional, lastre para una educaci\u00f3n demasiado competencial&hellip;<\/p>\n","protected":false},"author":3,"featured_media":0,"comment_status":"open","ping_status":"open","sticky":false,"template":"","format":"standard","meta":{"om_disable_all_campaigns":false,"_mi_skip_tracking":false,"_monsterinsights_sitenote_active":false,"_monsterinsights_sitenote_note":"","_monsterinsights_sitenote_category":0,"footnotes":""},"categories":[30],"tags":[],"aioseo_notices":[],"_links":{"self":[{"href":"https:\/\/granadacostaglobal.es\/index.php?rest_route=\/wp\/v2\/posts\/26811"}],"collection":[{"href":"https:\/\/granadacostaglobal.es\/index.php?rest_route=\/wp\/v2\/posts"}],"about":[{"href":"https:\/\/granadacostaglobal.es\/index.php?rest_route=\/wp\/v2\/types\/post"}],"author":[{"embeddable":true,"href":"https:\/\/granadacostaglobal.es\/index.php?rest_route=\/wp\/v2\/users\/3"}],"replies":[{"embeddable":true,"href":"https:\/\/granadacostaglobal.es\/index.php?rest_route=%2Fwp%2Fv2%2Fcomments&post=26811"}],"version-history":[{"count":0,"href":"https:\/\/granadacostaglobal.es\/index.php?rest_route=\/wp\/v2\/posts\/26811\/revisions"}],"wp:attachment":[{"href":"https:\/\/granadacostaglobal.es\/index.php?rest_route=%2Fwp%2Fv2%2Fmedia&parent=26811"}],"wp:term":[{"taxonomy":"category","embeddable":true,"href":"https:\/\/granadacostaglobal.es\/index.php?rest_route=%2Fwp%2Fv2%2Fcategories&post=26811"},{"taxonomy":"post_tag","embeddable":true,"href":"https:\/\/granadacostaglobal.es\/index.php?rest_route=%2Fwp%2Fv2%2Ftags&post=26811"}],"curies":[{"name":"wp","href":"https:\/\/api.w.org\/{rel}","templated":true}]}}