{"id":26800,"date":"2021-01-15T15:32:56","date_gmt":"2021-01-15T15:32:56","guid":{"rendered":"http:\/\/granadacostanacional.es\/?p=26800"},"modified":"2021-01-15T15:32:56","modified_gmt":"2021-01-15T15:32:56","slug":"mar-sanchez-orgiva-y-la-alpujarra-granadina-seran-dos-grandes-beneficiadas-en-los-presupuestos-que-impulsa-cs-desde-el-gobierno-andaluz","status":"publish","type":"post","link":"https:\/\/granadacostaglobal.es\/?p=26800","title":{"rendered":"Mar S\u00e1nchez: \u201c\u00d3rgiva y la Alpujarra granadina ser\u00e1n dos grandes beneficiadas en los Presupuestos que impulsa Cs desde el Gobierno andaluz\u201d"},"content":{"rendered":"<ul>\n<li style=\"text-align: justify;\">La diputada de la formaci\u00f3n naranja en la C\u00e1mara regional, Mar S\u00e1nchez, y la portavoz de Cs en el Ayuntamiento orgive\u00f1o, Raquel \u00c1lvarez, coinciden en que las cuentas andaluzas dan respuesta a \u201creivindicaciones hist\u00f3ricas de la comarca\u201d, como avances en el <strong>centro de alta resoluci\u00f3n y en la sede judicial de \u00d3rgiva o la dotaci\u00f3n de 5 millones para la carretera A-348 de acceso a la Alpujarra desde A-44 a Lanjar\u00f3n<\/strong><\/li>\n<\/ul>\n<p style=\"text-align: justify;\">\n<p style=\"text-align: justify;\"><strong>\u00d3rgiva, 15 de enero de 2021. <\/strong>La diputada de la formaci\u00f3n naranja en el Parlamento andaluz por la provincia de Granada, Mar S\u00e1nchez, se ha reunido esta ma\u00f1ana con la portavoz de Cs en el Ayuntamiento orgive\u00f1o, Raquel \u00c1lvarez, para repasar los \u201cimportantes proyectos\u201d espec\u00edficos que ha preparado el Gobierno de Cs en la Junta de Andaluc\u00eda para la Alpujarra granadina y su capital, \u00d3rgiva.<\/p>\n<p style=\"text-align: justify;\">\u201cLa Alpujarra y especialmente la ciudad de \u00d3rgiva ser\u00e1n dos grandes beneficiadas en los Presupuestos andaluces de este a\u00f1o, gracias al empe\u00f1o de Cs para que esta comarca vea cumplida de una vez muchas de sus <strong>reivindicaciones hist\u00f3ricas a las que el PSOE andaluz hizo caso omiso durante d\u00e9cadas<\/strong>\u201d, ha expresado la diputada granadina, poniendo como ejemplos la adaptaci\u00f3n del proyecto para el centro de alta resoluci\u00f3n de \u00d3rgiva, con una partida de 290.000 euros; los avances en la sede judicial de la localidad (con 49.209 euros); la mejora de la carretera A-348 de acceso a la Alpujarra desde A-44 a Lanjar\u00f3n, dotada en 5 millones de euros, o la puesta en marcha de la pasarela ciclista del Puente de Trev\u00e9lez.<\/p>\n<p style=\"text-align: justify;\">Mar S\u00e1nchez ha insistido en que \u201cpese a tratarse de un a\u00f1o especialmente complicado\u201d el Gobierno de Cs en la Junta de Andaluc\u00eda se ha esforzado por impulsar estas \u201cdemandas hist\u00f3ricas\u201d de la comarca, si bien \u201ccomo no pod\u00eda ser de otra manera el grueso de las cuentas andaluzas se han tenido que dedicar a Sanidad, Educaci\u00f3n y Pol\u00edticas Sociales. \u201cAsistimos a <strong>los presupuestos m\u00e1s sociales de la historia de la Junta<\/strong>, como necesita ahora nuestra comunidad, unos Presupuestos centrados en las personas, en los granadinos, que tanto esfuerzo est\u00e1n haciendo para salir de la crisis\u201d, ha dicho.<\/p>\n<p style=\"text-align: justify;\">En esta l\u00ednea, la diputada de Cs ha enumerado una serie de \u201chitos\u201d que evidencian el \u201cverdadero giro social\u201d que ha emprendido el Gobierno andaluz de Cs: \u201cla mayor plantilla docente de la historia, con 139.000 docentes, o el incremento del 4% en ayudas extraordinarias en sus pensiones no contributivas, entre otras actuaciones que parten de las Consejer\u00edas naranjas en la Junta de Andaluc\u00eda.<\/p>\n<p style=\"text-align: justify;\">Por su parte, la portavoz de Cs en el Ayuntamiento en \u00d3rgiva, Raquel \u00c1lvarez, ha agradecido la presencia de la parlamentaria que \u201cdemuestra una vez m\u00e1s el compromiso y la atenci\u00f3n tanto de la Junta como del Parlamento andaluz desde que la formaci\u00f3n naranja est\u00e1 en sendas instituciones. \u201c<strong>Gracias al Gobierno de Cs en la Junta, nuestro pueblo est\u00e1 por fin en el centro de las pol\u00edticas andaluzas,<\/strong> siendo uno de los municipios que m\u00e1s partidas presupuestarias concretas ha recibido\u201d, ha se\u00f1alado \u00c1lvarez, destacando especialmente la \u201cimportancia de los nuevos avances\u201d tanto en el centro de alta resoluci\u00f3n de \u00d3rgiva, como en la nueva sede judicial, &#8220;fundamentales para nuestro pubelo&#8221;, ha concluido.<\/p>\n","protected":false},"excerpt":{"rendered":"<p>La diputada de la formaci\u00f3n naranja en la C\u00e1mara regional, Mar S\u00e1nchez, y la portavoz de Cs en el Ayuntamiento&hellip;<\/p>\n","protected":false},"author":2,"featured_media":26801,"comment_status":"open","ping_status":"open","sticky":false,"template":"","format":"standard","meta":{"om_disable_all_campaigns":false,"_mi_skip_tracking":false,"_monsterinsights_sitenote_active":false,"_monsterinsights_sitenote_note":"","_monsterinsights_sitenote_category":0,"footnotes":""},"categories":[22],"tags":[],"aioseo_notices":[],"_links":{"self":[{"href":"https:\/\/granadacostaglobal.es\/index.php?rest_route=\/wp\/v2\/posts\/26800"}],"collection":[{"href":"https:\/\/granadacostaglobal.es\/index.php?rest_route=\/wp\/v2\/posts"}],"about":[{"href":"https:\/\/granadacostaglobal.es\/index.php?rest_route=\/wp\/v2\/types\/post"}],"author":[{"embeddable":true,"href":"https:\/\/granadacostaglobal.es\/index.php?rest_route=\/wp\/v2\/users\/2"}],"replies":[{"embeddable":true,"href":"https:\/\/granadacostaglobal.es\/index.php?rest_route=%2Fwp%2Fv2%2Fcomments&post=26800"}],"version-history":[{"count":0,"href":"https:\/\/granadacostaglobal.es\/index.php?rest_route=\/wp\/v2\/posts\/26800\/revisions"}],"wp:featuredmedia":[{"embeddable":true,"href":"https:\/\/granadacostaglobal.es\/index.php?rest_route=\/"}],"wp:attachment":[{"href":"https:\/\/granadacostaglobal.es\/index.php?rest_route=%2Fwp%2Fv2%2Fmedia&parent=26800"}],"wp:term":[{"taxonomy":"category","embeddable":true,"href":"https:\/\/granadacostaglobal.es\/index.php?rest_route=%2Fwp%2Fv2%2Fcategories&post=26800"},{"taxonomy":"post_tag","embeddable":true,"href":"https:\/\/granadacostaglobal.es\/index.php?rest_route=%2Fwp%2Fv2%2Ftags&post=26800"}],"curies":[{"name":"wp","href":"https:\/\/api.w.org\/{rel}","templated":true}]}}