{"id":26790,"date":"2021-01-15T11:01:45","date_gmt":"2021-01-15T11:01:45","guid":{"rendered":"http:\/\/granadacostanacional.es\/?p=26790"},"modified":"2021-01-15T11:01:45","modified_gmt":"2021-01-15T11:01:45","slug":"ciudadanos-valora-la-estrategia-conjunta-por-la-creacion-de-empleo-desde-la-junta-y-el-ayuntamiento-de-guadix","status":"publish","type":"post","link":"https:\/\/granadacostaglobal.es\/?p=26790","title":{"rendered":"Ciudadanos valora la \u201cestrategia conjunta por la creaci\u00f3n de empleo\u201d desde la Junta y el Ayuntamiento de Guadix"},"content":{"rendered":"<ul>\n<li style=\"text-align: justify;\">El portavoz de Ciudadanos (Cs) en el Ayuntamiento de Guadix y concejal de Empleo en la ciudad, Pedro Gabriel Rus, remarca \u201clas continuas pol\u00edticas con sello naranja\u201d destinadas a crear puestos de trabajo gracias a una \u201cintensa colaboraci\u00f3n interinstitucional\u201d que ha permitido <strong>aumentar en m\u00e1s de un 50% la partida del Plan Aire para la localidad<\/strong><\/li>\n<\/ul>\n<p style=\"text-align: justify;\">\n<p style=\"text-align: justify;\"><strong>Guadix, 14 de enero de 2021.<\/strong> \u201cDe nuevo volvemos a ser testigos del <strong>impacto local de la pol\u00edtica \u00fatil de Ciudadanos,<\/strong> primando el inter\u00e9s general de los accitanos para la creaci\u00f3n de empleo en nuestra ciudad\u201d, ha se\u00f1alado el portavoz de Ciudadanos (Cs) en el Ayuntamiento de Guadix y concejal de Empleo en la localidad, Pedro Gabriel Rus, quien se ha congratulado de que la partida destinada al Plan Aire en Guadix haya experimentado un crecimiento superior al 50% gracias al aumento de la partida municipal a la iniciativa andaluza por el empleo.<\/p>\n<p style=\"text-align: justify;\">Rus ha puesto de relieve la \u201cintensa interlocuci\u00f3n\u201d entre la Consejer\u00eda de Empleo en la Junta de Andaluc\u00eda y la Concejal\u00eda de Empleo en el Consistorio accitano, \u00e1reas dirigidas por la formaci\u00f3n naranja en sendas Administraciones. \u201cFruto de esa colaboraci\u00f3n interinstitucional y del impulso de Cs por las pol\u00edticas activas de empleo, se ha firmado un convenio bajo el paraguas jur\u00eddico de la iniciativa AIRE, por el cual se incorporar\u00e1n <strong>un m\u00ednimo de 16 contratos m\u00e1s a los 29 que ya est\u00e1n trabajando<\/strong> en los distintos proyectos, con una inversi\u00f3n final de 433.800 euros\u201d.<\/p>\n<p style=\"text-align: justify;\">\u201cGuadix se convierte as\u00ed en el <strong>segundo municipio andaluz que aporta fondos propios para ampliar el impacto de la Iniciativa AIRE\u201d, <\/strong>ha se\u00f1alado Rus tras agradecer la presencia esta ma\u00f1ana en Guadix de la consejera naranja Roc\u00edo Blanco para la ampliaci\u00f3n de dicho convenio. \u201cDesde Cs seguiremos trabajando proactivamente por el empleo de nuestra ciudad y de nuestra comarca, no solo auspiciando la creaci\u00f3n de nuevos puestos de trabajo, sino especialmente <strong>ayudando y apoyando a los aut\u00e9nticos creadores de empleo de nuestra tierra, que son nuestros aut\u00f3nomos y pymes<\/strong>\u201d, ha concluido.<\/p>\n<p><a href=\"http:\/\/www.restaurantekatena.es\/\"><img decoding=\"async\" loading=\"lazy\" class=\"aligncenter size-full wp-image-25429\" src=\"http:\/\/granadacostanacional.es\/wp-content\/uploads\/2020\/09\/Katena.gif\" alt=\"Katena\" width=\"630\" height=\"519\" \/><\/a><\/p>\n","protected":false},"excerpt":{"rendered":"<p>El portavoz de Ciudadanos (Cs) en el Ayuntamiento de Guadix y concejal de Empleo en la ciudad, Pedro Gabriel Rus,&hellip;<\/p>\n","protected":false},"author":2,"featured_media":26791,"comment_status":"open","ping_status":"open","sticky":false,"template":"","format":"standard","meta":{"om_disable_all_campaigns":false,"_mi_skip_tracking":false,"_monsterinsights_sitenote_active":false,"_monsterinsights_sitenote_note":"","_monsterinsights_sitenote_category":0,"footnotes":""},"categories":[22],"tags":[],"aioseo_notices":[],"_links":{"self":[{"href":"https:\/\/granadacostaglobal.es\/index.php?rest_route=\/wp\/v2\/posts\/26790"}],"collection":[{"href":"https:\/\/granadacostaglobal.es\/index.php?rest_route=\/wp\/v2\/posts"}],"about":[{"href":"https:\/\/granadacostaglobal.es\/index.php?rest_route=\/wp\/v2\/types\/post"}],"author":[{"embeddable":true,"href":"https:\/\/granadacostaglobal.es\/index.php?rest_route=\/wp\/v2\/users\/2"}],"replies":[{"embeddable":true,"href":"https:\/\/granadacostaglobal.es\/index.php?rest_route=%2Fwp%2Fv2%2Fcomments&post=26790"}],"version-history":[{"count":0,"href":"https:\/\/granadacostaglobal.es\/index.php?rest_route=\/wp\/v2\/posts\/26790\/revisions"}],"wp:featuredmedia":[{"embeddable":true,"href":"https:\/\/granadacostaglobal.es\/index.php?rest_route=\/"}],"wp:attachment":[{"href":"https:\/\/granadacostaglobal.es\/index.php?rest_route=%2Fwp%2Fv2%2Fmedia&parent=26790"}],"wp:term":[{"taxonomy":"category","embeddable":true,"href":"https:\/\/granadacostaglobal.es\/index.php?rest_route=%2Fwp%2Fv2%2Fcategories&post=26790"},{"taxonomy":"post_tag","embeddable":true,"href":"https:\/\/granadacostaglobal.es\/index.php?rest_route=%2Fwp%2Fv2%2Ftags&post=26790"}],"curies":[{"name":"wp","href":"https:\/\/api.w.org\/{rel}","templated":true}]}}