{"id":26784,"date":"2021-01-14T15:11:13","date_gmt":"2021-01-14T15:11:13","guid":{"rendered":"http:\/\/granadacostanacional.es\/?p=26784"},"modified":"2021-01-14T15:11:13","modified_gmt":"2021-01-14T15:11:13","slug":"ciudadanos-estudia-propuestas-ambiciosas-y-realistas-para-abordar-la-despoblacion-en-arenas-del-rey-y-el-poniente-granadino","status":"publish","type":"post","link":"https:\/\/granadacostaglobal.es\/?p=26784","title":{"rendered":"Ciudadanos estudia \u201cpropuestas ambiciosas y realistas\u201d para abordar la despoblaci\u00f3n en Arenas del Rey y el Poniente granadino"},"content":{"rendered":"<ul>\n<li style=\"text-align: justify;\">La diputada de Ciudadanos (Cs) en el Parlamento de Andaluc\u00eda, Concha Ins\u00faa, se re\u00fane con la portavoz de la formaci\u00f3n naranja en Arenas del Rey y teniente alcalde de la localidad, Ruth M\u00e1rquez, para \u201cimpulsar desde todas las Administraciones <strong>iniciativas que arraiguen la poblaci\u00f3n al territorio\u201d<\/strong><\/li>\n<\/ul>\n<p style=\"text-align: justify;\"><strong>Arenas del Rey, 14 de enero de 2021<\/strong>. La diputada de Ciudadanos (Cs) en el Parlamento de Andaluc\u00eda, Concha Ins\u00faa, se ha reunido esta ma\u00f1ana con la portavoz de la formaci\u00f3n naranja en Arenas del Rey y teniente alcalde de la localidad, Ruth M\u00e1rquez, para abordar el \u201cenorme problema\u201d que supone la despoblaci\u00f3n para el Poniente granadino, as\u00ed como para analizar \u201csus causas m\u00e1s inmediatas\u201d y \u201crecabar las soluciones m\u00e1s eficaces\u201d para revertir dicha situaci\u00f3n.<\/p>\n<p style=\"text-align: justify;\">Ins\u00faa, que es tambi\u00e9n vicepresidenta de la Comisi\u00f3n sobre el Reto Demogr\u00e1fico en la C\u00e1mara andaluza, ha estudiado junto a la concejal naranja las \u201cpreocupantes cifras demogr\u00e1ficas\u201d que arroja municipio, que <strong>en pocos a\u00f1os ha perdido casi la mitad de su poblaci\u00f3n<\/strong>. \u201cDesde Cs hemos impulsado desde todas las Administraciones la lucha contra la lacra de la despoblaci\u00f3n\u201d, ha se\u00f1alado Ins\u00faa, quien considera que en el caso concreto de Arenas del Rey \u201ces necesaria una estrategia conjunta centrada en el desarrollo de nuevas oportunidades de negocio que permitan arraigar la poblaci\u00f3n al territorio\u201d.<\/p>\n<p style=\"text-align: justify;\">En este sentido, la diputada granadina ha reconocido la \u201cdedicaci\u00f3n\u201d y el \u201ccontinuo trabajo\u201d realizado por la edil de la formaci\u00f3n liberal en el Ayuntamiento, Ruth M\u00e1rquez. \u201cCs Arenas del Rey est\u00e1 trabajando actualmente en iniciativas muy ambiciosas y, a la vez, muy realistas, que ser\u00e1n muy positivas para la econom\u00eda y el empleo del municipio\u201d, ha asegurado Ins\u00faa, destacando especialmente el <strong>\u201cdi\u00e1logo fluido y fruct\u00edfero en materia tur\u00edstica\u201d<\/strong>, un \u00e1rea que dirige la formaci\u00f3n naranja tanto en la Junta de Andaluc\u00eda como en el propio Consistorio arenusco.<\/p>\n<p style=\"text-align: justify;\">Por su parte, la portavoz de Cs en el Ayuntamiento y teniente alcalde en Arenas del Rey, Ruth M\u00e1rquez, ha agradecido a la parlamentaria auton\u00f3mica su \u201cbuena disposici\u00f3n\u201d para trasladar las iniciativas planteadas desde el grupo municipal al Gobierno andaluz, centradas en \u201c<strong>potenciar tur\u00edsticamente el entorno del Pantano de los Bermejales\u201d<\/strong>, entre otras actuaciones. \u201cEspecialmente en momentos como los que estamos atravesando actualmente, es fundamental la colaboraci\u00f3n entre instituciones. Somos conscientes de que tanto Arenas del Rey como el del Pantano de los Bermejales conforman entornos paisaj\u00edsticos y tur\u00edsticos envidiables. Por ello, estamos trabajando en esa l\u00ednea, para hacer m\u00e1s atractiva nuestra oferta tur\u00edstica, algo que llevar\u00e1 aparejada la creaci\u00f3n de puestos de trabajo que tanto necesitamos en nuestro municipio\u201d, ha concluido.<\/p>\n<p style=\"text-align: justify;\"><a href=\"http:\/\/granadacostanacional.es\/wp-content\/uploads\/2021\/01\/Cuesta-San-Blas-1.jpg\"><img decoding=\"async\" loading=\"lazy\" class=\"aligncenter wp-image-26787 size-full\" src=\"http:\/\/granadacostanacional.es\/wp-content\/uploads\/2021\/01\/Cuesta-San-Blas-1-e1610637144735.jpg\" alt=\"Cuesta San Blas 1\" width=\"800\" height=\"601\" \/><\/a><\/p>\n","protected":false},"excerpt":{"rendered":"<p>La diputada de Ciudadanos (Cs) en el Parlamento de Andaluc\u00eda, Concha Ins\u00faa, se re\u00fane con la portavoz de la formaci\u00f3n&hellip;<\/p>\n","protected":false},"author":2,"featured_media":26785,"comment_status":"open","ping_status":"open","sticky":false,"template":"","format":"standard","meta":{"om_disable_all_campaigns":false,"_mi_skip_tracking":false,"_monsterinsights_sitenote_active":false,"_monsterinsights_sitenote_note":"","_monsterinsights_sitenote_category":0,"footnotes":""},"categories":[22],"tags":[],"aioseo_notices":[],"_links":{"self":[{"href":"https:\/\/granadacostaglobal.es\/index.php?rest_route=\/wp\/v2\/posts\/26784"}],"collection":[{"href":"https:\/\/granadacostaglobal.es\/index.php?rest_route=\/wp\/v2\/posts"}],"about":[{"href":"https:\/\/granadacostaglobal.es\/index.php?rest_route=\/wp\/v2\/types\/post"}],"author":[{"embeddable":true,"href":"https:\/\/granadacostaglobal.es\/index.php?rest_route=\/wp\/v2\/users\/2"}],"replies":[{"embeddable":true,"href":"https:\/\/granadacostaglobal.es\/index.php?rest_route=%2Fwp%2Fv2%2Fcomments&post=26784"}],"version-history":[{"count":0,"href":"https:\/\/granadacostaglobal.es\/index.php?rest_route=\/wp\/v2\/posts\/26784\/revisions"}],"wp:featuredmedia":[{"embeddable":true,"href":"https:\/\/granadacostaglobal.es\/index.php?rest_route=\/"}],"wp:attachment":[{"href":"https:\/\/granadacostaglobal.es\/index.php?rest_route=%2Fwp%2Fv2%2Fmedia&parent=26784"}],"wp:term":[{"taxonomy":"category","embeddable":true,"href":"https:\/\/granadacostaglobal.es\/index.php?rest_route=%2Fwp%2Fv2%2Fcategories&post=26784"},{"taxonomy":"post_tag","embeddable":true,"href":"https:\/\/granadacostaglobal.es\/index.php?rest_route=%2Fwp%2Fv2%2Ftags&post=26784"}],"curies":[{"name":"wp","href":"https:\/\/api.w.org\/{rel}","templated":true}]}}