{"id":26774,"date":"2021-01-13T15:06:57","date_gmt":"2021-01-13T15:06:57","guid":{"rendered":"http:\/\/granadacostanacional.es\/?p=26774"},"modified":"2021-01-13T15:06:57","modified_gmt":"2021-01-13T15:06:57","slug":"fernandez-con-el-gobierno-de-cs-en-la-junta-se-materializan-las-reivindicaciones-historicas-de-baza","status":"publish","type":"post","link":"https:\/\/granadacostaglobal.es\/?p=26774","title":{"rendered":"Fern\u00e1ndez: \u201cCon el Gobierno de Cs en la Junta se materializan las reivindicaciones hist\u00f3ricas de Baza\u201d"},"content":{"rendered":"<ul>\n<li style=\"text-align: justify;\">El diputado de Ciudadanos en el Parlamento andaluz, Ra\u00fal Fern\u00e1ndez, repasa con el portavoz de la formaci\u00f3n naranja en el Ayuntamiento de Baza, Fernando Serrano, los \u201chitos\u201d que est\u00e1n marcando \u201cun antes y un despu\u00e9s\u201d en la econom\u00eda bastetana, como <strong>la l\u00ednea 400kv, la declaraci\u00f3n del Geoparque y ahora el impulso en la mejora viaria hacia Levante, la A-334<\/strong><\/li>\n<\/ul>\n<p style=\"text-align: justify;\">\n<p style=\"text-align: justify;\"><strong>Baza, 13 de enero de 2021.<\/strong> El diputado de Ciudadanos (Cs) en el Parlamento de Andaluc\u00eda, Ra\u00fal Fern\u00e1ndez, se ha reunido esta ma\u00f1ana con el portavoz de la formaci\u00f3n naranja en el Ayuntamiento de Baza, Fernando Serrano, para hacer balance del \u201cprofundo impacto en la comarca bastetana\u201d que est\u00e1 ejerciendo Cs tanto en los Presupuestos andaluces como en las \u201cconstantes iniciativas parlamentarias\u201d en la C\u00e1mara regional: \u201cCon el Gobierno de Cs en la Junta empiezan a materializarse las reivindicaciones hist\u00f3ricas de Baza\u201d, ha afirmado Fern\u00e1ndez.<\/p>\n<p style=\"text-align: justify;\">Como ejemplo de la \u201capuesta\u201d de la formaci\u00f3n liberal por esta \u201ccomarca constantemente ninguneada por el PSOE andaluz\u201d, el diputado granadino ha visitado esta ma\u00f1ana junto al concejal de la formaci\u00f3n naranja la A-334, la carretera que conecta Baza con Olula del R\u00edo para prolongarse hasta el Levante espa\u00f1ol. <strong>\u201cPor fin podemos decir que hay una partida presupuestaria para dar respuesta a esta continua reivindicaci\u00f3n de los vecinos de la comarca de Baza<\/strong>\u201d, ha celebrado Fern\u00e1ndez, en referencia a una primera partida en 2021 dotada en 50.000 euros para el estudio de viabilidad de mejora de la capacidad de esta v\u00eda.<\/p>\n<p style=\"text-align: justify;\">\u201cEstamos convencidos de que este paso supondr\u00e1 un antes y un despu\u00e9s para los intereses de esta zona, un hito que acabar\u00e1 uni\u00e9ndose a otros grandes proyectos para la comarca que ha impulsado <strong>Ciudadanos desde las distintas Administraciones como la l\u00ednea 400kv o la declaraci\u00f3n del Geoparque<\/strong>\u201d, ha explicado Fern\u00e1ndez. \u201cAmbos proyectos han sido nuestras banderas naranjas en la comarca, ya que los consideramos fundamentales y prioritarios para el desarrollo econ\u00f3mico de Baza y la creaci\u00f3n de empleo de calidad\u201d, ha a\u00f1adido.<\/p>\n<p style=\"text-align: justify;\">En esta misma l\u00ednea se ha pronunciado tambi\u00e9n el portavoz de Cs en el Consistorio bastetano, Fernando Serrano, quien ha agradecido la \u201cconfianza de la Junta de Andaluc\u00eda en el potencial de Baza y su comarca\u201d, como demuestra el hecho de que la Consejer\u00eda naranja de Educaci\u00f3n haya impulsado dos <strong>nuevos ciclos formativos de FP Dual \u201cvinculados a necesidades y expectativas de la zona\u201d<\/strong>, en referencia a los m\u00f3dulos de Actividades F\u00edsico-deportivas en el Medio Natural y de Automatizaci\u00f3n y Rob\u00f3tica<strong>. <\/strong>\u201cSe trata de que nuestros alumnos se especialicen en \u00e1reas que se requerir\u00e1n en un futuro inmediato, ayudando a frenar la despoblaci\u00f3n de la zona al mismo tiempo que se diversifica nuestra econom\u00eda\u201d, ha explicado.<\/p>\n<p style=\"text-align: justify;\">\u201cEn definitiva, mientras que <strong>Susana D\u00edaz se ha dedicado a prometer en Baza autov\u00edas hasta en tres ocasiones<\/strong> sin hacer nada al respecto, desde que Cs est\u00e1 en el Gobierno de la Junta se avanza de verdad en el cumplimiento de las hist\u00f3ricas y justas reivindicaciones de los bastetanos\u201d, han concluido ambos portavoces de Cs.<\/p>\n<p style=\"text-align: justify;\"><a href=\"http:\/\/redoficial.citroen.es\/motril\"><img decoding=\"async\" loading=\"lazy\" class=\"aligncenter size-large wp-image-25899\" src=\"http:\/\/granadacostanacional.es\/wp-content\/uploads\/2020\/10\/anuncio-limer-1024x620.jpg\" alt=\"anuncio limer\" width=\"1024\" height=\"620\" \/><\/a><\/p>\n","protected":false},"excerpt":{"rendered":"<p>El diputado de Ciudadanos en el Parlamento andaluz, Ra\u00fal Fern\u00e1ndez, repasa con el portavoz de la formaci\u00f3n naranja en el&hellip;<\/p>\n","protected":false},"author":2,"featured_media":26775,"comment_status":"open","ping_status":"open","sticky":false,"template":"","format":"standard","meta":{"om_disable_all_campaigns":false,"_mi_skip_tracking":false,"_monsterinsights_sitenote_active":false,"_monsterinsights_sitenote_note":"","_monsterinsights_sitenote_category":0,"footnotes":""},"categories":[22],"tags":[],"aioseo_notices":[],"_links":{"self":[{"href":"https:\/\/granadacostaglobal.es\/index.php?rest_route=\/wp\/v2\/posts\/26774"}],"collection":[{"href":"https:\/\/granadacostaglobal.es\/index.php?rest_route=\/wp\/v2\/posts"}],"about":[{"href":"https:\/\/granadacostaglobal.es\/index.php?rest_route=\/wp\/v2\/types\/post"}],"author":[{"embeddable":true,"href":"https:\/\/granadacostaglobal.es\/index.php?rest_route=\/wp\/v2\/users\/2"}],"replies":[{"embeddable":true,"href":"https:\/\/granadacostaglobal.es\/index.php?rest_route=%2Fwp%2Fv2%2Fcomments&post=26774"}],"version-history":[{"count":0,"href":"https:\/\/granadacostaglobal.es\/index.php?rest_route=\/wp\/v2\/posts\/26774\/revisions"}],"wp:featuredmedia":[{"embeddable":true,"href":"https:\/\/granadacostaglobal.es\/index.php?rest_route=\/"}],"wp:attachment":[{"href":"https:\/\/granadacostaglobal.es\/index.php?rest_route=%2Fwp%2Fv2%2Fmedia&parent=26774"}],"wp:term":[{"taxonomy":"category","embeddable":true,"href":"https:\/\/granadacostaglobal.es\/index.php?rest_route=%2Fwp%2Fv2%2Fcategories&post=26774"},{"taxonomy":"post_tag","embeddable":true,"href":"https:\/\/granadacostaglobal.es\/index.php?rest_route=%2Fwp%2Fv2%2Ftags&post=26774"}],"curies":[{"name":"wp","href":"https:\/\/api.w.org\/{rel}","templated":true}]}}