{"id":26769,"date":"2021-01-13T11:10:16","date_gmt":"2021-01-13T11:10:16","guid":{"rendered":"http:\/\/granadacostanacional.es\/?p=26769"},"modified":"2021-01-13T11:10:16","modified_gmt":"2021-01-13T11:10:16","slug":"rogelio-garrido-montanana-siempre-con-nosotros","status":"publish","type":"post","link":"https:\/\/granadacostaglobal.es\/?p=26769","title":{"rendered":"ROGELIO GARRIDO MONTA\u00d1ANA: SIEMPRE CON NOSOTROS"},"content":{"rendered":"<p style=\"text-align: center;\"><em>Rogelio Bustos en compa\u00f1\u00eda de Rogelio Garrido<\/em><\/p>\n<p style=\"text-align: justify;\">\n<p style=\"text-align: justify;\">El gran poeta de sensibilidad exquisita, el escritor de prosa limpia y amena, el orador brillante, elegante y sin alardes, el hombre bueno de coraz\u00f3n tierno y alma fuerte, se nos ha ido. Ese r\u00edo caudaloso que era su vida ha ido a dar en el mar. \u201cNuestras vidas son los r\u00edos\/ que van a dar a la mar\/ que es el morir\u201d.\u00a0 Desde hace varios a\u00f1os estos versos de Jorge Manrique me los repet\u00eda siempre al final de cada conversaci\u00f3n que ten\u00edamos, casi a diario,\u00a0 sobre cualquier tema, pues fascinaba la extensi\u00f3n y profundidad de su saber. Y si muchas cosas aprend\u00ed de la lectura de sus libros m\u00e1s aprend\u00ed con su trato, su anecdotario inagotable, sus chistes, de su amistosa cordialidad y de su contagiosa alegr\u00eda y ganas de vivir..<\/p>\n<p style=\"text-align: justify;\">\u00a0\u00a0\u00a0\u00a0\u00a0\u00a0\u00a0\u00a0 Conoc\u00ed por primera vez a Rogelio Garrido all\u00e1 por el a\u00f1o 1990 en una conferencia aqu\u00ed en Granada sobre las terapias manuales, concretamente el Quiromasaje, pues era su intenci\u00f3n crear en Granada una escuela sobre esa especialidad. Asist\u00ed a la conferencia por simple curiosidad, pues a un m\u00e9dico amigo m\u00edo le hab\u00edan propuesto\u00a0 dar clase de anatom\u00eda y fisiolog\u00eda en la escuela de Quiromasaje y como \u00e9l no pod\u00eda por no disponer de tiempo me lo ofreci\u00f3 a m\u00ed. Antes de aceptar quise conocer algo del funcionamiento de esta escuela y ese fue el motivo de mi asistencia.<\/p>\n<p style=\"text-align: justify;\">En aquel primer encuentro a quien conoc\u00ed fue al gran orador. Emple\u00f3 un lenguaje culto pero que todos los presentes (unos 300) entendieron. Pero si importante era lo que dijo\u00a0 tan importante o m\u00e1s fue c\u00f3mo lo dijo: una perfecta dicci\u00f3n, una voz encantadora, \u00e9nfasis oportunos, silencios prolongados\u2026 y sobre todo, el gesto preciso y de apariencia natural. Palabras y gestos unidos lo transfiguraban y se convirti\u00f3 en un actor y la conferencia en una verdadera obra de arte que convenci\u00f3 y admir\u00f3 al p\u00fablico. Este excepcional don de la elocuencia lo hemos podido comprobar en Granada Costa en los numerosos actos en los que ha intervenido. Su presencia en la tarima o en el escenario encantaba\u00a0 y emocionaba al m\u00e1s insensible tanto al intelectual como al iletrado. Y no era porque emplease trucos de teatralidad o gesticulaci\u00f3n exagerada como suelen hacer los oradores populares, no, en absoluto. Sus gestos eran suaves, moderados, de una gran dignidad y elegancia que hac\u00eda que su mensaje, sus ideas calasen en el p\u00fablico. Sus palabras y sus gestos y su gracia en el decir eran como el vestido de su alma. Estos dones del bien decir con encanto y gracia, no s\u00f3lo se daba ante un p\u00fablico reunido sino tambi\u00e9n a nivel individual. Alg\u00fan problemilla le ocasionar\u00eda su \u201cpiquito de oro\u201d, pues su atracci\u00f3n se produc\u00eda\u00a0 desde el primer momento.<\/p>\n<p style=\"text-align: justify;\">Como muestra relatar\u00e9 algo de su vida que es menos conocida y que \u00e9l mismo me cont\u00f3 hace ya muchos a\u00f1os. Ordenado sacerdote en cuba donde vivi\u00f3\u00a0 durante 7 a\u00f1os, fue destinado a una parroquia de poca importancia y de menos feligreses a\u00fan, pues por entonces ten\u00eda solo 25 a\u00f1os. A los tres meses su iglesia estaba tan abarrotada de personas que ten\u00edan que abrir las puertas para que las personas que estaban fuera pudieran participar de los actos religiosos. Y otra cuesti\u00f3n, se pasaba horas en el confesionario porque ten\u00eda largas colas para confesarse, por supuesto que la mayor\u00eda eran mujeres. Naturalmente que este aumento de feligreses en la parroquia de Rogelio fue en detrimento de las otras parroquias y entonces tuvo que intervenir el Obispo que solucion\u00f3 el problema traslad\u00e1ndole a un pueblo apartado donde\u00a0 al poco tiempo volvieron a producirse los mismos hechos.\u00a0 \u00bfQu\u00e9 ten\u00eda aquel joven sacerdote que fascinaba?\u00a0 Pues ideas, pensamientos, convicciones, claridad en la exposici\u00f3n con la gracia y la magia de la voz. Y otro ingrediente m\u00e1s: era guapo y joven. Una mezcla explosiva. El final fue que el Rogelio religioso colg\u00f3 la sotana y se cas\u00f3. \u201cEstaba claro que Dios no me quer\u00eda por este camino\u201d \u2013 me dijo \u2013 Efectivamente, la religi\u00f3n est\u00e1 en el coraz\u00f3n y no en las rodillas.<\/p>\n<p style=\"text-align: justify;\">\u00a0\u00a0\u00a0 En el a\u00f1o 2000 me traslad\u00e9 a Barcelona para impartir una conferencia sobre Fisioterapia, invitado por Rogelio para el congreso organizado por \u00e9l sobre Quiromasaje y terapias manuales. Estuve en su casa y lo primero que vi en la entrada en un perchero fue una sotana. Le pregunt\u00e9 el porqu\u00e9 ten\u00eda colgada all\u00ed aquella sotana y me dijo que para que no olvidara, tanto al salir como al entrar en casa, aunque casado y con hijos, segu\u00eda siendo sacerdote, y por tanto, vigente su misi\u00f3n evangelizadora. Como he dicho antes, son inagotables las an\u00e9cdotas y aventuras de este Rogelio enamorado de la vida, que la ha gastado pero dando luz y calor.<\/p>\n<p style=\"text-align: justify;\">De su faceta como poeta, escritor, ensayista, rapsoda y dem\u00e1s artes literaria, no es necesario decir nada, lo evidente no necesita demostraci\u00f3n, basta con echar un vistazo a su extensa bibliograf\u00eda de variada tem\u00e1tica; revistas, peri\u00f3dicos y, especialmente en Granada Costa, casi 30 a\u00f1os. Es mi deseo destacar otro aspecto de su vida, rica en todo, que es menos conocida, seguramente por la poca importancia que le daba debido a su humildad y generosidad y sus acciones pasaban desapercibidas, pues todo en \u00e9l era sencillo y natural. Lo que deseo destacar de\u00a0 Rogelio es su HUMANIDAD.<\/p>\n<p style=\"text-align: justify;\">\u00a0\u00a0\u00a0 Rogelio hizo suyas aquellas palabras pronunciadas hace 20 siglos por un comedi\u00f3grafo latino: <strong>\u201cSoy hombre: nada de lo que es<\/strong> <strong>humano me es indiferente<\/strong>\u201d.\u00a0 Pero \u00e9l iba mucho m\u00e1s all\u00e1, su sensibilidad era tan grande que la hac\u00eda extensiva hasta los animales, nunca com\u00eda carne porque le recordaba el sacrificio del animal. Ante el sufrimiento humano nunca se quedaba parado lament\u00e1ndolo sino que actuaba de la forma m\u00e1s imprevista, unas veces con la palabra, porque\u00a0 ten\u00eda gran poder de persuasi\u00f3n o cont\u00e1ndole un chiste. Y si su sufrimiento o tristeza era por una causa material, de su parca econom\u00eda repart\u00eda su dinero sin esperar a que se lo devolvieran.<\/p>\n<p style=\"text-align: justify;\">\u00a0\u00a0\u00a0 En cierta ocasi\u00f3n, en Granada, despu\u00e9s de las clases en la escuela, me invit\u00f3 a comer y cuando \u00edbamos al restaurante, en la portada de una iglesia vimos a un pobre sentado\u00a0 en el escal\u00f3n con un letrero que dec\u00eda: <strong>\u201ctengo 5 hijos y no tengo para darles de<\/strong> <strong>comer\u201d<\/strong>. En aquel momento, sin decir nada, se meti\u00f3 la mano en un bolsillo y sac\u00f3 unos cuantos billetes (entonces pesetas) y se las dio y continuamos nuestro camino hacia el restaurante. Algo notar\u00eda en mi gesto cuando me dijo<strong>: \u201cjuntar las manos para rezar bien est\u00e1; abrirlas para dar es mucho mejor\u201d<\/strong>. Aquella invitaci\u00f3n de Rogelio se convirti\u00f3 en invitado porque tuve que pagar yo, se lo hab\u00eda dado todo a aquel pobre con 5 hijos hambrientos. Rogelio era as\u00ed m\u00e1s que generoso magn\u00e1nimo. en otra ocasi\u00f3n le pregunt\u00e9 por los ingresos que le proporcionaban las diferentes escuelas que ten\u00eda por toda la geograf\u00eda espa\u00f1ola. Su contestaci\u00f3n fue la de un mal empresario: \u201clo comido por lo servido, y en algunas con p\u00e9rdidas\u201d. Le suger\u00ed por qu\u00e9 no cerraba\u00a0 las que no fueran rentables y me contest\u00f3\u00a0 con unos versos de la poetisa americana Emily Dickinson: <strong>\u201cSi consigo evitar\/ que un coraz\u00f3n se rompa\/ no habr\u00e9 vivido en vano.\/ Si consigo aliviar el dolor de una vida\/ o calmar una pena\/ o tan s\u00f3lo que vuelva el petirrojo\/ desvalido a su nido,\/ no habr\u00e9 vivido<\/strong> <strong>en vano\u201d.<\/strong><\/p>\n<p style=\"text-align: justify;\">Siempre ten\u00eda a punto las palabras adecuadas para justificar lo que hac\u00eda, y adem\u00e1s, \u201clas palabras m\u00e1s bellas puestas en el mejor orden\u201d, como afirmaba Azor\u00edn que era la poes\u00eda.<\/p>\n<p style=\"text-align: justify;\">\u00c9l sab\u00eda que los alumnos que se formaban en su escuela iban a hacer el bien, a aliviar muchos sufrimientos y esa era la causa por las que las manten\u00eda abiertas sin rentabilidad.<\/p>\n<p style=\"text-align: justify;\">\u00a0\u00a0\u00a0\u00a0\u00a0\u00a0\u00a0\u00a0 Si aventureras, admirables y fascinantes han sido todas las etapas de su vida, su ep\u00edlogo ha sido heroico, pues fue capaz de enfrentarse al destino y vencerlo. Todos los que le conocemos sabemos por el triste y penoso trance por el que ha tenido que pasar sin derrumbarse, que fue la amputaci\u00f3n de sus piernas, y en ning\u00fan momento se revel\u00f3 contra su mala suerte o contra la Providencia, sino que lo acept\u00f3 con la filosof\u00eda estoica m\u00e1s severa, con dignidad y compostura, con la sabia y dulce resignaci\u00f3n del convencido cristiano. Es muy dif\u00edcil ser as\u00ed, es muy duro. En el peri\u00f3dico Granada costa a\u00f1o 2009 nos mand\u00f3 el siguiente mensaje:\u201dpara vuestra tranquilidad os informo que desde este accidente ni ha disminuido mi sentido del humor ni mi creatividad (con el gozo inherente a la misma), ni he experimentado decaimiento, depresi\u00f3n ni nada emocionalmente negativo\u2026\u201d\u00a0 Y as\u00ed fue hasta el final. Hace falta ser m\u00e1s que un hombre para este comportamiento sublime.<\/p>\n<p style=\"text-align: justify;\">\u00a0\u00a0\u00a0\u00a0 Tal como hemos pintado a Rogelio alguien puede pensar que era insensible al dolor. Quien as\u00ed lo piense se equivoca. Tuvo unos dolores insoportables que no se calmaban con analg\u00e9sicos, am\u00e9n de otras muchas incomodidades y sacrificios. Cuando me llamaba por tel\u00e9fono que en los \u00faltimos a\u00f1os era a diario, primero me contaba un chiste, <strong>\u201cpara enga\u00f1ar al dolor<\/strong>\u201d, y a continuaci\u00f3n dec\u00eda: \u201ctocayo, esto es muy duro de aguantar, muy duro\u201d.<\/p>\n<p style=\"text-align: justify;\">Con estos sufrimientos ha vivido durante 11 a\u00f1os, <strong>con el dolor por dentro pero con la fachada compuesta. <\/strong>Cuando le preguntaba de d\u00f3nde sacaba la fuerza para soportar tantos dolores me contestaba: \u201cPues mira, chico, con <strong>LUZ DE ARRIBA<\/strong>\u201d.<\/p>\n<p style=\"text-align: justify;\">\u00a0\u00a0\u00a0\u00a0\u00a0\u00a0\u00a0\u00a0 Ahora que su cuerpo no est\u00e1 con nosotros pero s\u00ed su esp\u00edritu, me vienen a la memoria infinidad de recuerdos y reflexiones que me hacen comprender su fortaleza frente al sufrimiento, y veo con mayor claridad aquel pensamiento del Papa Pablo VI: <strong>\u201cHay algo en el hombre que supera al hombre, hay en \u00e9l un reflejo que tiene algo de misterio, de divino\u201d.<\/strong><\/p>\n<p style=\"text-align: justify;\">\u00a0\u00a0\u00a0\u00a0\u00a0\u00a0\u00a0\u00a0 \u00c9ste es el Rogelio que ya descansa y goza en el seno de Dios porque se lo ha ganado, pero su esp\u00edritu siempre estar\u00e1 entre nosotros.<\/p>\n<p style=\"text-align: right;\">\u00a0\u00a0\u00a0\u00a0\u00a0\u00a0\u00a0\u00a0\u00a0\u00a0\u00a0\u00a0\u00a0\u00a0\u00a0\u00a0\u00a0\u00a0\u00a0\u00a0\u00a0\u00a0\u00a0\u00a0\u00a0\u00a0\u00a0 ROGELIO\u00a0 BUSTOS<\/p>\n<p style=\"text-align: right;\"><a href=\"https:\/\/www.valenzuela.es\/\"><img decoding=\"async\" loading=\"lazy\" class=\"aligncenter wp-image-26234 size-medium\" src=\"http:\/\/granadacostanacional.es\/wp-content\/uploads\/2020\/11\/Valenzuela-300x247.gif\" alt=\"Valenzuela\" width=\"300\" height=\"247\" \/><\/a><\/p>\n","protected":false},"excerpt":{"rendered":"<p>Rogelio Bustos en compa\u00f1\u00eda de Rogelio Garrido El gran poeta de sensibilidad exquisita, el escritor de prosa limpia y amena,&hellip;<\/p>\n","protected":false},"author":2,"featured_media":26770,"comment_status":"open","ping_status":"open","sticky":false,"template":"","format":"standard","meta":{"om_disable_all_campaigns":false,"_mi_skip_tracking":false,"_monsterinsights_sitenote_active":false,"_monsterinsights_sitenote_note":"","_monsterinsights_sitenote_category":0,"footnotes":""},"categories":[21,30],"tags":[],"aioseo_notices":[],"_links":{"self":[{"href":"https:\/\/granadacostaglobal.es\/index.php?rest_route=\/wp\/v2\/posts\/26769"}],"collection":[{"href":"https:\/\/granadacostaglobal.es\/index.php?rest_route=\/wp\/v2\/posts"}],"about":[{"href":"https:\/\/granadacostaglobal.es\/index.php?rest_route=\/wp\/v2\/types\/post"}],"author":[{"embeddable":true,"href":"https:\/\/granadacostaglobal.es\/index.php?rest_route=\/wp\/v2\/users\/2"}],"replies":[{"embeddable":true,"href":"https:\/\/granadacostaglobal.es\/index.php?rest_route=%2Fwp%2Fv2%2Fcomments&post=26769"}],"version-history":[{"count":0,"href":"https:\/\/granadacostaglobal.es\/index.php?rest_route=\/wp\/v2\/posts\/26769\/revisions"}],"wp:featuredmedia":[{"embeddable":true,"href":"https:\/\/granadacostaglobal.es\/index.php?rest_route=\/"}],"wp:attachment":[{"href":"https:\/\/granadacostaglobal.es\/index.php?rest_route=%2Fwp%2Fv2%2Fmedia&parent=26769"}],"wp:term":[{"taxonomy":"category","embeddable":true,"href":"https:\/\/granadacostaglobal.es\/index.php?rest_route=%2Fwp%2Fv2%2Fcategories&post=26769"},{"taxonomy":"post_tag","embeddable":true,"href":"https:\/\/granadacostaglobal.es\/index.php?rest_route=%2Fwp%2Fv2%2Ftags&post=26769"}],"curies":[{"name":"wp","href":"https:\/\/api.w.org\/{rel}","templated":true}]}}